{"id":5830,"date":"2023-11-22T19:50:47","date_gmt":"2023-11-22T18:50:47","guid":{"rendered":"https:\/\/www.montendre.se\/?p=5830"},"modified":"2023-11-22T19:50:47","modified_gmt":"2023-11-22T18:50:47","slug":"22-november-2023","status":"publish","type":"post","link":"https:\/\/www.montendre.se\/?p=5830","title":{"rendered":"22 november 2023"},"content":{"rendered":"<p>Mest mulet, n\u00e5gra solglimtar p\u00e5 eftermiddagen. Kylig nordanvind. Stod man i l\u00e4 och det var sol var det sk\u00f6nt. 12 grader i skuggan.<\/p>\n<p>Ett bageri ska st\u00e4nga nu i slutet av november. Det var det senast \u00f6ppnade och hade v\u00e4l inte perfekta baguetter i b\u00f6rjan men nu \u00e4r de riktigt bra faktiskt. Det \u00e4r bageriet som ligger p\u00e5 gatan upp till torget. Trist att de st\u00e4nger men jag f\u00f6rst\u00e5r dem. Hur m\u00e5nga baguetter m\u00e5ste man inte s\u00e4lja f\u00f6r att f\u00e5 ihop till l\u00f6n och hyra?<\/p>\n<p>Magnolia 2 \u00f6verlevde den torra perioden i somras. Kul.<\/p>\n<p><a href=\"https:\/\/www.montendre.se\/wp-content\/uploads\/2023\/11\/IMG_2366.jpeg\"><img loading=\"lazy\" decoding=\"async\" class=\"size-medium wp-image-5832 aligncenter\" src=\"https:\/\/www.montendre.se\/wp-content\/uploads\/2023\/11\/IMG_2366-225x300.jpeg\" alt=\"\" width=\"225\" height=\"300\" srcset=\"https:\/\/www.montendre.se\/wp-content\/uploads\/2023\/11\/IMG_2366-225x300.jpeg 225w, https:\/\/www.montendre.se\/wp-content\/uploads\/2023\/11\/IMG_2366.jpeg 480w\" sizes=\"(max-width: 225px) 100vw, 225px\" \/><\/a><\/p>\n<p>Och huvudtr\u00e4det p\u00e5 valn\u00f6ten ser d\u00f6tt ut men utskottet fr\u00e5n roten verkar frodas.<\/p>\n<p><a href=\"https:\/\/www.montendre.se\/wp-content\/uploads\/2023\/11\/IMG_2368.jpeg\"><img loading=\"lazy\" decoding=\"async\" class=\"size-medium wp-image-5831 aligncenter\" src=\"https:\/\/www.montendre.se\/wp-content\/uploads\/2023\/11\/IMG_2368-225x300.jpeg\" alt=\"\" width=\"225\" height=\"300\" srcset=\"https:\/\/www.montendre.se\/wp-content\/uploads\/2023\/11\/IMG_2368-225x300.jpeg 225w, https:\/\/www.montendre.se\/wp-content\/uploads\/2023\/11\/IMG_2368.jpeg 480w\" sizes=\"(max-width: 225px) 100vw, 225px\" \/><\/a>Installation av en v\u00e4rmepump till idag i v\u00e5rt sovrum. Tog hela dagen i princip. Och han kom tidigt s\u00e5 jag fick g\u00e5 upp vid sju. Vilken semester&#8230; \ud83d\ude09<\/p>\n<p>Vi flyttade kl\u00e4dsk\u00e5pet till andra sidan av rummet f\u00f6r att det skulle bli b\u00e4ttre med v\u00e4rmepumpen. Detaljer med byr\u00e5 och stol \u00e4r inte riktig klara. Och sk\u00e5pet ska l\u00e4ngre in i h\u00f6rnet n\u00e4r jag tagit bort eller flyttat ett uttag som sitter d\u00e4r bakom.<\/p>\n<p><a href=\"https:\/\/www.montendre.se\/wp-content\/uploads\/2023\/11\/IMG_2401.jpeg\"><img loading=\"lazy\" decoding=\"async\" class=\"alignnone size-medium wp-image-5837\" src=\"https:\/\/www.montendre.se\/wp-content\/uploads\/2023\/11\/IMG_2401-225x300.jpeg\" alt=\"\" width=\"225\" height=\"300\" srcset=\"https:\/\/www.montendre.se\/wp-content\/uploads\/2023\/11\/IMG_2401-225x300.jpeg 225w, https:\/\/www.montendre.se\/wp-content\/uploads\/2023\/11\/IMG_2401.jpeg 480w\" sizes=\"(max-width: 225px) 100vw, 225px\" \/><\/a> <a href=\"https:\/\/www.montendre.se\/wp-content\/uploads\/2023\/11\/IMG_2402.jpeg\"><img loading=\"lazy\" decoding=\"async\" class=\"alignnone size-medium wp-image-5838\" src=\"https:\/\/www.montendre.se\/wp-content\/uploads\/2023\/11\/IMG_2402-225x300.jpeg\" alt=\"\" width=\"225\" height=\"300\" srcset=\"https:\/\/www.montendre.se\/wp-content\/uploads\/2023\/11\/IMG_2402-225x300.jpeg 225w, https:\/\/www.montendre.se\/wp-content\/uploads\/2023\/11\/IMG_2402.jpeg 480w\" sizes=\"(max-width: 225px) 100vw, 225px\" \/><\/a><\/p>\n<p>Jag har tapetserat ett antal v\u00e5der i matrummet (v\u00e5der p\u00e5 v\u00e4nstra v\u00e4ggen i bilden). F\u00f6rst var det h\u00f6rnet som ju alltid \u00e4r knepigt, speciellt med skeva v\u00e4ggar, s\u00e5 det tog lite tid. Har \u00e4ven spacklat lite runt d\u00f6rren ut till toa-hallen s\u00e5 d\u00e4r kan jag m\u00e5la i morgon och n\u00e4r f\u00e4rgen torkat d\u00e4r kan jag tapetsera vidare p\u00e5 den v\u00e4ggen.<\/p>\n<p><a href=\"https:\/\/www.montendre.se\/wp-content\/uploads\/2023\/11\/IMG_2397.jpeg\"><img loading=\"lazy\" decoding=\"async\" class=\"size-medium wp-image-5839 aligncenter\" src=\"https:\/\/www.montendre.se\/wp-content\/uploads\/2023\/11\/IMG_2397-300x225.jpeg\" alt=\"\" width=\"300\" height=\"225\" srcset=\"https:\/\/www.montendre.se\/wp-content\/uploads\/2023\/11\/IMG_2397-300x225.jpeg 300w, https:\/\/www.montendre.se\/wp-content\/uploads\/2023\/11\/IMG_2397-268x200.jpeg 268w, https:\/\/www.montendre.se\/wp-content\/uploads\/2023\/11\/IMG_2397.jpeg 640w\" sizes=\"(max-width: 300px) 100vw, 300px\" \/><\/a>Middag hemma, pizza fr\u00e5n ny\u00f6ppnat st\u00e4lle <a href=\"https:\/\/le-yami-restaurant.eatbu.com\/?lang=fr\">Yami<\/a>. Man kan best\u00e4lla online t.o.m. Var god pizza i alla fall, sparris, kron\u00e4rtskockor, championer, oliver, mm Ligger p\u00e5 v\u00e4gen upp till &#8221;torget&#8221; s\u00e5 jag slipper k\u00f6ra bil.<\/p>\n<p>&nbsp;<\/p>\n","protected":false},"excerpt":{"rendered":"<p>Mest mulet, n\u00e5gra solglimtar p\u00e5 eftermiddagen. Kylig nordanvind. Stod man i l\u00e4 och det var sol var det sk\u00f6nt. 12 grader i skuggan. Ett bageri ska st\u00e4nga nu i slutet av november. Det var det senast \u00f6ppnade och hade v\u00e4l inte perfekta baguetter i b\u00f6rjan men nu \u00e4r de riktigt &#8230;<\/p>\n","protected":false},"author":1,"featured_media":0,"comment_status":"open","ping_status":"open","sticky":false,"template":"","format":"standard","meta":{"jetpack_post_was_ever_published":false,"_jetpack_newsletter_access":"","_jetpack_dont_email_post_to_subs":false,"_jetpack_newsletter_tier_id":0,"footnotes":""},"categories":[87],"tags":[],"jetpack_sharing_enabled":true,"jetpack_featured_media_url":"","_links":{"self":[{"href":"https:\/\/www.montendre.se\/index.php?rest_route=\/wp\/v2\/posts\/5830"}],"collection":[{"href":"https:\/\/www.montendre.se\/index.php?rest_route=\/wp\/v2\/posts"}],"about":[{"href":"https:\/\/www.montendre.se\/index.php?rest_route=\/wp\/v2\/types\/post"}],"author":[{"embeddable":true,"href":"https:\/\/www.montendre.se\/index.php?rest_route=\/wp\/v2\/users\/1"}],"replies":[{"embeddable":true,"href":"https:\/\/www.montendre.se\/index.php?rest_route=%2Fwp%2Fv2%2Fcomments&post=5830"}],"version-history":[{"count":7,"href":"https:\/\/www.montendre.se\/index.php?rest_route=\/wp\/v2\/posts\/5830\/revisions"}],"predecessor-version":[{"id":5842,"href":"https:\/\/www.montendre.se\/index.php?rest_route=\/wp\/v2\/posts\/5830\/revisions\/5842"}],"wp:attachment":[{"href":"https:\/\/www.montendre.se\/index.php?rest_route=%2Fwp%2Fv2%2Fmedia&parent=5830"}],"wp:term":[{"taxonomy":"category","embeddable":true,"href":"https:\/\/www.montendre.se\/index.php?rest_route=%2Fwp%2Fv2%2Fcategories&post=5830"},{"taxonomy":"post_tag","embeddable":true,"href":"https:\/\/www.montendre.se\/index.php?rest_route=%2Fwp%2Fv2%2Ftags&post=5830"}],"curies":[{"name":"wp","href":"https:\/\/api.w.org\/{rel}","templated":true}]}}