{"id":5816,"date":"2023-11-21T18:55:33","date_gmt":"2023-11-21T17:55:33","guid":{"rendered":"https:\/\/www.montendre.se\/?p=5816"},"modified":"2023-11-21T18:55:33","modified_gmt":"2023-11-21T17:55:33","slug":"21-november-2023","status":"publish","type":"post","link":"https:\/\/www.montendre.se\/?p=5816","title":{"rendered":"21 november 2023"},"content":{"rendered":"<p>Sen morgon pga sen l\u00e4ggtid. Molnigt p\u00e5 f\u00f6rmiddagen, lite v\u00e4xlande molnighet p\u00e5 eftermiddagen.<\/p>\n<p>Har ramat in min gamla &#8221;flygplansbild&#8221; som jag k\u00f6pte i Blaye under f\u00f6rra resan. Ram och glas hade klarat transporten.<\/p>\n<p><a href=\"https:\/\/www.montendre.se\/wp-content\/uploads\/2023\/11\/IMG_2363-1-scaled.jpeg\"><img loading=\"lazy\" decoding=\"async\" class=\"size-medium wp-image-5819 aligncenter\" src=\"https:\/\/www.montendre.se\/wp-content\/uploads\/2023\/11\/IMG_2363-1-225x300.jpeg\" alt=\"\" width=\"225\" height=\"300\" srcset=\"https:\/\/www.montendre.se\/wp-content\/uploads\/2023\/11\/IMG_2363-1-225x300.jpeg 225w, https:\/\/www.montendre.se\/wp-content\/uploads\/2023\/11\/IMG_2363-1-768x1024.jpeg 768w, https:\/\/www.montendre.se\/wp-content\/uploads\/2023\/11\/IMG_2363-1-1152x1536.jpeg 1152w, https:\/\/www.montendre.se\/wp-content\/uploads\/2023\/11\/IMG_2363-1-1536x2048.jpeg 1536w, https:\/\/www.montendre.se\/wp-content\/uploads\/2023\/11\/IMG_2363-1-700x933.jpeg 700w, https:\/\/www.montendre.se\/wp-content\/uploads\/2023\/11\/IMG_2363-1-scaled.jpeg 1920w\" sizes=\"(max-width: 225px) 100vw, 225px\" \/><\/a><\/p>\n<p>Finns lite blommor i tr\u00e4dg\u00e5rden trots sent i november.<\/p>\n<p><a href=\"https:\/\/www.montendre.se\/wp-content\/uploads\/2023\/11\/IMG_2370.jpeg\"><img loading=\"lazy\" decoding=\"async\" class=\"size-medium wp-image-5820 aligncenter\" src=\"https:\/\/www.montendre.se\/wp-content\/uploads\/2023\/11\/IMG_2370-300x225.jpeg\" alt=\"\" width=\"300\" height=\"225\" srcset=\"https:\/\/www.montendre.se\/wp-content\/uploads\/2023\/11\/IMG_2370-300x225.jpeg 300w, https:\/\/www.montendre.se\/wp-content\/uploads\/2023\/11\/IMG_2370-268x200.jpeg 268w, https:\/\/www.montendre.se\/wp-content\/uploads\/2023\/11\/IMG_2370.jpeg 640w\" sizes=\"(max-width: 300px) 100vw, 300px\" \/><\/a><\/p>\n<p><a href=\"https:\/\/www.montendre.se\/wp-content\/uploads\/2023\/11\/IMG_2378.jpeg\"><img loading=\"lazy\" decoding=\"async\" class=\"size-medium wp-image-5825 aligncenter\" src=\"https:\/\/www.montendre.se\/wp-content\/uploads\/2023\/11\/IMG_2378-225x300.jpeg\" alt=\"\" width=\"225\" height=\"300\" srcset=\"https:\/\/www.montendre.se\/wp-content\/uploads\/2023\/11\/IMG_2378-225x300.jpeg 225w, https:\/\/www.montendre.se\/wp-content\/uploads\/2023\/11\/IMG_2378.jpeg 480w\" sizes=\"(max-width: 225px) 100vw, 225px\" \/><\/a><\/p>\n<p>Ett annat persikotr\u00e4d har kn\u00e4ckts av de senaste veckornas bl\u00e5st (n\u00e4stan storm).<\/p>\n<p><a href=\"https:\/\/www.montendre.se\/wp-content\/uploads\/2023\/11\/IMG_2365.jpeg\"><img loading=\"lazy\" decoding=\"async\" class=\"size-medium wp-image-5821 aligncenter\" src=\"https:\/\/www.montendre.se\/wp-content\/uploads\/2023\/11\/IMG_2365-300x225.jpeg\" alt=\"\" width=\"300\" height=\"225\" srcset=\"https:\/\/www.montendre.se\/wp-content\/uploads\/2023\/11\/IMG_2365-300x225.jpeg 300w, https:\/\/www.montendre.se\/wp-content\/uploads\/2023\/11\/IMG_2365-268x200.jpeg 268w, https:\/\/www.montendre.se\/wp-content\/uploads\/2023\/11\/IMG_2365.jpeg 640w\" sizes=\"(max-width: 300px) 100vw, 300px\" \/><\/a><\/p>\n<p>Tog in Klippo och satte honom i k\u00e4llaren. Tog \u00e4ven in vattentunnorna och gjorde rent allt d\u00e4r.<\/p>\n<p>Fortsatte med matrummet. Slipade det jag spacklade senast. Funderar p\u00e5 hur jag ska hantera elledningarna. Jag gillar ju inte de vita, fula kabelkanalerna. S\u00e5 helst skulle jag vilja l\u00e4gga kabeln bakom tapeten. Verkar dock knepigt. Forts\u00e4ttning f\u00f6ljer.<\/p>\n<p><a href=\"https:\/\/www.montendre.se\/wp-content\/uploads\/2023\/11\/IMG_2379.jpeg\"><img loading=\"lazy\" decoding=\"async\" class=\"size-medium wp-image-5827 aligncenter\" src=\"https:\/\/www.montendre.se\/wp-content\/uploads\/2023\/11\/IMG_2379-225x300.jpeg\" alt=\"\" width=\"225\" height=\"300\" srcset=\"https:\/\/www.montendre.se\/wp-content\/uploads\/2023\/11\/IMG_2379-225x300.jpeg 225w, https:\/\/www.montendre.se\/wp-content\/uploads\/2023\/11\/IMG_2379.jpeg 480w\" sizes=\"(max-width: 225px) 100vw, 225px\" \/><\/a>Middag hemma, f\u00e5rostpasta.<\/p>\n","protected":false},"excerpt":{"rendered":"<p>Sen morgon pga sen l\u00e4ggtid. Molnigt p\u00e5 f\u00f6rmiddagen, lite v\u00e4xlande molnighet p\u00e5 eftermiddagen. Har ramat in min gamla &#8221;flygplansbild&#8221; som jag k\u00f6pte i Blaye under f\u00f6rra resan. Ram och glas hade klarat transporten. Finns lite blommor i tr\u00e4dg\u00e5rden trots sent i november. Ett annat persikotr\u00e4d har kn\u00e4ckts av de senaste &#8230;<\/p>\n","protected":false},"author":1,"featured_media":0,"comment_status":"open","ping_status":"open","sticky":false,"template":"","format":"standard","meta":{"jetpack_post_was_ever_published":false,"_jetpack_newsletter_access":"","_jetpack_dont_email_post_to_subs":false,"_jetpack_newsletter_tier_id":0,"footnotes":""},"categories":[87],"tags":[],"jetpack_sharing_enabled":true,"jetpack_featured_media_url":"","_links":{"self":[{"href":"https:\/\/www.montendre.se\/index.php?rest_route=\/wp\/v2\/posts\/5816"}],"collection":[{"href":"https:\/\/www.montendre.se\/index.php?rest_route=\/wp\/v2\/posts"}],"about":[{"href":"https:\/\/www.montendre.se\/index.php?rest_route=\/wp\/v2\/types\/post"}],"author":[{"embeddable":true,"href":"https:\/\/www.montendre.se\/index.php?rest_route=\/wp\/v2\/users\/1"}],"replies":[{"embeddable":true,"href":"https:\/\/www.montendre.se\/index.php?rest_route=%2Fwp%2Fv2%2Fcomments&post=5816"}],"version-history":[{"count":6,"href":"https:\/\/www.montendre.se\/index.php?rest_route=\/wp\/v2\/posts\/5816\/revisions"}],"predecessor-version":[{"id":5828,"href":"https:\/\/www.montendre.se\/index.php?rest_route=\/wp\/v2\/posts\/5816\/revisions\/5828"}],"wp:attachment":[{"href":"https:\/\/www.montendre.se\/index.php?rest_route=%2Fwp%2Fv2%2Fmedia&parent=5816"}],"wp:term":[{"taxonomy":"category","embeddable":true,"href":"https:\/\/www.montendre.se\/index.php?rest_route=%2Fwp%2Fv2%2Fcategories&post=5816"},{"taxonomy":"post_tag","embeddable":true,"href":"https:\/\/www.montendre.se\/index.php?rest_route=%2Fwp%2Fv2%2Ftags&post=5816"}],"curies":[{"name":"wp","href":"https:\/\/api.w.org\/{rel}","templated":true}]}}