{"id":5804,"date":"2023-09-27T22:47:19","date_gmt":"2023-09-27T20:47:19","guid":{"rendered":"https:\/\/www.montendre.se\/?p=5804"},"modified":"2023-09-27T22:47:19","modified_gmt":"2023-09-27T20:47:19","slug":"27-september-2023","status":"publish","type":"post","link":"https:\/\/www.montendre.se\/?p=5804","title":{"rendered":"27 september 2023"},"content":{"rendered":"<p>Hemresedag. Packade ihop lite snabbt och fixade all elektronik och fyllde vattentunnan. \u00c5kte fr\u00e5n huset vid halv tolv.<\/p>\n<p>Flyget gick 13:55 men blev f\u00f6rsenat en timme ungef\u00e4r. Eftersom bytestiden i Paris var 50 minuter blev det lite tight. Men hon i incheckningen i Bordeaux sa att n\u00e4sta plan blir kanske ocks\u00e5 f\u00f6rsenat och &#8221;med en rask promenad hinner du nog&#8221;. Optimtist.<\/p>\n<p>Jag hade sett att planet Stockholm-Paris var lite f\u00f6rsenat redan innan Bordeaux-Paris startade s\u00e5 n\u00e4r vi landade i Paris sprang jag f\u00f6r att hinna med planet till Stockholm. Sedan visade det sig att det var samma plan som gick Bordeaux-Paris som Paris-Stockholm. S\u00e5 det var ingen br\u00e5dska d\u00e4r inte&#8230; N\u00e5v\u00e4l, jag kom hem en dryg timme sent (halv tio ungef\u00e4r) men bagaget var med.<\/p>\n<p>Den h\u00e4r v\u00e4nstra symbolen har jag inte sett tidigare p\u00e5 planen. F\u00f6rut var det ju symbol f\u00f6r att r\u00f6kning var f\u00f6rbjuden. Man kan undra vad det \u00e4r f\u00f6r sak till h\u00f6ger om datorn? En gammal iPod?<\/p>\n<p><a href=\"https:\/\/www.montendre.se\/wp-content\/uploads\/2023\/09\/IMG_2280.jpg\"><img loading=\"lazy\" decoding=\"async\" class=\"size-medium wp-image-5807 aligncenter\" src=\"https:\/\/www.montendre.se\/wp-content\/uploads\/2023\/09\/IMG_2280-300x225.jpg\" alt=\"\" width=\"300\" height=\"225\" srcset=\"https:\/\/www.montendre.se\/wp-content\/uploads\/2023\/09\/IMG_2280-300x225.jpg 300w, https:\/\/www.montendre.se\/wp-content\/uploads\/2023\/09\/IMG_2280-1024x768.jpg 1024w, https:\/\/www.montendre.se\/wp-content\/uploads\/2023\/09\/IMG_2280-768x576.jpg 768w, https:\/\/www.montendre.se\/wp-content\/uploads\/2023\/09\/IMG_2280-1536x1152.jpg 1536w, https:\/\/www.montendre.se\/wp-content\/uploads\/2023\/09\/IMG_2280-268x200.jpg 268w, https:\/\/www.montendre.se\/wp-content\/uploads\/2023\/09\/IMG_2280-700x525.jpg 700w, https:\/\/www.montendre.se\/wp-content\/uploads\/2023\/09\/IMG_2280.jpg 2016w\" sizes=\"(max-width: 300px) 100vw, 300px\" \/><\/a><\/p>\n<p>Bil-m\u00e4ssigt var det bra restider \u00e5t b\u00e5da h\u00e5ll, inga k\u00f6er alls p\u00e5 motorv\u00e4gen. D\u00e5 tar det ungef\u00e4r 55 minuter Montendre-flygplatsen.<\/p>\n","protected":false},"excerpt":{"rendered":"<p>Hemresedag. Packade ihop lite snabbt och fixade all elektronik och fyllde vattentunnan. \u00c5kte fr\u00e5n huset vid halv tolv. Flyget gick 13:55 men blev f\u00f6rsenat en timme ungef\u00e4r. Eftersom bytestiden i Paris var 50 minuter blev det lite tight. Men hon i incheckningen i Bordeaux sa att n\u00e4sta plan blir kanske &#8230;<\/p>\n","protected":false},"author":1,"featured_media":0,"comment_status":"open","ping_status":"open","sticky":false,"template":"","format":"standard","meta":{"jetpack_post_was_ever_published":false,"_jetpack_newsletter_access":"","_jetpack_dont_email_post_to_subs":false,"_jetpack_newsletter_tier_id":0,"footnotes":""},"categories":[86],"tags":[],"jetpack_sharing_enabled":true,"jetpack_featured_media_url":"","_links":{"self":[{"href":"https:\/\/www.montendre.se\/index.php?rest_route=\/wp\/v2\/posts\/5804"}],"collection":[{"href":"https:\/\/www.montendre.se\/index.php?rest_route=\/wp\/v2\/posts"}],"about":[{"href":"https:\/\/www.montendre.se\/index.php?rest_route=\/wp\/v2\/types\/post"}],"author":[{"embeddable":true,"href":"https:\/\/www.montendre.se\/index.php?rest_route=\/wp\/v2\/users\/1"}],"replies":[{"embeddable":true,"href":"https:\/\/www.montendre.se\/index.php?rest_route=%2Fwp%2Fv2%2Fcomments&post=5804"}],"version-history":[{"count":5,"href":"https:\/\/www.montendre.se\/index.php?rest_route=\/wp\/v2\/posts\/5804\/revisions"}],"predecessor-version":[{"id":5810,"href":"https:\/\/www.montendre.se\/index.php?rest_route=\/wp\/v2\/posts\/5804\/revisions\/5810"}],"wp:attachment":[{"href":"https:\/\/www.montendre.se\/index.php?rest_route=%2Fwp%2Fv2%2Fmedia&parent=5804"}],"wp:term":[{"taxonomy":"category","embeddable":true,"href":"https:\/\/www.montendre.se\/index.php?rest_route=%2Fwp%2Fv2%2Fcategories&post=5804"},{"taxonomy":"post_tag","embeddable":true,"href":"https:\/\/www.montendre.se\/index.php?rest_route=%2Fwp%2Fv2%2Ftags&post=5804"}],"curies":[{"name":"wp","href":"https:\/\/api.w.org\/{rel}","templated":true}]}}