{"id":5789,"date":"2023-09-27T09:53:46","date_gmt":"2023-09-27T07:53:46","guid":{"rendered":"https:\/\/www.montendre.se\/?p=5789"},"modified":"2023-09-27T09:53:46","modified_gmt":"2023-09-27T07:53:46","slug":"26-september-2023","status":"publish","type":"post","link":"https:\/\/www.montendre.se\/?p=5789","title":{"rendered":"26 september 2023"},"content":{"rendered":"<p>Soligt n\u00e4stan hela dagen, 26 grader p\u00e5 eftermiddagen.<\/p>\n<p>Lite sm\u00e5pyssel idag. \u00c5kte iv\u00e4g till Husqvarna-reparat\u00f6ren med Klippo. Klippo har ju signalerat kollision lite d\u00e5 och d\u00e5 trots att den inte varit i n\u00e4rheten av kollision och till slut signalerade den kollision hela tiden och gick inte att starta. Husqvarna-verkstaden:<\/p>\n<p><a href=\"https:\/\/www.montendre.se\/wp-content\/uploads\/2023\/09\/image4.jpeg\"><img loading=\"lazy\" decoding=\"async\" class=\"size-medium wp-image-5793 aligncenter\" src=\"https:\/\/www.montendre.se\/wp-content\/uploads\/2023\/09\/image4-300x225.jpeg\" alt=\"\" width=\"300\" height=\"225\" srcset=\"https:\/\/www.montendre.se\/wp-content\/uploads\/2023\/09\/image4-300x225.jpeg 300w, https:\/\/www.montendre.se\/wp-content\/uploads\/2023\/09\/image4-1024x768.jpeg 1024w, https:\/\/www.montendre.se\/wp-content\/uploads\/2023\/09\/image4-768x576.jpeg 768w, https:\/\/www.montendre.se\/wp-content\/uploads\/2023\/09\/image4-1536x1152.jpeg 1536w, https:\/\/www.montendre.se\/wp-content\/uploads\/2023\/09\/image4-268x200.jpeg 268w, https:\/\/www.montendre.se\/wp-content\/uploads\/2023\/09\/image4-700x525.jpeg 700w, https:\/\/www.montendre.se\/wp-content\/uploads\/2023\/09\/image4.jpeg 2016w\" sizes=\"(max-width: 300px) 100vw, 300px\" \/><\/a><\/p>\n<p>De fixade den p\u00e5 15-20 minuter. Tog betalt f\u00f6r reservdelar som ju \u00e4r r\u00e4tt dyra eftersom det \u00e4r Husqvarna, 49\u20ac. Sk\u00f6nt att ha en Husqvarna-reparat\u00f6r s\u00e5 n\u00e4ra, \u00e4r bara 15 minuter bort med bil.<\/p>\n<p>Besprutade lite tr\u00e4maskh\u00e5l (mest i matrummet) och tog ut tre d\u00f6da sparvar fr\u00e5n kaminen.<\/p>\n<p>Sedan lite spackling i matrummet.<\/p>\n<p><a href=\"https:\/\/www.montendre.se\/wp-content\/uploads\/2023\/09\/image2-rotated.jpeg\"><img loading=\"lazy\" decoding=\"async\" class=\"size-medium wp-image-5792 aligncenter\" src=\"https:\/\/www.montendre.se\/wp-content\/uploads\/2023\/09\/image2-225x300.jpeg\" alt=\"\" width=\"225\" height=\"300\" srcset=\"https:\/\/www.montendre.se\/wp-content\/uploads\/2023\/09\/image2-225x300.jpeg 225w, https:\/\/www.montendre.se\/wp-content\/uploads\/2023\/09\/image2-768x1024.jpeg 768w, https:\/\/www.montendre.se\/wp-content\/uploads\/2023\/09\/image2-1152x1536.jpeg 1152w, https:\/\/www.montendre.se\/wp-content\/uploads\/2023\/09\/image2-700x933.jpeg 700w, https:\/\/www.montendre.se\/wp-content\/uploads\/2023\/09\/image2-rotated.jpeg 1512w\" sizes=\"(max-width: 225px) 100vw, 225px\" \/><\/a><\/p>\n<p>Och lite pysslande i tr\u00e4dg\u00e5rden. Klippte bland annat ner buxbomscirkeln som ju torkat ut r\u00e4tt rej\u00e4lt de senaste somrarna. Inte mycket kvar av den nu.<\/p>\n<p><a href=\"https:\/\/www.montendre.se\/wp-content\/uploads\/2023\/09\/image0.jpeg\"><img loading=\"lazy\" decoding=\"async\" class=\"size-medium wp-image-5794 aligncenter\" src=\"https:\/\/www.montendre.se\/wp-content\/uploads\/2023\/09\/image0-300x225.jpeg\" alt=\"\" width=\"300\" height=\"225\" srcset=\"https:\/\/www.montendre.se\/wp-content\/uploads\/2023\/09\/image0-300x225.jpeg 300w, https:\/\/www.montendre.se\/wp-content\/uploads\/2023\/09\/image0-268x200.jpeg 268w, https:\/\/www.montendre.se\/wp-content\/uploads\/2023\/09\/image0.jpeg 640w\" sizes=\"(max-width: 300px) 100vw, 300px\" \/><\/a><\/p>\n<p>Rensade i pallkragen, klippte ner och band upp.<\/p>\n<p><a href=\"https:\/\/www.montendre.se\/wp-content\/uploads\/2023\/09\/image2-1.jpeg\"><img loading=\"lazy\" decoding=\"async\" class=\"size-medium wp-image-5795 aligncenter\" src=\"https:\/\/www.montendre.se\/wp-content\/uploads\/2023\/09\/image2-1-300x225.jpeg\" alt=\"\" width=\"300\" height=\"225\" srcset=\"https:\/\/www.montendre.se\/wp-content\/uploads\/2023\/09\/image2-1-300x225.jpeg 300w, https:\/\/www.montendre.se\/wp-content\/uploads\/2023\/09\/image2-1-268x200.jpeg 268w, https:\/\/www.montendre.se\/wp-content\/uploads\/2023\/09\/image2-1.jpeg 640w\" sizes=\"(max-width: 300px) 100vw, 300px\" \/><\/a><\/p>\n<p>S\u00e5 h\u00e4r ser det n\u00e4stan kn\u00e4ckta persikotr\u00e4det ut. H\u00e4nger p\u00e5 en tunn bit som \u00e4r kvar av stammen.<\/p>\n<p><a href=\"https:\/\/www.montendre.se\/wp-content\/uploads\/2023\/09\/image1-rotated.jpeg\"><img loading=\"lazy\" decoding=\"async\" class=\"size-medium wp-image-5796 aligncenter\" src=\"https:\/\/www.montendre.se\/wp-content\/uploads\/2023\/09\/image1-225x300.jpeg\" alt=\"\" width=\"225\" height=\"300\" srcset=\"https:\/\/www.montendre.se\/wp-content\/uploads\/2023\/09\/image1-225x300.jpeg 225w, https:\/\/www.montendre.se\/wp-content\/uploads\/2023\/09\/image1-rotated.jpeg 480w\" sizes=\"(max-width: 225px) 100vw, 225px\" \/><\/a>T\u00e4nkte \u00e4ta pizza hemma, men vanliga pizzabagaren hade semesterst\u00e4ngt. Mon dieu! Testade att k\u00f6pa en fryst pizza p\u00e5 Intermarch\u00e9 men den var i princip o\u00e4tlig. Br\u00f6ddegen och understa ostlagret hade geggat ihop till n\u00e5gon ogenomtr\u00e4nglig massa. Tur jag hade ost och br\u00f6d hemma.<\/p>\n<p><a href=\"https:\/\/www.montendre.se\/wp-content\/uploads\/2023\/09\/IMG_2279-rotated.jpg\"><img loading=\"lazy\" decoding=\"async\" class=\"size-medium wp-image-5799 aligncenter\" src=\"https:\/\/www.montendre.se\/wp-content\/uploads\/2023\/09\/IMG_2279-225x300.jpg\" alt=\"\" width=\"225\" height=\"300\" srcset=\"https:\/\/www.montendre.se\/wp-content\/uploads\/2023\/09\/IMG_2279-225x300.jpg 225w, https:\/\/www.montendre.se\/wp-content\/uploads\/2023\/09\/IMG_2279-768x1024.jpg 768w, https:\/\/www.montendre.se\/wp-content\/uploads\/2023\/09\/IMG_2279-1152x1536.jpg 1152w, https:\/\/www.montendre.se\/wp-content\/uploads\/2023\/09\/IMG_2279-700x933.jpg 700w, https:\/\/www.montendre.se\/wp-content\/uploads\/2023\/09\/IMG_2279-rotated.jpg 1512w\" sizes=\"(max-width: 225px) 100vw, 225px\" \/><\/a><\/p>\n<p>&nbsp;<\/p>\n","protected":false},"excerpt":{"rendered":"<p>Soligt n\u00e4stan hela dagen, 26 grader p\u00e5 eftermiddagen. Lite sm\u00e5pyssel idag. \u00c5kte iv\u00e4g till Husqvarna-reparat\u00f6ren med Klippo. Klippo har ju signalerat kollision lite d\u00e5 och d\u00e5 trots att den inte varit i n\u00e4rheten av kollision och till slut signalerade den kollision hela tiden och gick inte att starta. Husqvarna-verkstaden: De &#8230;<\/p>\n","protected":false},"author":1,"featured_media":0,"comment_status":"open","ping_status":"open","sticky":false,"template":"","format":"standard","meta":{"jetpack_post_was_ever_published":false,"_jetpack_newsletter_access":"","_jetpack_dont_email_post_to_subs":false,"_jetpack_newsletter_tier_id":0,"footnotes":""},"categories":[86],"tags":[],"jetpack_sharing_enabled":true,"jetpack_featured_media_url":"","_links":{"self":[{"href":"https:\/\/www.montendre.se\/index.php?rest_route=\/wp\/v2\/posts\/5789"}],"collection":[{"href":"https:\/\/www.montendre.se\/index.php?rest_route=\/wp\/v2\/posts"}],"about":[{"href":"https:\/\/www.montendre.se\/index.php?rest_route=\/wp\/v2\/types\/post"}],"author":[{"embeddable":true,"href":"https:\/\/www.montendre.se\/index.php?rest_route=\/wp\/v2\/users\/1"}],"replies":[{"embeddable":true,"href":"https:\/\/www.montendre.se\/index.php?rest_route=%2Fwp%2Fv2%2Fcomments&post=5789"}],"version-history":[{"count":7,"href":"https:\/\/www.montendre.se\/index.php?rest_route=\/wp\/v2\/posts\/5789\/revisions"}],"predecessor-version":[{"id":5802,"href":"https:\/\/www.montendre.se\/index.php?rest_route=\/wp\/v2\/posts\/5789\/revisions\/5802"}],"wp:attachment":[{"href":"https:\/\/www.montendre.se\/index.php?rest_route=%2Fwp%2Fv2%2Fmedia&parent=5789"}],"wp:term":[{"taxonomy":"category","embeddable":true,"href":"https:\/\/www.montendre.se\/index.php?rest_route=%2Fwp%2Fv2%2Fcategories&post=5789"},{"taxonomy":"post_tag","embeddable":true,"href":"https:\/\/www.montendre.se\/index.php?rest_route=%2Fwp%2Fv2%2Ftags&post=5789"}],"curies":[{"name":"wp","href":"https:\/\/api.w.org\/{rel}","templated":true}]}}