{"id":5774,"date":"2023-09-26T09:51:15","date_gmt":"2023-09-26T07:51:15","guid":{"rendered":"https:\/\/www.montendre.se\/?p=5774"},"modified":"2023-09-26T09:51:29","modified_gmt":"2023-09-26T07:51:29","slug":"25-september","status":"publish","type":"post","link":"https:\/\/www.montendre.se\/?p=5774","title":{"rendered":"25 september 2023"},"content":{"rendered":"<p>Sol och 28 grader p\u00e5 eftermiddagen.<\/p>\n<p>Frukost ute sedan jobbade L lite. Efter det \u00e5kte vi iv\u00e4g och \u00e5kte f\u00f6rbi Tutiac vin-kooperativ men d\u00e4r var det tyv\u00e4rr st\u00e4ngt eftersom det var m\u00e5ndag. Sedan vidare till Blaye.<\/p>\n<p>Handlade i vinbutiken och efter en promenad i Blaye, lunch p\u00e5 Le Petit Port. Bra lunch, jag tog Moules Marini\u00e8re, T&amp;L tre-r\u00e4ttersmenyn. Bara vatten till s\u00e5 notan slutade p\u00e5 50\u20ac.<\/p>\n<p>Sedan upp till Citadellet och gick runt d\u00e4r en sv\u00e4ng. I ett antikvariat d\u00e4r uppe k\u00f6pte jag ett gammalt utdrag (1922) ur en bok med flygplan. Ska jag rama in. Kul butik med massa gamla affischer, planscher, b\u00f6cker mm.<\/p>\n<p><a href=\"https:\/\/www.montendre.se\/wp-content\/uploads\/2023\/09\/IMG_2270-rotated.jpg\"><img loading=\"lazy\" decoding=\"async\" class=\"size-medium wp-image-5777 aligncenter\" src=\"https:\/\/www.montendre.se\/wp-content\/uploads\/2023\/09\/IMG_2270-225x300.jpg\" alt=\"\" width=\"225\" height=\"300\" srcset=\"https:\/\/www.montendre.se\/wp-content\/uploads\/2023\/09\/IMG_2270-225x300.jpg 225w, https:\/\/www.montendre.se\/wp-content\/uploads\/2023\/09\/IMG_2270-768x1024.jpg 768w, https:\/\/www.montendre.se\/wp-content\/uploads\/2023\/09\/IMG_2270-1152x1536.jpg 1152w, https:\/\/www.montendre.se\/wp-content\/uploads\/2023\/09\/IMG_2270-700x933.jpg 700w, https:\/\/www.montendre.se\/wp-content\/uploads\/2023\/09\/IMG_2270-rotated.jpg 1512w\" sizes=\"(max-width: 225px) 100vw, 225px\" \/><\/a><\/p>\n<p>Dahlian i rabatten \u00e4r v\u00e4ldigt fin nu.<\/p>\n<p><a href=\"https:\/\/www.montendre.se\/wp-content\/uploads\/2023\/09\/71723393645__DA909359-2870-45D3-BE4D-4359295ACE5E.jpg\"><img loading=\"lazy\" decoding=\"async\" class=\"size-medium wp-image-5775 aligncenter\" src=\"https:\/\/www.montendre.se\/wp-content\/uploads\/2023\/09\/71723393645__DA909359-2870-45D3-BE4D-4359295ACE5E-300x225.jpg\" alt=\"\" width=\"300\" height=\"225\" srcset=\"https:\/\/www.montendre.se\/wp-content\/uploads\/2023\/09\/71723393645__DA909359-2870-45D3-BE4D-4359295ACE5E-300x225.jpg 300w, https:\/\/www.montendre.se\/wp-content\/uploads\/2023\/09\/71723393645__DA909359-2870-45D3-BE4D-4359295ACE5E-268x200.jpg 268w, https:\/\/www.montendre.se\/wp-content\/uploads\/2023\/09\/71723393645__DA909359-2870-45D3-BE4D-4359295ACE5E.jpg 640w\" sizes=\"(max-width: 300px) 100vw, 300px\" \/><\/a><\/p>\n<p>Hittade lite fler cyklamen vid ett persikotr\u00e4d.<\/p>\n<p><a href=\"https:\/\/www.montendre.se\/wp-content\/uploads\/2023\/09\/IMG_2268.jpg\"><img loading=\"lazy\" decoding=\"async\" class=\"size-medium wp-image-5776 aligncenter\" src=\"https:\/\/www.montendre.se\/wp-content\/uploads\/2023\/09\/IMG_2268-300x225.jpg\" alt=\"\" width=\"300\" height=\"225\" srcset=\"https:\/\/www.montendre.se\/wp-content\/uploads\/2023\/09\/IMG_2268-300x225.jpg 300w, https:\/\/www.montendre.se\/wp-content\/uploads\/2023\/09\/IMG_2268-268x200.jpg 268w, https:\/\/www.montendre.se\/wp-content\/uploads\/2023\/09\/IMG_2268.jpg 640w\" sizes=\"(max-width: 300px) 100vw, 300px\" \/><\/a>P\u00e5b\u00f6rjades n\u00e5got slags byggarbete ute p\u00e5 gatan\/andra sidan idag. \u00c4r ett &#8221;garage&#8221; som ska byggas om till galleri\/boende tydligen.<\/p>\n<p>Planterade ut praktbetonikan som jag tagit fr\u00e5n Gyva. Bredvid ligger en av fuktm\u00e4tarna jag byggt.<\/p>\n<p><a href=\"https:\/\/www.montendre.se\/wp-content\/uploads\/2023\/09\/IMG_2271-rotated.jpg\"><img loading=\"lazy\" decoding=\"async\" class=\"size-medium wp-image-5785 aligncenter\" src=\"https:\/\/www.montendre.se\/wp-content\/uploads\/2023\/09\/IMG_2271-225x300.jpg\" alt=\"\" width=\"225\" height=\"300\" srcset=\"https:\/\/www.montendre.se\/wp-content\/uploads\/2023\/09\/IMG_2271-225x300.jpg 225w, https:\/\/www.montendre.se\/wp-content\/uploads\/2023\/09\/IMG_2271-rotated.jpg 480w\" sizes=\"(max-width: 225px) 100vw, 225px\" \/><\/a><\/p>\n<p>Rester fr\u00e5n ig\u00e5r till middag.<\/p>\n","protected":false},"excerpt":{"rendered":"<p>Sol och 28 grader p\u00e5 eftermiddagen. Frukost ute sedan jobbade L lite. Efter det \u00e5kte vi iv\u00e4g och \u00e5kte f\u00f6rbi Tutiac vin-kooperativ men d\u00e4r var det tyv\u00e4rr st\u00e4ngt eftersom det var m\u00e5ndag. Sedan vidare till Blaye. Handlade i vinbutiken och efter en promenad i Blaye, lunch p\u00e5 Le Petit Port. &#8230;<\/p>\n","protected":false},"author":1,"featured_media":0,"comment_status":"open","ping_status":"open","sticky":false,"template":"","format":"standard","meta":{"jetpack_post_was_ever_published":false,"_jetpack_newsletter_access":"","_jetpack_dont_email_post_to_subs":false,"_jetpack_newsletter_tier_id":0,"footnotes":""},"categories":[86],"tags":[],"jetpack_sharing_enabled":true,"jetpack_featured_media_url":"","_links":{"self":[{"href":"https:\/\/www.montendre.se\/index.php?rest_route=\/wp\/v2\/posts\/5774"}],"collection":[{"href":"https:\/\/www.montendre.se\/index.php?rest_route=\/wp\/v2\/posts"}],"about":[{"href":"https:\/\/www.montendre.se\/index.php?rest_route=\/wp\/v2\/types\/post"}],"author":[{"embeddable":true,"href":"https:\/\/www.montendre.se\/index.php?rest_route=\/wp\/v2\/users\/1"}],"replies":[{"embeddable":true,"href":"https:\/\/www.montendre.se\/index.php?rest_route=%2Fwp%2Fv2%2Fcomments&post=5774"}],"version-history":[{"count":9,"href":"https:\/\/www.montendre.se\/index.php?rest_route=\/wp\/v2\/posts\/5774\/revisions"}],"predecessor-version":[{"id":5787,"href":"https:\/\/www.montendre.se\/index.php?rest_route=\/wp\/v2\/posts\/5774\/revisions\/5787"}],"wp:attachment":[{"href":"https:\/\/www.montendre.se\/index.php?rest_route=%2Fwp%2Fv2%2Fmedia&parent=5774"}],"wp:term":[{"taxonomy":"category","embeddable":true,"href":"https:\/\/www.montendre.se\/index.php?rest_route=%2Fwp%2Fv2%2Fcategories&post=5774"},{"taxonomy":"post_tag","embeddable":true,"href":"https:\/\/www.montendre.se\/index.php?rest_route=%2Fwp%2Fv2%2Ftags&post=5774"}],"curies":[{"name":"wp","href":"https:\/\/api.w.org\/{rel}","templated":true}]}}