{"id":5687,"date":"2023-07-04T21:28:10","date_gmt":"2023-07-04T19:28:10","guid":{"rendered":"https:\/\/www.montendre.se\/?p=5687"},"modified":"2023-07-04T21:28:10","modified_gmt":"2023-07-04T19:28:10","slug":"4-juli-2023","status":"publish","type":"post","link":"https:\/\/www.montendre.se\/?p=5687","title":{"rendered":"4 juli 2023"},"content":{"rendered":"<p>Molnigt p\u00e5 f\u00f6rmiddagen sedan mestadels sol, 26 grader.<\/p>\n<p>Gjorde klart taket till slut. F\u00e5r vi se hur l\u00e4nge det h\u00e5ller? Tv\u00e5 \u00e5r, 5 \u00e5r? Vem vet&#8230;<\/p>\n<p><a href=\"https:\/\/www.montendre.se\/wp-content\/uploads\/2023\/07\/IMG_1889.jpeg\"><img loading=\"lazy\" decoding=\"async\" class=\"size-medium wp-image-5688 aligncenter\" src=\"https:\/\/www.montendre.se\/wp-content\/uploads\/2023\/07\/IMG_1889-300x225.jpeg\" alt=\"\" width=\"300\" height=\"225\" srcset=\"https:\/\/www.montendre.se\/wp-content\/uploads\/2023\/07\/IMG_1889-300x225.jpeg 300w, https:\/\/www.montendre.se\/wp-content\/uploads\/2023\/07\/IMG_1889-1024x768.jpeg 1024w, https:\/\/www.montendre.se\/wp-content\/uploads\/2023\/07\/IMG_1889-768x576.jpeg 768w, https:\/\/www.montendre.se\/wp-content\/uploads\/2023\/07\/IMG_1889-268x200.jpeg 268w, https:\/\/www.montendre.se\/wp-content\/uploads\/2023\/07\/IMG_1889-700x525.jpeg 700w, https:\/\/www.montendre.se\/wp-content\/uploads\/2023\/07\/IMG_1889.jpeg 1280w\" sizes=\"(max-width: 300px) 100vw, 300px\" \/><\/a>Fixat mycket med Klippo som ju strulat en hel del. Allt har berott p\u00e5 att jag har gjort klumpiga saker n\u00e4r jag meckat med slingan. Men nu hoppas jag han ska g\u00e5 som en klocka.<\/p>\n<p>Annars mest tr\u00e4dg\u00e5rdsfixande. Vi b\u00f6rjar f\u00e5 lite ordning p\u00e5 den snart.<\/p>\n<p>F\u00f6rsta kv\u00e4llsmarknaden f\u00f6r s\u00e4songen. K\u00e4kade musslor d\u00e4r. K\u00f6pte ett lokalt, vitt vin som inte ens finns med i Vivino-appen. Satt bredvid n\u00e5gra fransm\u00e4n varav en jobbade med att s\u00e4tta p\u00e5 etiketter p\u00e5 vinflaskor i Saint-Emilion s\u00e5 han hade med sig en oetiketterad flaska som han tagit fr\u00e5n jobbet. Fick smaka men dock inte veta vilket vin det var.<\/p>\n<p>&nbsp;<\/p>\n","protected":false},"excerpt":{"rendered":"<p>Molnigt p\u00e5 f\u00f6rmiddagen sedan mestadels sol, 26 grader. Gjorde klart taket till slut. F\u00e5r vi se hur l\u00e4nge det h\u00e5ller? Tv\u00e5 \u00e5r, 5 \u00e5r? Vem vet&#8230; Fixat mycket med Klippo som ju strulat en hel del. Allt har berott p\u00e5 att jag har gjort klumpiga saker n\u00e4r jag meckat med &#8230;<\/p>\n","protected":false},"author":1,"featured_media":0,"comment_status":"open","ping_status":"open","sticky":false,"template":"","format":"standard","meta":{"jetpack_post_was_ever_published":false,"_jetpack_newsletter_access":"","_jetpack_dont_email_post_to_subs":false,"_jetpack_newsletter_tier_id":0,"footnotes":""},"categories":[85],"tags":[],"jetpack_sharing_enabled":true,"jetpack_featured_media_url":"","_links":{"self":[{"href":"https:\/\/www.montendre.se\/index.php?rest_route=\/wp\/v2\/posts\/5687"}],"collection":[{"href":"https:\/\/www.montendre.se\/index.php?rest_route=\/wp\/v2\/posts"}],"about":[{"href":"https:\/\/www.montendre.se\/index.php?rest_route=\/wp\/v2\/types\/post"}],"author":[{"embeddable":true,"href":"https:\/\/www.montendre.se\/index.php?rest_route=\/wp\/v2\/users\/1"}],"replies":[{"embeddable":true,"href":"https:\/\/www.montendre.se\/index.php?rest_route=%2Fwp%2Fv2%2Fcomments&post=5687"}],"version-history":[{"count":4,"href":"https:\/\/www.montendre.se\/index.php?rest_route=\/wp\/v2\/posts\/5687\/revisions"}],"predecessor-version":[{"id":5692,"href":"https:\/\/www.montendre.se\/index.php?rest_route=\/wp\/v2\/posts\/5687\/revisions\/5692"}],"wp:attachment":[{"href":"https:\/\/www.montendre.se\/index.php?rest_route=%2Fwp%2Fv2%2Fmedia&parent=5687"}],"wp:term":[{"taxonomy":"category","embeddable":true,"href":"https:\/\/www.montendre.se\/index.php?rest_route=%2Fwp%2Fv2%2Fcategories&post=5687"},{"taxonomy":"post_tag","embeddable":true,"href":"https:\/\/www.montendre.se\/index.php?rest_route=%2Fwp%2Fv2%2Ftags&post=5687"}],"curies":[{"name":"wp","href":"https:\/\/api.w.org\/{rel}","templated":true}]}}