{"id":5668,"date":"2023-07-02T22:07:29","date_gmt":"2023-07-02T20:07:29","guid":{"rendered":"https:\/\/www.montendre.se\/?p=5668"},"modified":"2023-07-02T22:09:12","modified_gmt":"2023-07-02T20:09:12","slug":"2-juli-2023","status":"publish","type":"post","link":"https:\/\/www.montendre.se\/?p=5668","title":{"rendered":"2 juli 2023"},"content":{"rendered":"<p>V\u00e4xlande molnighet, 25 grader.<\/p>\n<p>Tog en tur ut till kusten och k\u00e4kade lunch p\u00e5 <a href=\"https:\/\/www.fruitsdemer-lesvivierscharentais.fr\" target=\"_blank\" rel=\"noopener\">Viviers Charentais<\/a>. Gott som vanligt.<\/p>\n<p><a href=\"https:\/\/www.montendre.se\/wp-content\/uploads\/2023\/07\/IMG_1874.jpeg\"><img loading=\"lazy\" decoding=\"async\" class=\"size-medium wp-image-5669 aligncenter\" src=\"https:\/\/www.montendre.se\/wp-content\/uploads\/2023\/07\/IMG_1874-300x225.jpeg\" alt=\"\" width=\"300\" height=\"225\" srcset=\"https:\/\/www.montendre.se\/wp-content\/uploads\/2023\/07\/IMG_1874-300x225.jpeg 300w, https:\/\/www.montendre.se\/wp-content\/uploads\/2023\/07\/IMG_1874-1024x768.jpeg 1024w, https:\/\/www.montendre.se\/wp-content\/uploads\/2023\/07\/IMG_1874-768x576.jpeg 768w, https:\/\/www.montendre.se\/wp-content\/uploads\/2023\/07\/IMG_1874-268x200.jpeg 268w, https:\/\/www.montendre.se\/wp-content\/uploads\/2023\/07\/IMG_1874-700x525.jpeg 700w, https:\/\/www.montendre.se\/wp-content\/uploads\/2023\/07\/IMG_1874.jpeg 1280w\" sizes=\"(max-width: 300px) 100vw, 300px\" \/><\/a><\/p>\n<p>Sedan marknad i Saint-Palais-sur-Mer med stenar, fossiler, mm.<\/p>\n<p>Och s\u00e5 en avslutande kaffe och glass i Saint-Palais-sur-Mer innan hemf\u00e4rd.<\/p>\n<p>Rotsellerimos igen med stekt torsk och hari couverts.<\/p>\n<p>&nbsp;<\/p>\n","protected":false},"excerpt":{"rendered":"<p>V\u00e4xlande molnighet, 25 grader. Tog en tur ut till kusten och k\u00e4kade lunch p\u00e5 Viviers Charentais. Gott som vanligt. Sedan marknad i Saint-Palais-sur-Mer med stenar, fossiler, mm. Och s\u00e5 en avslutande kaffe och glass i Saint-Palais-sur-Mer innan hemf\u00e4rd. Rotsellerimos igen med stekt torsk och hari couverts. &nbsp;<\/p>\n","protected":false},"author":1,"featured_media":0,"comment_status":"open","ping_status":"open","sticky":false,"template":"","format":"standard","meta":{"jetpack_post_was_ever_published":false,"_jetpack_newsletter_access":"","_jetpack_dont_email_post_to_subs":false,"_jetpack_newsletter_tier_id":0,"footnotes":""},"categories":[85],"tags":[],"jetpack_sharing_enabled":true,"jetpack_featured_media_url":"","_links":{"self":[{"href":"https:\/\/www.montendre.se\/index.php?rest_route=\/wp\/v2\/posts\/5668"}],"collection":[{"href":"https:\/\/www.montendre.se\/index.php?rest_route=\/wp\/v2\/posts"}],"about":[{"href":"https:\/\/www.montendre.se\/index.php?rest_route=\/wp\/v2\/types\/post"}],"author":[{"embeddable":true,"href":"https:\/\/www.montendre.se\/index.php?rest_route=\/wp\/v2\/users\/1"}],"replies":[{"embeddable":true,"href":"https:\/\/www.montendre.se\/index.php?rest_route=%2Fwp%2Fv2%2Fcomments&post=5668"}],"version-history":[{"count":3,"href":"https:\/\/www.montendre.se\/index.php?rest_route=\/wp\/v2\/posts\/5668\/revisions"}],"predecessor-version":[{"id":5672,"href":"https:\/\/www.montendre.se\/index.php?rest_route=\/wp\/v2\/posts\/5668\/revisions\/5672"}],"wp:attachment":[{"href":"https:\/\/www.montendre.se\/index.php?rest_route=%2Fwp%2Fv2%2Fmedia&parent=5668"}],"wp:term":[{"taxonomy":"category","embeddable":true,"href":"https:\/\/www.montendre.se\/index.php?rest_route=%2Fwp%2Fv2%2Fcategories&post=5668"},{"taxonomy":"post_tag","embeddable":true,"href":"https:\/\/www.montendre.se\/index.php?rest_route=%2Fwp%2Fv2%2Ftags&post=5668"}],"curies":[{"name":"wp","href":"https:\/\/api.w.org\/{rel}","templated":true}]}}