{"id":566,"date":"2012-05-18T14:39:36","date_gmt":"2012-05-18T12:39:36","guid":{"rendered":"http:\/\/www.montendre.se\/?p=566"},"modified":"2013-07-17T14:40:05","modified_gmt":"2013-07-17T12:40:05","slug":"18-maj-2012","status":"publish","type":"post","link":"https:\/\/www.montendre.se\/?p=566","title":{"rendered":"18 maj 2012"},"content":{"rendered":"<p><a href=\"http:\/\/www.montendre.se\/wp-content\/uploads\/2013\/07\/IMG_2076.jpg\"><img loading=\"lazy\" decoding=\"async\" class=\"aligncenter size-medium wp-image-567\" title=\"IMG_2076\" src=\"http:\/\/www.montendre.se\/wp-content\/uploads\/2013\/07\/IMG_2076-300x224.jpg\" alt=\"\" width=\"300\" height=\"224\" srcset=\"https:\/\/www.montendre.se\/wp-content\/uploads\/2013\/07\/IMG_2076-300x224.jpg 300w, https:\/\/www.montendre.se\/wp-content\/uploads\/2013\/07\/IMG_2076-1024x764.jpg 1024w, https:\/\/www.montendre.se\/wp-content\/uploads\/2013\/07\/IMG_2076-268x200.jpg 268w, https:\/\/www.montendre.se\/wp-content\/uploads\/2013\/07\/IMG_2076-700x522.jpg 700w\" sizes=\"(max-width: 300px) 100vw, 300px\" \/><\/a>Ett av de nysatta tr\u00e4den har tv\u00e5 eller tre frukter. Var det aprikos vi satte?<\/p>\n<p><a href=\"http:\/\/www.montendre.se\/wp-content\/uploads\/2013\/07\/IMG_2078.jpg\"><img loading=\"lazy\" decoding=\"async\" class=\"aligncenter size-medium wp-image-568\" title=\"IMG_2078\" src=\"http:\/\/www.montendre.se\/wp-content\/uploads\/2013\/07\/IMG_2078-224x300.jpg\" alt=\"\" width=\"224\" height=\"300\" srcset=\"https:\/\/www.montendre.se\/wp-content\/uploads\/2013\/07\/IMG_2078-224x300.jpg 224w, https:\/\/www.montendre.se\/wp-content\/uploads\/2013\/07\/IMG_2078-764x1024.jpg 764w, https:\/\/www.montendre.se\/wp-content\/uploads\/2013\/07\/IMG_2078-700x937.jpg 700w, https:\/\/www.montendre.se\/wp-content\/uploads\/2013\/07\/IMG_2078.jpg 1936w\" sizes=\"(max-width: 224px) 100vw, 224px\" \/><\/a><\/p>\n<p>Grillkungen f\u00f6rs\u00f6ker f\u00e5 lite fart p\u00e5 entrecoten&#8230;<\/p>\n<p><a href=\"http:\/\/www.montendre.se\/wp-content\/uploads\/2013\/07\/IMG_2081.jpg\"><img loading=\"lazy\" decoding=\"async\" class=\"aligncenter size-medium wp-image-569\" title=\"IMG_2081\" src=\"http:\/\/www.montendre.se\/wp-content\/uploads\/2013\/07\/IMG_2081-224x300.jpg\" alt=\"\" width=\"224\" height=\"300\" srcset=\"https:\/\/www.montendre.se\/wp-content\/uploads\/2013\/07\/IMG_2081-224x300.jpg 224w, https:\/\/www.montendre.se\/wp-content\/uploads\/2013\/07\/IMG_2081-764x1024.jpg 764w, https:\/\/www.montendre.se\/wp-content\/uploads\/2013\/07\/IMG_2081-700x937.jpg 700w, https:\/\/www.montendre.se\/wp-content\/uploads\/2013\/07\/IMG_2081.jpg 1936w\" sizes=\"(max-width: 224px) 100vw, 224px\" \/><\/a>Pelle k\u00f6r med vinkelslipen f\u00f6r att kunna l\u00e4gga nytt klinker i skarven mellan golven.<\/p>\n<p><a href=\"http:\/\/www.montendre.se\/wp-content\/uploads\/2013\/07\/IMG_2082.jpg\"><img loading=\"lazy\" decoding=\"async\" class=\"aligncenter size-medium wp-image-570\" title=\"IMG_2082\" src=\"http:\/\/www.montendre.se\/wp-content\/uploads\/2013\/07\/IMG_2082-224x300.jpg\" alt=\"\" width=\"224\" height=\"300\" srcset=\"https:\/\/www.montendre.se\/wp-content\/uploads\/2013\/07\/IMG_2082-224x300.jpg 224w, https:\/\/www.montendre.se\/wp-content\/uploads\/2013\/07\/IMG_2082-764x1024.jpg 764w, https:\/\/www.montendre.se\/wp-content\/uploads\/2013\/07\/IMG_2082-700x937.jpg 700w, https:\/\/www.montendre.se\/wp-content\/uploads\/2013\/07\/IMG_2082.jpg 1936w\" sizes=\"(max-width: 224px) 100vw, 224px\" \/><\/a>Magnus m\u00e5lar tak.<\/p>\n<p><a href=\"http:\/\/www.montendre.se\/wp-content\/uploads\/2013\/07\/IMG_2084.jpg\"><img loading=\"lazy\" decoding=\"async\" class=\"aligncenter size-medium wp-image-571\" title=\"IMG_2084\" src=\"http:\/\/www.montendre.se\/wp-content\/uploads\/2013\/07\/IMG_2084-300x224.jpg\" alt=\"\" width=\"300\" height=\"224\" srcset=\"https:\/\/www.montendre.se\/wp-content\/uploads\/2013\/07\/IMG_2084-300x224.jpg 300w, https:\/\/www.montendre.se\/wp-content\/uploads\/2013\/07\/IMG_2084-1024x764.jpg 1024w, https:\/\/www.montendre.se\/wp-content\/uploads\/2013\/07\/IMG_2084-268x200.jpg 268w, https:\/\/www.montendre.se\/wp-content\/uploads\/2013\/07\/IMG_2084-700x522.jpg 700w\" sizes=\"(max-width: 300px) 100vw, 300px\" \/><\/a>M\u00e5nga m\u00e5lar k\u00f6k.<\/p>\n<p><a href=\"http:\/\/www.montendre.se\/wp-content\/uploads\/2013\/07\/IMG_2085.jpg\"><img loading=\"lazy\" decoding=\"async\" class=\"aligncenter size-medium wp-image-572\" title=\"IMG_2085\" src=\"http:\/\/www.montendre.se\/wp-content\/uploads\/2013\/07\/IMG_2085-300x224.jpg\" alt=\"\" width=\"300\" height=\"224\" srcset=\"https:\/\/www.montendre.se\/wp-content\/uploads\/2013\/07\/IMG_2085-300x224.jpg 300w, https:\/\/www.montendre.se\/wp-content\/uploads\/2013\/07\/IMG_2085-1024x764.jpg 1024w, https:\/\/www.montendre.se\/wp-content\/uploads\/2013\/07\/IMG_2085-268x200.jpg 268w, https:\/\/www.montendre.se\/wp-content\/uploads\/2013\/07\/IMG_2085-700x522.jpg 700w\" sizes=\"(max-width: 300px) 100vw, 300px\" \/><\/a>Vit grundf\u00e4rg, men det har varit m\u00e5nga bakslag med f\u00e4rg som sl\u00e4pper och spackel som sl\u00e4pper mm.<\/p>\n<p><a href=\"http:\/\/www.montendre.se\/wp-content\/uploads\/2013\/07\/IMG_2087.jpg\"><img loading=\"lazy\" decoding=\"async\" class=\"aligncenter size-medium wp-image-574\" title=\"IMG_2087\" src=\"http:\/\/www.montendre.se\/wp-content\/uploads\/2013\/07\/IMG_2087-224x300.jpg\" alt=\"\" width=\"224\" height=\"300\" srcset=\"https:\/\/www.montendre.se\/wp-content\/uploads\/2013\/07\/IMG_2087-224x300.jpg 224w, https:\/\/www.montendre.se\/wp-content\/uploads\/2013\/07\/IMG_2087-764x1024.jpg 764w, https:\/\/www.montendre.se\/wp-content\/uploads\/2013\/07\/IMG_2087-700x937.jpg 700w, https:\/\/www.montendre.se\/wp-content\/uploads\/2013\/07\/IMG_2087.jpg 1936w\" sizes=\"(max-width: 224px) 100vw, 224px\" \/><\/a>Vissa delar \u00e4r fortfarande inte ok s\u00e5 det \u00e4r lite dystert just nu.<\/p>\n<div><a href=\"http:\/\/www.montendre.se\/wp-content\/uploads\/2013\/07\/IMG_2086.jpg\"><img loading=\"lazy\" decoding=\"async\" class=\"aligncenter size-medium wp-image-573\" title=\"IMG_2086\" src=\"http:\/\/www.montendre.se\/wp-content\/uploads\/2013\/07\/IMG_2086-224x300.jpg\" alt=\"\" width=\"224\" height=\"300\" srcset=\"https:\/\/www.montendre.se\/wp-content\/uploads\/2013\/07\/IMG_2086-224x300.jpg 224w, https:\/\/www.montendre.se\/wp-content\/uploads\/2013\/07\/IMG_2086-764x1024.jpg 764w, https:\/\/www.montendre.se\/wp-content\/uploads\/2013\/07\/IMG_2086-700x937.jpg 700w, https:\/\/www.montendre.se\/wp-content\/uploads\/2013\/07\/IMG_2086.jpg 1936w\" sizes=\"(max-width: 224px) 100vw, 224px\" \/><\/a>Trappen n\u00e4r tapeten \u00e4r borttagen. Finns tr\u00e4delar som man kanske borde l\u00e5ta f\u00e5 synas och inte m\u00e5la \u00f6ver. Annars \u00e4r jag n\u00e4stan skeptisk till att m\u00e5la h\u00e4r. Borde kanske putsas?<\/div>\n<div><\/div>\n<div>I kv\u00e4ll blir La Quincaillerie.<\/div>\n","protected":false},"excerpt":{"rendered":"<p>Ett av de nysatta tr\u00e4den har tv\u00e5 eller tre frukter. Var det aprikos vi satte? Grillkungen f\u00f6rs\u00f6ker f\u00e5 lite fart p\u00e5 entrecoten&#8230; Pelle k\u00f6r med vinkelslipen f\u00f6r att kunna l\u00e4gga nytt klinker i skarven mellan golven. Magnus m\u00e5lar tak. M\u00e5nga m\u00e5lar k\u00f6k. Vit grundf\u00e4rg, men det har varit m\u00e5nga bakslag &#8230;<\/p>\n","protected":false},"author":1,"featured_media":0,"comment_status":"open","ping_status":"open","sticky":false,"template":"","format":"standard","meta":{"jetpack_post_was_ever_published":false,"_jetpack_newsletter_access":"","_jetpack_dont_email_post_to_subs":false,"_jetpack_newsletter_tier_id":0,"footnotes":""},"categories":[6],"tags":[],"jetpack_sharing_enabled":true,"jetpack_featured_media_url":"","_links":{"self":[{"href":"https:\/\/www.montendre.se\/index.php?rest_route=\/wp\/v2\/posts\/566"}],"collection":[{"href":"https:\/\/www.montendre.se\/index.php?rest_route=\/wp\/v2\/posts"}],"about":[{"href":"https:\/\/www.montendre.se\/index.php?rest_route=\/wp\/v2\/types\/post"}],"author":[{"embeddable":true,"href":"https:\/\/www.montendre.se\/index.php?rest_route=\/wp\/v2\/users\/1"}],"replies":[{"embeddable":true,"href":"https:\/\/www.montendre.se\/index.php?rest_route=%2Fwp%2Fv2%2Fcomments&post=566"}],"version-history":[{"count":3,"href":"https:\/\/www.montendre.se\/index.php?rest_route=\/wp\/v2\/posts\/566\/revisions"}],"predecessor-version":[{"id":577,"href":"https:\/\/www.montendre.se\/index.php?rest_route=\/wp\/v2\/posts\/566\/revisions\/577"}],"wp:attachment":[{"href":"https:\/\/www.montendre.se\/index.php?rest_route=%2Fwp%2Fv2%2Fmedia&parent=566"}],"wp:term":[{"taxonomy":"category","embeddable":true,"href":"https:\/\/www.montendre.se\/index.php?rest_route=%2Fwp%2Fv2%2Fcategories&post=566"},{"taxonomy":"post_tag","embeddable":true,"href":"https:\/\/www.montendre.se\/index.php?rest_route=%2Fwp%2Fv2%2Ftags&post=566"}],"curies":[{"name":"wp","href":"https:\/\/api.w.org\/{rel}","templated":true}]}}