{"id":5611,"date":"2023-06-29T10:41:34","date_gmt":"2023-06-29T08:41:34","guid":{"rendered":"https:\/\/www.montendre.se\/?p=5611"},"modified":"2023-06-29T10:52:47","modified_gmt":"2023-06-29T08:52:47","slug":"28-juni-2023","status":"publish","type":"post","link":"https:\/\/www.montendre.se\/?p=5611","title":{"rendered":"28 juni 2023"},"content":{"rendered":"<p>Lite v\u00e4xlande molnighet, 29 grader p\u00e5 eftermiddagen.<\/p>\n<p>Lite st\u00f6kigt i tr\u00e4dg\u00e5rden efter torka och takarbetet. Klippo har ju st\u00e5tt still under tiden de jobbade p\u00e5 taket och det drog ju ut p\u00e5 tiden och p\u00e5gick 6 veckor i.st.f. 2 veckor.<\/p>\n<p>Trist nog verkar valn\u00f6tstr\u00e5det ha d\u00f6tt helt pl\u00f6tsligt. S\u00e5g ju friskt ut f\u00f6r sex veckor sedan. Det var ju nio \u00e5r nu och jag trodde det hade rotat sig ordentligt. Det v\u00e4xer lite vid roten men det \u00e4r antagligen under ympningen s\u00e5 det \u00e4r v\u00e4l inget att g\u00e5 vidare med?<\/p>\n<p><a href=\"https:\/\/www.montendre.se\/wp-content\/uploads\/2023\/06\/IMG_1799.jpeg\"><img loading=\"lazy\" decoding=\"async\" class=\"size-medium wp-image-5613 aligncenter\" src=\"https:\/\/www.montendre.se\/wp-content\/uploads\/2023\/06\/IMG_1799-225x300.jpeg\" alt=\"\" width=\"225\" height=\"300\" srcset=\"https:\/\/www.montendre.se\/wp-content\/uploads\/2023\/06\/IMG_1799-225x300.jpeg 225w, https:\/\/www.montendre.se\/wp-content\/uploads\/2023\/06\/IMG_1799-768x1024.jpeg 768w, https:\/\/www.montendre.se\/wp-content\/uploads\/2023\/06\/IMG_1799-700x933.jpeg 700w, https:\/\/www.montendre.se\/wp-content\/uploads\/2023\/06\/IMG_1799.jpeg 960w\" sizes=\"(max-width: 225px) 100vw, 225px\" \/><\/a><a href=\"https:\/\/www.montendre.se\/wp-content\/uploads\/2023\/06\/IMG_1800.jpeg\"><img loading=\"lazy\" decoding=\"async\" class=\"size-medium wp-image-5614 aligncenter\" src=\"https:\/\/www.montendre.se\/wp-content\/uploads\/2023\/06\/IMG_1800-225x300.jpeg\" alt=\"\" width=\"225\" height=\"300\" srcset=\"https:\/\/www.montendre.se\/wp-content\/uploads\/2023\/06\/IMG_1800-225x300.jpeg 225w, https:\/\/www.montendre.se\/wp-content\/uploads\/2023\/06\/IMG_1800-768x1024.jpeg 768w, https:\/\/www.montendre.se\/wp-content\/uploads\/2023\/06\/IMG_1800-700x933.jpeg 700w, https:\/\/www.montendre.se\/wp-content\/uploads\/2023\/06\/IMG_1800.jpeg 960w\" sizes=\"(max-width: 225px) 100vw, 225px\" \/><\/a><\/p>\n<p>Bougainvillan har klarat sig i alla fall.<\/p>\n<p><a href=\"https:\/\/www.montendre.se\/wp-content\/uploads\/2023\/06\/IMG_1809.jpeg\"><img loading=\"lazy\" decoding=\"async\" class=\"size-medium wp-image-5615 aligncenter\" src=\"https:\/\/www.montendre.se\/wp-content\/uploads\/2023\/06\/IMG_1809-225x300.jpeg\" alt=\"\" width=\"225\" height=\"300\" srcset=\"https:\/\/www.montendre.se\/wp-content\/uploads\/2023\/06\/IMG_1809-225x300.jpeg 225w, https:\/\/www.montendre.se\/wp-content\/uploads\/2023\/06\/IMG_1809-768x1024.jpeg 768w, https:\/\/www.montendre.se\/wp-content\/uploads\/2023\/06\/IMG_1809-700x933.jpeg 700w, https:\/\/www.montendre.se\/wp-content\/uploads\/2023\/06\/IMG_1809.jpeg 960w\" sizes=\"(max-width: 225px) 100vw, 225px\" \/><\/a>Och \u00e4ntligen har vi lyckats f\u00e5 n\u00e5gra stockrosor att \u00f6verleva och blomma. Ganska sp\u00e4da dock.<\/p>\n<p><a href=\"https:\/\/www.montendre.se\/wp-content\/uploads\/2023\/06\/IMG_1815.jpeg\"><img loading=\"lazy\" decoding=\"async\" class=\"size-medium wp-image-5616 aligncenter\" src=\"https:\/\/www.montendre.se\/wp-content\/uploads\/2023\/06\/IMG_1815-225x300.jpeg\" alt=\"\" width=\"225\" height=\"300\" srcset=\"https:\/\/www.montendre.se\/wp-content\/uploads\/2023\/06\/IMG_1815-225x300.jpeg 225w, https:\/\/www.montendre.se\/wp-content\/uploads\/2023\/06\/IMG_1815-768x1024.jpeg 768w, https:\/\/www.montendre.se\/wp-content\/uploads\/2023\/06\/IMG_1815-700x933.jpeg 700w, https:\/\/www.montendre.se\/wp-content\/uploads\/2023\/06\/IMG_1815.jpeg 960w\" sizes=\"(max-width: 225px) 100vw, 225px\" \/><\/a><\/p>\n<p>Och d\u00e4r Madeiras stolthet stod (den dog ju av torkan) verkar det spira nya skott fr\u00e5n r\u00f6tterna. Men jag ska nog f\u00f6rs\u00f6ka flytta dem. (De med l\u00e5nga ludna blad.)<\/p>\n<p><a href=\"https:\/\/www.montendre.se\/wp-content\/uploads\/2023\/06\/IMG_1813.jpeg\"><img loading=\"lazy\" decoding=\"async\" class=\"size-medium wp-image-5617 aligncenter\" src=\"https:\/\/www.montendre.se\/wp-content\/uploads\/2023\/06\/IMG_1813-225x300.jpeg\" alt=\"\" width=\"225\" height=\"300\" srcset=\"https:\/\/www.montendre.se\/wp-content\/uploads\/2023\/06\/IMG_1813-225x300.jpeg 225w, https:\/\/www.montendre.se\/wp-content\/uploads\/2023\/06\/IMG_1813-768x1024.jpeg 768w, https:\/\/www.montendre.se\/wp-content\/uploads\/2023\/06\/IMG_1813-700x933.jpeg 700w, https:\/\/www.montendre.se\/wp-content\/uploads\/2023\/06\/IMG_1813.jpeg 960w\" sizes=\"(max-width: 225px) 100vw, 225px\" \/><\/a>Takarbetet innebar ocks\u00e5 att de rev lite bakom uthuset f\u00f6r att komma \u00e5t med sina byggnadst\u00e4llningar. Tycker det blev b\u00e4ttre nu. Lite ljusare. Ska f\u00f6rs\u00f6ka rensa lite mer d\u00e4r s\u00e5 man ser alla sm\u00e5uthus b\u00e4ttre.<\/p>\n<p><a href=\"https:\/\/www.montendre.se\/wp-content\/uploads\/2023\/06\/IMG_1804.jpeg\"><img loading=\"lazy\" decoding=\"async\" class=\"size-medium wp-image-5618 aligncenter\" src=\"https:\/\/www.montendre.se\/wp-content\/uploads\/2023\/06\/IMG_1804-225x300.jpeg\" alt=\"\" width=\"225\" height=\"300\" srcset=\"https:\/\/www.montendre.se\/wp-content\/uploads\/2023\/06\/IMG_1804-225x300.jpeg 225w, https:\/\/www.montendre.se\/wp-content\/uploads\/2023\/06\/IMG_1804-768x1024.jpeg 768w, https:\/\/www.montendre.se\/wp-content\/uploads\/2023\/06\/IMG_1804-700x933.jpeg 700w, https:\/\/www.montendre.se\/wp-content\/uploads\/2023\/06\/IMG_1804.jpeg 960w\" sizes=\"(max-width: 225px) 100vw, 225px\" \/><\/a><a href=\"https:\/\/www.montendre.se\/wp-content\/uploads\/2023\/06\/IMG_1817.jpeg\"><img loading=\"lazy\" decoding=\"async\" class=\"size-medium wp-image-5619 aligncenter\" src=\"https:\/\/www.montendre.se\/wp-content\/uploads\/2023\/06\/IMG_1817-300x225.jpeg\" alt=\"\" width=\"300\" height=\"225\" srcset=\"https:\/\/www.montendre.se\/wp-content\/uploads\/2023\/06\/IMG_1817-300x225.jpeg 300w, https:\/\/www.montendre.se\/wp-content\/uploads\/2023\/06\/IMG_1817-1024x768.jpeg 1024w, https:\/\/www.montendre.se\/wp-content\/uploads\/2023\/06\/IMG_1817-768x576.jpeg 768w, https:\/\/www.montendre.se\/wp-content\/uploads\/2023\/06\/IMG_1817-268x200.jpeg 268w, https:\/\/www.montendre.se\/wp-content\/uploads\/2023\/06\/IMG_1817-700x525.jpeg 700w, https:\/\/www.montendre.se\/wp-content\/uploads\/2023\/06\/IMG_1817.jpeg 1280w\" sizes=\"(max-width: 300px) 100vw, 300px\" \/><\/a>\u00c4r i stort sett n\u00f6jda med takarbetet men n\u00e5gra takpannor \u00e4r lite m\u00f6rka. Ser lite oj\u00e4mnt ut.<\/p>\n<p><a href=\"https:\/\/www.montendre.se\/wp-content\/uploads\/2023\/06\/IMG_1818.jpeg\"><img loading=\"lazy\" decoding=\"async\" class=\"size-medium wp-image-5621 aligncenter\" src=\"https:\/\/www.montendre.se\/wp-content\/uploads\/2023\/06\/IMG_1818-300x225.jpeg\" alt=\"\" width=\"300\" height=\"225\" srcset=\"https:\/\/www.montendre.se\/wp-content\/uploads\/2023\/06\/IMG_1818-300x225.jpeg 300w, https:\/\/www.montendre.se\/wp-content\/uploads\/2023\/06\/IMG_1818-1024x768.jpeg 1024w, https:\/\/www.montendre.se\/wp-content\/uploads\/2023\/06\/IMG_1818-768x576.jpeg 768w, https:\/\/www.montendre.se\/wp-content\/uploads\/2023\/06\/IMG_1818-268x200.jpeg 268w, https:\/\/www.montendre.se\/wp-content\/uploads\/2023\/06\/IMG_1818-700x525.jpeg 700w, https:\/\/www.montendre.se\/wp-content\/uploads\/2023\/06\/IMG_1818.jpeg 1280w\" sizes=\"(max-width: 300px) 100vw, 300px\" \/><\/a>N\u00e5gon duktig m\u00e4klare verkar lyckas ha s\u00e5lt rucklet bredvid George och Lucettes hus. Det har ju st\u00e5tt tomt hela tiden vi har varit h\u00e4r.<\/p>\n<p><a href=\"https:\/\/www.montendre.se\/wp-content\/uploads\/2023\/06\/IMG_1803.jpeg\"><img loading=\"lazy\" decoding=\"async\" class=\"size-medium wp-image-5623 aligncenter\" src=\"https:\/\/www.montendre.se\/wp-content\/uploads\/2023\/06\/IMG_1803-300x225.jpeg\" alt=\"\" width=\"300\" height=\"225\" srcset=\"https:\/\/www.montendre.se\/wp-content\/uploads\/2023\/06\/IMG_1803-300x225.jpeg 300w, https:\/\/www.montendre.se\/wp-content\/uploads\/2023\/06\/IMG_1803-1024x768.jpeg 1024w, https:\/\/www.montendre.se\/wp-content\/uploads\/2023\/06\/IMG_1803-768x576.jpeg 768w, https:\/\/www.montendre.se\/wp-content\/uploads\/2023\/06\/IMG_1803-268x200.jpeg 268w, https:\/\/www.montendre.se\/wp-content\/uploads\/2023\/06\/IMG_1803-700x525.jpeg 700w, https:\/\/www.montendre.se\/wp-content\/uploads\/2023\/06\/IMG_1803.jpeg 1280w\" sizes=\"(max-width: 300px) 100vw, 300px\" \/><\/a>Bytte d\u00e4cken p\u00e5 pirran som torkat ihop helt.<\/p>\n<p><a href=\"https:\/\/www.montendre.se\/wp-content\/uploads\/2023\/06\/IMG_1798.jpeg\"><img loading=\"lazy\" decoding=\"async\" class=\"size-medium wp-image-5624 aligncenter\" src=\"https:\/\/www.montendre.se\/wp-content\/uploads\/2023\/06\/IMG_1798-225x300.jpeg\" alt=\"\" width=\"225\" height=\"300\" srcset=\"https:\/\/www.montendre.se\/wp-content\/uploads\/2023\/06\/IMG_1798-225x300.jpeg 225w, https:\/\/www.montendre.se\/wp-content\/uploads\/2023\/06\/IMG_1798-768x1024.jpeg 768w, https:\/\/www.montendre.se\/wp-content\/uploads\/2023\/06\/IMG_1798-700x933.jpeg 700w, https:\/\/www.montendre.se\/wp-content\/uploads\/2023\/06\/IMG_1798.jpeg 960w\" sizes=\"(max-width: 225px) 100vw, 225px\" \/><\/a>Middag p\u00e5 ett st\u00e4lle som vi inte varit p\u00e5 tidigare, Chez Lo\u00efc i Jonzac. Det n\u00e4mndes ju i den d\u00e4r Forbes artikeln om fem sm\u00e5 restauranger i sydv\u00e4stra Frankrike. Bra mat men otroligt l\u00e5ngsam servering. Efter 2 timmar hade vi inte f\u00e5tt in varmr\u00e4tten. Men antagligen var det ovanligt m\u00e5nga g\u00e4ster. Vi f\u00e5r v\u00e4l ge dem en chans till.<\/p>\n","protected":false},"excerpt":{"rendered":"<p>Lite v\u00e4xlande molnighet, 29 grader p\u00e5 eftermiddagen. Lite st\u00f6kigt i tr\u00e4dg\u00e5rden efter torka och takarbetet. Klippo har ju st\u00e5tt still under tiden de jobbade p\u00e5 taket och det drog ju ut p\u00e5 tiden och p\u00e5gick 6 veckor i.st.f. 2 veckor. Trist nog verkar valn\u00f6tstr\u00e5det ha d\u00f6tt helt pl\u00f6tsligt. S\u00e5g ju &#8230;<\/p>\n","protected":false},"author":1,"featured_media":0,"comment_status":"open","ping_status":"open","sticky":false,"template":"","format":"standard","meta":{"jetpack_post_was_ever_published":false,"_jetpack_newsletter_access":"","_jetpack_dont_email_post_to_subs":false,"_jetpack_newsletter_tier_id":0,"footnotes":""},"categories":[85],"tags":[],"jetpack_sharing_enabled":true,"jetpack_featured_media_url":"","_links":{"self":[{"href":"https:\/\/www.montendre.se\/index.php?rest_route=\/wp\/v2\/posts\/5611"}],"collection":[{"href":"https:\/\/www.montendre.se\/index.php?rest_route=\/wp\/v2\/posts"}],"about":[{"href":"https:\/\/www.montendre.se\/index.php?rest_route=\/wp\/v2\/types\/post"}],"author":[{"embeddable":true,"href":"https:\/\/www.montendre.se\/index.php?rest_route=\/wp\/v2\/users\/1"}],"replies":[{"embeddable":true,"href":"https:\/\/www.montendre.se\/index.php?rest_route=%2Fwp%2Fv2%2Fcomments&post=5611"}],"version-history":[{"count":6,"href":"https:\/\/www.montendre.se\/index.php?rest_route=\/wp\/v2\/posts\/5611\/revisions"}],"predecessor-version":[{"id":5627,"href":"https:\/\/www.montendre.se\/index.php?rest_route=\/wp\/v2\/posts\/5611\/revisions\/5627"}],"wp:attachment":[{"href":"https:\/\/www.montendre.se\/index.php?rest_route=%2Fwp%2Fv2%2Fmedia&parent=5611"}],"wp:term":[{"taxonomy":"category","embeddable":true,"href":"https:\/\/www.montendre.se\/index.php?rest_route=%2Fwp%2Fv2%2Fcategories&post=5611"},{"taxonomy":"post_tag","embeddable":true,"href":"https:\/\/www.montendre.se\/index.php?rest_route=%2Fwp%2Fv2%2Ftags&post=5611"}],"curies":[{"name":"wp","href":"https:\/\/api.w.org\/{rel}","templated":true}]}}