{"id":5588,"date":"2023-05-05T20:18:36","date_gmt":"2023-05-05T18:18:36","guid":{"rendered":"https:\/\/www.montendre.se\/?p=5588"},"modified":"2023-05-05T20:18:57","modified_gmt":"2023-05-05T18:18:57","slug":"5-maj-2023","status":"publish","type":"post","link":"https:\/\/www.montendre.se\/?p=5588","title":{"rendered":"5 maj 2023"},"content":{"rendered":"<p>Regn i natt och molnigt p\u00e5 f\u00f6rmiddagen, sedan v\u00e4xlande molnighet, 22 grader.<\/p>\n<p>Takl\u00e4ggaren skulle ju komma tillbaka onsdag eller torsdag f\u00f6r att jag skulle v\u00e4lja f\u00e4rg p\u00e5 takkuporna och s\u00e5 skulle han f\u00e5 nycklarna. Men han kom varken onsdag eller torsdag s\u00e5 idag ringde jag honom och fr\u00e5gade om han kommer idag. D\u00e5 verkade det som han hade gl\u00f6mt bort det helt. Han tyckte jag kunde l\u00e4mna nycklarna hos grannen. Men v\u00e4lja f\u00e4rg p\u00e5 takkuporna d\u00e5? fr\u00e5gade jag. Ja, d\u00e5 skulle han v\u00e4l \u00e4nd\u00e5 kunna komma f\u00f6rbi p\u00e5 eftermiddagen. Jag vet inte n\u00e4r fransm\u00e4ns eftermiddagar slutar men det verkar vara senare \u00e4n mina. Nu \u00e4r klockan \u00e5tta s\u00e5 han l\u00e4r v\u00e4l inte komma. S\u00e5 tr\u00f6tt man blir p\u00e5 dessa hantverkare&#8230; F\u00e5r se om de b\u00f6rjar p\u00e5 tisdag som det \u00e4r sagt.<\/p>\n<p>Klipp mer p\u00e5 tujah\u00e4cken. K\u00e4nns sk\u00f6nt att ha f\u00e5tt bort alla sm\u00e5toppar som fanns p\u00e5 den tidigare.<\/p>\n<p><a href=\"https:\/\/www.montendre.se\/wp-content\/uploads\/2023\/05\/IMG_1627.jpeg\"><img loading=\"lazy\" decoding=\"async\" class=\"size-medium wp-image-5589 aligncenter\" src=\"https:\/\/www.montendre.se\/wp-content\/uploads\/2023\/05\/IMG_1627-300x225.jpeg\" alt=\"\" width=\"300\" height=\"225\" srcset=\"https:\/\/www.montendre.se\/wp-content\/uploads\/2023\/05\/IMG_1627-300x225.jpeg 300w, https:\/\/www.montendre.se\/wp-content\/uploads\/2023\/05\/IMG_1627-1024x768.jpeg 1024w, https:\/\/www.montendre.se\/wp-content\/uploads\/2023\/05\/IMG_1627-768x576.jpeg 768w, https:\/\/www.montendre.se\/wp-content\/uploads\/2023\/05\/IMG_1627-268x200.jpeg 268w, https:\/\/www.montendre.se\/wp-content\/uploads\/2023\/05\/IMG_1627-700x525.jpeg 700w, https:\/\/www.montendre.se\/wp-content\/uploads\/2023\/05\/IMG_1627.jpeg 1280w\" sizes=\"(max-width: 300px) 100vw, 300px\" \/><\/a>Den elektriska h\u00e4cksaxen slutade pl\u00f6tsligt fungera. Visade sig vara jordfelsbrytaren som l\u00f6st ut. Jag hittade varf\u00f6r sedan.<\/p>\n<p><a href=\"https:\/\/www.montendre.se\/wp-content\/uploads\/2023\/05\/IMG_1626.jpeg\"><img loading=\"lazy\" decoding=\"async\" class=\"size-medium wp-image-5590 aligncenter\" src=\"https:\/\/www.montendre.se\/wp-content\/uploads\/2023\/05\/IMG_1626-300x225.jpeg\" alt=\"\" width=\"300\" height=\"225\" srcset=\"https:\/\/www.montendre.se\/wp-content\/uploads\/2023\/05\/IMG_1626-300x225.jpeg 300w, https:\/\/www.montendre.se\/wp-content\/uploads\/2023\/05\/IMG_1626-1024x768.jpeg 1024w, https:\/\/www.montendre.se\/wp-content\/uploads\/2023\/05\/IMG_1626-768x576.jpeg 768w, https:\/\/www.montendre.se\/wp-content\/uploads\/2023\/05\/IMG_1626-268x200.jpeg 268w, https:\/\/www.montendre.se\/wp-content\/uploads\/2023\/05\/IMG_1626-700x525.jpeg 700w, https:\/\/www.montendre.se\/wp-content\/uploads\/2023\/05\/IMG_1626.jpeg 1280w\" sizes=\"(max-width: 300px) 100vw, 300px\" \/><\/a>Bra att s\u00e4kerhetssystemen fungerar.<\/p>\n<p>En ensam vallmo bland det h\u00f6ga ogr\u00e4set.<\/p>\n<p><a href=\"https:\/\/www.montendre.se\/wp-content\/uploads\/2023\/05\/IMG_1625.jpeg\"><img loading=\"lazy\" decoding=\"async\" class=\"size-medium wp-image-5591 aligncenter\" src=\"https:\/\/www.montendre.se\/wp-content\/uploads\/2023\/05\/IMG_1625-225x300.jpeg\" alt=\"\" width=\"225\" height=\"300\" srcset=\"https:\/\/www.montendre.se\/wp-content\/uploads\/2023\/05\/IMG_1625-225x300.jpeg 225w, https:\/\/www.montendre.se\/wp-content\/uploads\/2023\/05\/IMG_1625-768x1024.jpeg 768w, https:\/\/www.montendre.se\/wp-content\/uploads\/2023\/05\/IMG_1625-700x933.jpeg 700w, https:\/\/www.montendre.se\/wp-content\/uploads\/2023\/05\/IMG_1625.jpeg 960w\" sizes=\"(max-width: 225px) 100vw, 225px\" \/><\/a>Klippo k\u00e4mpar p\u00e5 men har inte t\u00e4ckt allt \u00e4n.<\/p>\n<p><a href=\"https:\/\/www.montendre.se\/wp-content\/uploads\/2023\/05\/IMG_1629.jpeg\"><img loading=\"lazy\" decoding=\"async\" class=\"size-medium wp-image-5592 aligncenter\" src=\"https:\/\/www.montendre.se\/wp-content\/uploads\/2023\/05\/IMG_1629-300x225.jpeg\" alt=\"\" width=\"300\" height=\"225\" srcset=\"https:\/\/www.montendre.se\/wp-content\/uploads\/2023\/05\/IMG_1629-300x225.jpeg 300w, https:\/\/www.montendre.se\/wp-content\/uploads\/2023\/05\/IMG_1629-1024x768.jpeg 1024w, https:\/\/www.montendre.se\/wp-content\/uploads\/2023\/05\/IMG_1629-768x576.jpeg 768w, https:\/\/www.montendre.se\/wp-content\/uploads\/2023\/05\/IMG_1629-268x200.jpeg 268w, https:\/\/www.montendre.se\/wp-content\/uploads\/2023\/05\/IMG_1629-700x525.jpeg 700w, https:\/\/www.montendre.se\/wp-content\/uploads\/2023\/05\/IMG_1629.jpeg 1280w\" sizes=\"(max-width: 300px) 100vw, 300px\" \/><\/a>Hittade ett fikontr\u00e4d till idag. (Man hittar allt n\u00e5got nytt k\u00e4nns det som&#8230;) Verkar vara en sort som mognar tidigare och frukterna \u00e4r mer lika i formen som de som finns i aff\u00e4rerna.<\/p>\n<p><a href=\"https:\/\/www.montendre.se\/wp-content\/uploads\/2023\/05\/IMG_1635.jpeg\"><img loading=\"lazy\" decoding=\"async\" class=\"size-medium wp-image-5593 aligncenter\" src=\"https:\/\/www.montendre.se\/wp-content\/uploads\/2023\/05\/IMG_1635-225x300.jpeg\" alt=\"\" width=\"225\" height=\"300\" srcset=\"https:\/\/www.montendre.se\/wp-content\/uploads\/2023\/05\/IMG_1635-225x300.jpeg 225w, https:\/\/www.montendre.se\/wp-content\/uploads\/2023\/05\/IMG_1635-768x1024.jpeg 768w, https:\/\/www.montendre.se\/wp-content\/uploads\/2023\/05\/IMG_1635-700x933.jpeg 700w, https:\/\/www.montendre.se\/wp-content\/uploads\/2023\/05\/IMG_1635.jpeg 960w\" sizes=\"(max-width: 225px) 100vw, 225px\" \/><\/a>Doftschersminen i full blomning.<\/p>\n<p><a href=\"https:\/\/www.montendre.se\/wp-content\/uploads\/2023\/05\/IMG_1638.jpeg\"><img loading=\"lazy\" decoding=\"async\" class=\"size-medium wp-image-5594 aligncenter\" src=\"https:\/\/www.montendre.se\/wp-content\/uploads\/2023\/05\/IMG_1638-300x225.jpeg\" alt=\"\" width=\"300\" height=\"225\" srcset=\"https:\/\/www.montendre.se\/wp-content\/uploads\/2023\/05\/IMG_1638-300x225.jpeg 300w, https:\/\/www.montendre.se\/wp-content\/uploads\/2023\/05\/IMG_1638-1024x768.jpeg 1024w, https:\/\/www.montendre.se\/wp-content\/uploads\/2023\/05\/IMG_1638-768x576.jpeg 768w, https:\/\/www.montendre.se\/wp-content\/uploads\/2023\/05\/IMG_1638-268x200.jpeg 268w, https:\/\/www.montendre.se\/wp-content\/uploads\/2023\/05\/IMG_1638-700x525.jpeg 700w, https:\/\/www.montendre.se\/wp-content\/uploads\/2023\/05\/IMG_1638.jpeg 1280w\" sizes=\"(max-width: 300px) 100vw, 300px\" \/><\/a>Musslor och potatis i ugn igen.<\/p>\n","protected":false},"excerpt":{"rendered":"<p>Regn i natt och molnigt p\u00e5 f\u00f6rmiddagen, sedan v\u00e4xlande molnighet, 22 grader. Takl\u00e4ggaren skulle ju komma tillbaka onsdag eller torsdag f\u00f6r att jag skulle v\u00e4lja f\u00e4rg p\u00e5 takkuporna och s\u00e5 skulle han f\u00e5 nycklarna. Men han kom varken onsdag eller torsdag s\u00e5 idag ringde jag honom och fr\u00e5gade om han &#8230;<\/p>\n","protected":false},"author":1,"featured_media":0,"comment_status":"open","ping_status":"open","sticky":false,"template":"","format":"standard","meta":{"jetpack_post_was_ever_published":false,"_jetpack_newsletter_access":"","_jetpack_dont_email_post_to_subs":false,"_jetpack_newsletter_tier_id":0,"footnotes":""},"categories":[84],"tags":[],"jetpack_sharing_enabled":true,"jetpack_featured_media_url":"","_links":{"self":[{"href":"https:\/\/www.montendre.se\/index.php?rest_route=\/wp\/v2\/posts\/5588"}],"collection":[{"href":"https:\/\/www.montendre.se\/index.php?rest_route=\/wp\/v2\/posts"}],"about":[{"href":"https:\/\/www.montendre.se\/index.php?rest_route=\/wp\/v2\/types\/post"}],"author":[{"embeddable":true,"href":"https:\/\/www.montendre.se\/index.php?rest_route=\/wp\/v2\/users\/1"}],"replies":[{"embeddable":true,"href":"https:\/\/www.montendre.se\/index.php?rest_route=%2Fwp%2Fv2%2Fcomments&post=5588"}],"version-history":[{"count":6,"href":"https:\/\/www.montendre.se\/index.php?rest_route=\/wp\/v2\/posts\/5588\/revisions"}],"predecessor-version":[{"id":5600,"href":"https:\/\/www.montendre.se\/index.php?rest_route=\/wp\/v2\/posts\/5588\/revisions\/5600"}],"wp:attachment":[{"href":"https:\/\/www.montendre.se\/index.php?rest_route=%2Fwp%2Fv2%2Fmedia&parent=5588"}],"wp:term":[{"taxonomy":"category","embeddable":true,"href":"https:\/\/www.montendre.se\/index.php?rest_route=%2Fwp%2Fv2%2Fcategories&post=5588"},{"taxonomy":"post_tag","embeddable":true,"href":"https:\/\/www.montendre.se\/index.php?rest_route=%2Fwp%2Fv2%2Ftags&post=5588"}],"curies":[{"name":"wp","href":"https:\/\/api.w.org\/{rel}","templated":true}]}}