{"id":5581,"date":"2023-05-04T20:27:10","date_gmt":"2023-05-04T18:27:10","guid":{"rendered":"https:\/\/www.montendre.se\/?p=5581"},"modified":"2023-05-04T20:27:49","modified_gmt":"2023-05-04T18:27:49","slug":"4-maj-2023","status":"publish","type":"post","link":"https:\/\/www.montendre.se\/?p=5581","title":{"rendered":"4 maj 2023"},"content":{"rendered":"<p>V\u00e4xlande molnighet och 23 grader.<\/p>\n<p>Gick p\u00e5 marknaden och handlade lite.<\/p>\n<p>Fixat i tr\u00e4dg\u00e5rden. Rensat ogr\u00e4s och satt lite \u00f6verblivna l\u00f6kar fr\u00e5n Sverige i rabatten p\u00e5 framsidan.<\/p>\n<p>Klippt tujah\u00e4cken en del. Fina randiga tr\u00e4dg\u00e5rdssn\u00e4ckor sitter ibland p\u00e5 grenarna i tujan.<\/p>\n<p><a href=\"https:\/\/www.montendre.se\/wp-content\/uploads\/2023\/05\/IMG_1622.jpeg\"><img loading=\"lazy\" decoding=\"async\" class=\"size-medium wp-image-5582 aligncenter\" src=\"https:\/\/www.montendre.se\/wp-content\/uploads\/2023\/05\/IMG_1622-225x300.jpeg\" alt=\"\" width=\"225\" height=\"300\" srcset=\"https:\/\/www.montendre.se\/wp-content\/uploads\/2023\/05\/IMG_1622-225x300.jpeg 225w, https:\/\/www.montendre.se\/wp-content\/uploads\/2023\/05\/IMG_1622-768x1024.jpeg 768w, https:\/\/www.montendre.se\/wp-content\/uploads\/2023\/05\/IMG_1622-700x933.jpeg 700w, https:\/\/www.montendre.se\/wp-content\/uploads\/2023\/05\/IMG_1622.jpeg 960w\" sizes=\"(max-width: 225px) 100vw, 225px\" \/><\/a>Rabatten mot grannen med hunden \u00e4r fin nu.<a href=\"https:\/\/www.montendre.se\/wp-content\/uploads\/2023\/05\/IMG_1618.jpeg\"><img loading=\"lazy\" decoding=\"async\" class=\"size-medium wp-image-5583 aligncenter\" src=\"https:\/\/www.montendre.se\/wp-content\/uploads\/2023\/05\/IMG_1618-300x225.jpeg\" alt=\"\" width=\"300\" height=\"225\" srcset=\"https:\/\/www.montendre.se\/wp-content\/uploads\/2023\/05\/IMG_1618-300x225.jpeg 300w, https:\/\/www.montendre.se\/wp-content\/uploads\/2023\/05\/IMG_1618-1024x768.jpeg 1024w, https:\/\/www.montendre.se\/wp-content\/uploads\/2023\/05\/IMG_1618-768x576.jpeg 768w, https:\/\/www.montendre.se\/wp-content\/uploads\/2023\/05\/IMG_1618-268x200.jpeg 268w, https:\/\/www.montendre.se\/wp-content\/uploads\/2023\/05\/IMG_1618-700x525.jpeg 700w, https:\/\/www.montendre.se\/wp-content\/uploads\/2023\/05\/IMG_1618.jpeg 1280w\" sizes=\"(max-width: 300px) 100vw, 300px\" \/><\/a><\/p>\n<p>Vinkokta musslor med potatisklyftor i ugn till middag.<\/p>\n","protected":false},"excerpt":{"rendered":"<p>V\u00e4xlande molnighet och 23 grader. Gick p\u00e5 marknaden och handlade lite. Fixat i tr\u00e4dg\u00e5rden. Rensat ogr\u00e4s och satt lite \u00f6verblivna l\u00f6kar fr\u00e5n Sverige i rabatten p\u00e5 framsidan. Klippt tujah\u00e4cken en del. Fina randiga tr\u00e4dg\u00e5rdssn\u00e4ckor sitter ibland p\u00e5 grenarna i tujan. Rabatten mot grannen med hunden \u00e4r fin nu. Vinkokta musslor &#8230;<\/p>\n","protected":false},"author":1,"featured_media":0,"comment_status":"open","ping_status":"open","sticky":false,"template":"","format":"standard","meta":{"jetpack_post_was_ever_published":false,"_jetpack_newsletter_access":"","_jetpack_dont_email_post_to_subs":false,"_jetpack_newsletter_tier_id":0,"footnotes":""},"categories":[84],"tags":[],"jetpack_sharing_enabled":true,"jetpack_featured_media_url":"","_links":{"self":[{"href":"https:\/\/www.montendre.se\/index.php?rest_route=\/wp\/v2\/posts\/5581"}],"collection":[{"href":"https:\/\/www.montendre.se\/index.php?rest_route=\/wp\/v2\/posts"}],"about":[{"href":"https:\/\/www.montendre.se\/index.php?rest_route=\/wp\/v2\/types\/post"}],"author":[{"embeddable":true,"href":"https:\/\/www.montendre.se\/index.php?rest_route=\/wp\/v2\/users\/1"}],"replies":[{"embeddable":true,"href":"https:\/\/www.montendre.se\/index.php?rest_route=%2Fwp%2Fv2%2Fcomments&post=5581"}],"version-history":[{"count":3,"href":"https:\/\/www.montendre.se\/index.php?rest_route=\/wp\/v2\/posts\/5581\/revisions"}],"predecessor-version":[{"id":5586,"href":"https:\/\/www.montendre.se\/index.php?rest_route=\/wp\/v2\/posts\/5581\/revisions\/5586"}],"wp:attachment":[{"href":"https:\/\/www.montendre.se\/index.php?rest_route=%2Fwp%2Fv2%2Fmedia&parent=5581"}],"wp:term":[{"taxonomy":"category","embeddable":true,"href":"https:\/\/www.montendre.se\/index.php?rest_route=%2Fwp%2Fv2%2Fcategories&post=5581"},{"taxonomy":"post_tag","embeddable":true,"href":"https:\/\/www.montendre.se\/index.php?rest_route=%2Fwp%2Fv2%2Ftags&post=5581"}],"curies":[{"name":"wp","href":"https:\/\/api.w.org\/{rel}","templated":true}]}}