{"id":5572,"date":"2023-05-03T21:05:04","date_gmt":"2023-05-03T19:05:04","guid":{"rendered":"https:\/\/www.montendre.se\/?p=5572"},"modified":"2023-05-03T21:05:04","modified_gmt":"2023-05-03T19:05:04","slug":"3-maj-2023","status":"publish","type":"post","link":"https:\/\/www.montendre.se\/?p=5572","title":{"rendered":"3 maj 2023"},"content":{"rendered":"<p>Soligt hela dagen, 29 grader som mest.<\/p>\n<p>Rosorna mot gatan blommar fint nu.<\/p>\n<p><a href=\"https:\/\/www.montendre.se\/wp-content\/uploads\/2023\/05\/IMG_1598.jpeg\"><img loading=\"lazy\" decoding=\"async\" class=\"size-medium wp-image-5573 aligncenter\" src=\"https:\/\/www.montendre.se\/wp-content\/uploads\/2023\/05\/IMG_1598-300x225.jpeg\" alt=\"\" width=\"300\" height=\"225\" srcset=\"https:\/\/www.montendre.se\/wp-content\/uploads\/2023\/05\/IMG_1598-300x225.jpeg 300w, https:\/\/www.montendre.se\/wp-content\/uploads\/2023\/05\/IMG_1598-1024x768.jpeg 1024w, https:\/\/www.montendre.se\/wp-content\/uploads\/2023\/05\/IMG_1598-768x576.jpeg 768w, https:\/\/www.montendre.se\/wp-content\/uploads\/2023\/05\/IMG_1598-268x200.jpeg 268w, https:\/\/www.montendre.se\/wp-content\/uploads\/2023\/05\/IMG_1598-700x525.jpeg 700w, https:\/\/www.montendre.se\/wp-content\/uploads\/2023\/05\/IMG_1598.jpeg 1280w\" sizes=\"(max-width: 300px) 100vw, 300px\" \/><\/a>B\u00f6rjade rensa rabatten mot muren. R\u00e4tt mycket ogr\u00e4s och gamla d\u00f6da grenar h\u00e4r och d\u00e4r.<\/p>\n<p><a href=\"https:\/\/www.montendre.se\/wp-content\/uploads\/2023\/05\/IMG_1600.jpeg\"><img loading=\"lazy\" decoding=\"async\" class=\"size-medium wp-image-5574 aligncenter\" src=\"https:\/\/www.montendre.se\/wp-content\/uploads\/2023\/05\/IMG_1600-300x225.jpeg\" alt=\"\" width=\"300\" height=\"225\" srcset=\"https:\/\/www.montendre.se\/wp-content\/uploads\/2023\/05\/IMG_1600-300x225.jpeg 300w, https:\/\/www.montendre.se\/wp-content\/uploads\/2023\/05\/IMG_1600-1024x768.jpeg 1024w, https:\/\/www.montendre.se\/wp-content\/uploads\/2023\/05\/IMG_1600-768x576.jpeg 768w, https:\/\/www.montendre.se\/wp-content\/uploads\/2023\/05\/IMG_1600-268x200.jpeg 268w, https:\/\/www.montendre.se\/wp-content\/uploads\/2023\/05\/IMG_1600-700x525.jpeg 700w, https:\/\/www.montendre.se\/wp-content\/uploads\/2023\/05\/IMG_1600.jpeg 1280w\" sizes=\"(max-width: 300px) 100vw, 300px\" \/><\/a><\/p>\n<p>Inte riktigt samma vinkel och vy, men man ser nog skillnaden \u00e4nd\u00e5. Fint med nejlikor och sedan s\u00f6mntutorna.<a href=\"https:\/\/www.montendre.se\/wp-content\/uploads\/2023\/05\/IMG_1609.jpeg\"><br \/>\n<img loading=\"lazy\" decoding=\"async\" class=\"size-medium wp-image-5575 aligncenter\" src=\"https:\/\/www.montendre.se\/wp-content\/uploads\/2023\/05\/IMG_1609-225x300.jpeg\" alt=\"\" width=\"225\" height=\"300\" srcset=\"https:\/\/www.montendre.se\/wp-content\/uploads\/2023\/05\/IMG_1609-225x300.jpeg 225w, https:\/\/www.montendre.se\/wp-content\/uploads\/2023\/05\/IMG_1609-768x1024.jpeg 768w, https:\/\/www.montendre.se\/wp-content\/uploads\/2023\/05\/IMG_1609-700x933.jpeg 700w, https:\/\/www.montendre.se\/wp-content\/uploads\/2023\/05\/IMG_1609.jpeg 960w\" sizes=\"(max-width: 225px) 100vw, 225px\" \/><\/a>Planterade lite salvia i krukan vid garaget. Den har alltid varit tom.<\/p>\n<p><a href=\"https:\/\/www.montendre.se\/wp-content\/uploads\/2023\/05\/IMG_1608.jpeg\"><img loading=\"lazy\" decoding=\"async\" class=\"size-medium wp-image-5576 aligncenter\" src=\"https:\/\/www.montendre.se\/wp-content\/uploads\/2023\/05\/IMG_1608-225x300.jpeg\" alt=\"\" width=\"225\" height=\"300\" srcset=\"https:\/\/www.montendre.se\/wp-content\/uploads\/2023\/05\/IMG_1608-225x300.jpeg 225w, https:\/\/www.montendre.se\/wp-content\/uploads\/2023\/05\/IMG_1608-768x1024.jpeg 768w, https:\/\/www.montendre.se\/wp-content\/uploads\/2023\/05\/IMG_1608-700x933.jpeg 700w, https:\/\/www.montendre.se\/wp-content\/uploads\/2023\/05\/IMG_1608.jpeg 960w\" sizes=\"(max-width: 225px) 100vw, 225px\" \/><\/a>N\u00e4r man ser h\u00e4cken med de delar som inte klippts och de jag har klippt s\u00e5 f\u00e5r man vara glad att jag klipper en del av h\u00e4cken i alla fall. Annars hade det varit en riktig mur av tuja. Hade f\u00f6rm\u00f6rkat solen f\u00f6r husen som ligger bakom.<\/p>\n<p><a href=\"https:\/\/www.montendre.se\/wp-content\/uploads\/2023\/05\/IMG_1615.jpeg\"><img loading=\"lazy\" decoding=\"async\" class=\"size-medium wp-image-5577 aligncenter\" src=\"https:\/\/www.montendre.se\/wp-content\/uploads\/2023\/05\/IMG_1615-300x225.jpeg\" alt=\"\" width=\"300\" height=\"225\" srcset=\"https:\/\/www.montendre.se\/wp-content\/uploads\/2023\/05\/IMG_1615-300x225.jpeg 300w, https:\/\/www.montendre.se\/wp-content\/uploads\/2023\/05\/IMG_1615-1024x768.jpeg 1024w, https:\/\/www.montendre.se\/wp-content\/uploads\/2023\/05\/IMG_1615-768x576.jpeg 768w, https:\/\/www.montendre.se\/wp-content\/uploads\/2023\/05\/IMG_1615-268x200.jpeg 268w, https:\/\/www.montendre.se\/wp-content\/uploads\/2023\/05\/IMG_1615-700x525.jpeg 700w, https:\/\/www.montendre.se\/wp-content\/uploads\/2023\/05\/IMG_1615.jpeg 1280w\" sizes=\"(max-width: 300px) 100vw, 300px\" \/><\/a>Middag hemma, f\u00e5rostpasta.<\/p>\n","protected":false},"excerpt":{"rendered":"<p>Soligt hela dagen, 29 grader som mest. Rosorna mot gatan blommar fint nu. B\u00f6rjade rensa rabatten mot muren. R\u00e4tt mycket ogr\u00e4s och gamla d\u00f6da grenar h\u00e4r och d\u00e4r. Inte riktigt samma vinkel och vy, men man ser nog skillnaden \u00e4nd\u00e5. Fint med nejlikor och sedan s\u00f6mntutorna. Planterade lite salvia i &#8230;<\/p>\n","protected":false},"author":1,"featured_media":0,"comment_status":"open","ping_status":"open","sticky":false,"template":"","format":"standard","meta":{"jetpack_post_was_ever_published":false,"_jetpack_newsletter_access":"","_jetpack_dont_email_post_to_subs":false,"_jetpack_newsletter_tier_id":0,"footnotes":""},"categories":[84],"tags":[],"jetpack_sharing_enabled":true,"jetpack_featured_media_url":"","_links":{"self":[{"href":"https:\/\/www.montendre.se\/index.php?rest_route=\/wp\/v2\/posts\/5572"}],"collection":[{"href":"https:\/\/www.montendre.se\/index.php?rest_route=\/wp\/v2\/posts"}],"about":[{"href":"https:\/\/www.montendre.se\/index.php?rest_route=\/wp\/v2\/types\/post"}],"author":[{"embeddable":true,"href":"https:\/\/www.montendre.se\/index.php?rest_route=\/wp\/v2\/users\/1"}],"replies":[{"embeddable":true,"href":"https:\/\/www.montendre.se\/index.php?rest_route=%2Fwp%2Fv2%2Fcomments&post=5572"}],"version-history":[{"count":2,"href":"https:\/\/www.montendre.se\/index.php?rest_route=\/wp\/v2\/posts\/5572\/revisions"}],"predecessor-version":[{"id":5579,"href":"https:\/\/www.montendre.se\/index.php?rest_route=\/wp\/v2\/posts\/5572\/revisions\/5579"}],"wp:attachment":[{"href":"https:\/\/www.montendre.se\/index.php?rest_route=%2Fwp%2Fv2%2Fmedia&parent=5572"}],"wp:term":[{"taxonomy":"category","embeddable":true,"href":"https:\/\/www.montendre.se\/index.php?rest_route=%2Fwp%2Fv2%2Fcategories&post=5572"},{"taxonomy":"post_tag","embeddable":true,"href":"https:\/\/www.montendre.se\/index.php?rest_route=%2Fwp%2Fv2%2Ftags&post=5572"}],"curies":[{"name":"wp","href":"https:\/\/api.w.org\/{rel}","templated":true}]}}