{"id":5567,"date":"2023-05-03T11:14:13","date_gmt":"2023-05-03T09:14:13","guid":{"rendered":"https:\/\/www.montendre.se\/?p=5567"},"modified":"2023-05-03T11:14:13","modified_gmt":"2023-05-03T09:14:13","slug":"2-maj-2023","status":"publish","type":"post","link":"https:\/\/www.montendre.se\/?p=5567","title":{"rendered":"2 maj 2023"},"content":{"rendered":"<p>Soligt och 22 grader som mest. Lite mer ljummet p\u00e5 kv\u00e4llen s\u00e5 middag utomhus.<\/p>\n<p>Fortsatte med att fixa med Klippos kabel. \u00c5kte och k\u00f6pte mer kabel och fick efter ganska l\u00e5ng tid fart p\u00e5 hela begr\u00e4nsningsslingan.<\/p>\n<p>K\u00f6pte lite g\u00f6dsel till gr\u00e4smattan och spalj\u00e9 till bougainvillan.<\/p>\n<p><a href=\"https:\/\/www.montendre.se\/wp-content\/uploads\/2023\/05\/IMG_1594.jpeg\"><img loading=\"lazy\" decoding=\"async\" class=\"size-medium wp-image-5568 aligncenter\" src=\"https:\/\/www.montendre.se\/wp-content\/uploads\/2023\/05\/IMG_1594-225x300.jpeg\" alt=\"\" width=\"225\" height=\"300\" srcset=\"https:\/\/www.montendre.se\/wp-content\/uploads\/2023\/05\/IMG_1594-225x300.jpeg 225w, https:\/\/www.montendre.se\/wp-content\/uploads\/2023\/05\/IMG_1594-768x1024.jpeg 768w, https:\/\/www.montendre.se\/wp-content\/uploads\/2023\/05\/IMG_1594-700x933.jpeg 700w, https:\/\/www.montendre.se\/wp-content\/uploads\/2023\/05\/IMG_1594.jpeg 960w\" sizes=\"(max-width: 225px) 100vw, 225px\" \/><\/a>Klippt och putsat p\u00e5 lite buskar och tr\u00e4d.<\/p>\n<p>Takl\u00e4ggaren kom strax efter fem. Kollade runt och st\u00e4llde lite fr\u00e5gor. Ska komma tillbaka i morgon eller p\u00e5 torsdag s\u00e5 ska jag v\u00e4lja takpannor. Sedan kommer de b\u00f6rja jobbet p\u00e5 tisdag. (P\u00e5 m\u00e5ndag \u00e4r det ju helg igen h\u00e4r, segern i andra v\u00e4rldskriget.) Och de kommer vara klara senast 30 maj.<\/p>\n<p>Middag hemma, f\u00e5rostpasta.<\/p>\n","protected":false},"excerpt":{"rendered":"<p>Soligt och 22 grader som mest. Lite mer ljummet p\u00e5 kv\u00e4llen s\u00e5 middag utomhus. Fortsatte med att fixa med Klippos kabel. \u00c5kte och k\u00f6pte mer kabel och fick efter ganska l\u00e5ng tid fart p\u00e5 hela begr\u00e4nsningsslingan. K\u00f6pte lite g\u00f6dsel till gr\u00e4smattan och spalj\u00e9 till bougainvillan. Klippt och putsat p\u00e5 lite &#8230;<\/p>\n","protected":false},"author":1,"featured_media":0,"comment_status":"open","ping_status":"open","sticky":false,"template":"","format":"standard","meta":{"jetpack_post_was_ever_published":false,"_jetpack_newsletter_access":"","_jetpack_dont_email_post_to_subs":false,"_jetpack_newsletter_tier_id":0,"footnotes":""},"categories":[84],"tags":[],"jetpack_sharing_enabled":true,"jetpack_featured_media_url":"","_links":{"self":[{"href":"https:\/\/www.montendre.se\/index.php?rest_route=\/wp\/v2\/posts\/5567"}],"collection":[{"href":"https:\/\/www.montendre.se\/index.php?rest_route=\/wp\/v2\/posts"}],"about":[{"href":"https:\/\/www.montendre.se\/index.php?rest_route=\/wp\/v2\/types\/post"}],"author":[{"embeddable":true,"href":"https:\/\/www.montendre.se\/index.php?rest_route=\/wp\/v2\/users\/1"}],"replies":[{"embeddable":true,"href":"https:\/\/www.montendre.se\/index.php?rest_route=%2Fwp%2Fv2%2Fcomments&post=5567"}],"version-history":[{"count":1,"href":"https:\/\/www.montendre.se\/index.php?rest_route=\/wp\/v2\/posts\/5567\/revisions"}],"predecessor-version":[{"id":5569,"href":"https:\/\/www.montendre.se\/index.php?rest_route=\/wp\/v2\/posts\/5567\/revisions\/5569"}],"wp:attachment":[{"href":"https:\/\/www.montendre.se\/index.php?rest_route=%2Fwp%2Fv2%2Fmedia&parent=5567"}],"wp:term":[{"taxonomy":"category","embeddable":true,"href":"https:\/\/www.montendre.se\/index.php?rest_route=%2Fwp%2Fv2%2Fcategories&post=5567"},{"taxonomy":"post_tag","embeddable":true,"href":"https:\/\/www.montendre.se\/index.php?rest_route=%2Fwp%2Fv2%2Ftags&post=5567"}],"curies":[{"name":"wp","href":"https:\/\/api.w.org\/{rel}","templated":true}]}}