{"id":5542,"date":"2023-04-30T22:35:03","date_gmt":"2023-04-30T20:35:03","guid":{"rendered":"https:\/\/www.montendre.se\/?p=5542"},"modified":"2023-04-30T22:58:54","modified_gmt":"2023-04-30T20:58:54","slug":"30-april-2023","status":"publish","type":"post","link":"https:\/\/www.montendre.se\/?p=5542","title":{"rendered":"30 april 2023"},"content":{"rendered":"<p>Nedresa med tre timmars v\u00e4ntan i Amsterdam. Framme vid huset klockan sex. 22 grader och sol men \u00e5ska p\u00e5 avst\u00e5nd.<\/p>\n<p>Resa f\u00f6r att ha m\u00f6te med takl\u00e4ggaren p\u00e5 tisdag eftermiddag, s\u00e5 jag reser sj\u00e4lv den h\u00e4r g\u00e5ngen.<\/p>\n<p>Klippo har ju inte funkat s\u00e5 gr\u00e4set \u00e4r r\u00e4tt l\u00e5ngt trots att det bara g\u00e5tt tv\u00e5 veckor sedan vi var nere sist.<\/p>\n<p><a href=\"https:\/\/www.montendre.se\/wp-content\/uploads\/2023\/04\/IMG_1562.jpeg\"><img loading=\"lazy\" decoding=\"async\" class=\"size-medium wp-image-5543 aligncenter\" src=\"https:\/\/www.montendre.se\/wp-content\/uploads\/2023\/04\/IMG_1562-300x225.jpeg\" alt=\"\" width=\"300\" height=\"225\" srcset=\"https:\/\/www.montendre.se\/wp-content\/uploads\/2023\/04\/IMG_1562-300x225.jpeg 300w, https:\/\/www.montendre.se\/wp-content\/uploads\/2023\/04\/IMG_1562-1024x768.jpeg 1024w, https:\/\/www.montendre.se\/wp-content\/uploads\/2023\/04\/IMG_1562-768x576.jpeg 768w, https:\/\/www.montendre.se\/wp-content\/uploads\/2023\/04\/IMG_1562-268x200.jpeg 268w, https:\/\/www.montendre.se\/wp-content\/uploads\/2023\/04\/IMG_1562-700x525.jpeg 700w, https:\/\/www.montendre.se\/wp-content\/uploads\/2023\/04\/IMG_1562.jpeg 1280w\" sizes=\"(max-width: 300px) 100vw, 300px\" \/><\/a>Och \u00e4ven ogr\u00e4set hinner v\u00e4xa en hel del&#8230;<a href=\"https:\/\/www.montendre.se\/wp-content\/uploads\/2023\/04\/IMG_1564.jpeg\"><img loading=\"lazy\" decoding=\"async\" class=\"size-medium wp-image-5544 aligncenter\" src=\"https:\/\/www.montendre.se\/wp-content\/uploads\/2023\/04\/IMG_1564-300x225.jpeg\" alt=\"\" width=\"300\" height=\"225\" srcset=\"https:\/\/www.montendre.se\/wp-content\/uploads\/2023\/04\/IMG_1564-300x225.jpeg 300w, https:\/\/www.montendre.se\/wp-content\/uploads\/2023\/04\/IMG_1564-1024x768.jpeg 1024w, https:\/\/www.montendre.se\/wp-content\/uploads\/2023\/04\/IMG_1564-768x576.jpeg 768w, https:\/\/www.montendre.se\/wp-content\/uploads\/2023\/04\/IMG_1564-268x200.jpeg 268w, https:\/\/www.montendre.se\/wp-content\/uploads\/2023\/04\/IMG_1564-700x525.jpeg 700w, https:\/\/www.montendre.se\/wp-content\/uploads\/2023\/04\/IMG_1564.jpeg 1280w\" sizes=\"(max-width: 300px) 100vw, 300px\" \/><\/a><\/p>\n<p>Bougainvillean har klarat sig de h\u00e4r tv\u00e5 veckorna i alla fall.<\/p>\n<p><a href=\"https:\/\/www.montendre.se\/wp-content\/uploads\/2023\/04\/IMG_1565.jpeg\"><img loading=\"lazy\" decoding=\"async\" class=\"size-medium wp-image-5545 aligncenter\" src=\"https:\/\/www.montendre.se\/wp-content\/uploads\/2023\/04\/IMG_1565-225x300.jpeg\" alt=\"\" width=\"225\" height=\"300\" srcset=\"https:\/\/www.montendre.se\/wp-content\/uploads\/2023\/04\/IMG_1565-225x300.jpeg 225w, https:\/\/www.montendre.se\/wp-content\/uploads\/2023\/04\/IMG_1565-768x1024.jpeg 768w, https:\/\/www.montendre.se\/wp-content\/uploads\/2023\/04\/IMG_1565-700x933.jpeg 700w, https:\/\/www.montendre.se\/wp-content\/uploads\/2023\/04\/IMG_1565.jpeg 960w\" sizes=\"(max-width: 225px) 100vw, 225px\" \/><\/a>St\u00e4ppsalvian har b\u00f6rjat blomma lite.<\/p>\n<p><a href=\"https:\/\/www.montendre.se\/wp-content\/uploads\/2023\/04\/IMG_1567.jpeg\"><img loading=\"lazy\" decoding=\"async\" class=\"size-medium wp-image-5546 aligncenter\" src=\"https:\/\/www.montendre.se\/wp-content\/uploads\/2023\/04\/IMG_1567-225x300.jpeg\" alt=\"\" width=\"225\" height=\"300\" srcset=\"https:\/\/www.montendre.se\/wp-content\/uploads\/2023\/04\/IMG_1567-225x300.jpeg 225w, https:\/\/www.montendre.se\/wp-content\/uploads\/2023\/04\/IMG_1567-768x1024.jpeg 768w, https:\/\/www.montendre.se\/wp-content\/uploads\/2023\/04\/IMG_1567-700x933.jpeg 700w, https:\/\/www.montendre.se\/wp-content\/uploads\/2023\/04\/IMG_1567.jpeg 960w\" sizes=\"(max-width: 225px) 100vw, 225px\" \/><\/a>Och lite fler nejlikor.<\/p>\n<p><a href=\"https:\/\/www.montendre.se\/wp-content\/uploads\/2023\/04\/IMG_1568.jpeg\"><img loading=\"lazy\" decoding=\"async\" class=\"size-medium wp-image-5547 aligncenter\" src=\"https:\/\/www.montendre.se\/wp-content\/uploads\/2023\/04\/IMG_1568-225x300.jpeg\" alt=\"\" width=\"225\" height=\"300\" srcset=\"https:\/\/www.montendre.se\/wp-content\/uploads\/2023\/04\/IMG_1568-225x300.jpeg 225w, https:\/\/www.montendre.se\/wp-content\/uploads\/2023\/04\/IMG_1568-768x1024.jpeg 768w, https:\/\/www.montendre.se\/wp-content\/uploads\/2023\/04\/IMG_1568-700x933.jpeg 700w, https:\/\/www.montendre.se\/wp-content\/uploads\/2023\/04\/IMG_1568.jpeg 960w\" sizes=\"(max-width: 225px) 100vw, 225px\" \/><\/a>Och fortfarande n\u00e5gra syrener.<\/p>\n<p><a href=\"https:\/\/www.montendre.se\/wp-content\/uploads\/2023\/04\/IMG_1569.jpeg\"><img loading=\"lazy\" decoding=\"async\" class=\"size-medium wp-image-5548 aligncenter\" src=\"https:\/\/www.montendre.se\/wp-content\/uploads\/2023\/04\/IMG_1569-225x300.jpeg\" alt=\"\" width=\"225\" height=\"300\" srcset=\"https:\/\/www.montendre.se\/wp-content\/uploads\/2023\/04\/IMG_1569-225x300.jpeg 225w, https:\/\/www.montendre.se\/wp-content\/uploads\/2023\/04\/IMG_1569-768x1024.jpeg 768w, https:\/\/www.montendre.se\/wp-content\/uploads\/2023\/04\/IMG_1569-700x933.jpeg 700w, https:\/\/www.montendre.se\/wp-content\/uploads\/2023\/04\/IMG_1569.jpeg 960w\" sizes=\"(max-width: 225px) 100vw, 225px\" \/><\/a>Alpakleja i l\u00e5dan. Finns i landet ocks\u00e5.<\/p>\n<p><a href=\"https:\/\/www.montendre.se\/wp-content\/uploads\/2023\/04\/IMG_1570.jpeg\"><img loading=\"lazy\" decoding=\"async\" class=\"size-medium wp-image-5549 aligncenter\" src=\"https:\/\/www.montendre.se\/wp-content\/uploads\/2023\/04\/IMG_1570-300x225.jpeg\" alt=\"\" width=\"300\" height=\"225\" srcset=\"https:\/\/www.montendre.se\/wp-content\/uploads\/2023\/04\/IMG_1570-300x225.jpeg 300w, https:\/\/www.montendre.se\/wp-content\/uploads\/2023\/04\/IMG_1570-1024x768.jpeg 1024w, https:\/\/www.montendre.se\/wp-content\/uploads\/2023\/04\/IMG_1570-768x576.jpeg 768w, https:\/\/www.montendre.se\/wp-content\/uploads\/2023\/04\/IMG_1570-268x200.jpeg 268w, https:\/\/www.montendre.se\/wp-content\/uploads\/2023\/04\/IMG_1570-700x525.jpeg 700w, https:\/\/www.montendre.se\/wp-content\/uploads\/2023\/04\/IMG_1570.jpeg 1280w\" sizes=\"(max-width: 300px) 100vw, 300px\" \/><\/a>Lite bl\u00e5regn men v\u00e4xer h\u00f6gt upp s\u00e5 man ser det knappt.<\/p>\n<p><a href=\"https:\/\/www.montendre.se\/wp-content\/uploads\/2023\/04\/IMG_1571.jpeg\"><img loading=\"lazy\" decoding=\"async\" class=\"size-medium wp-image-5550 aligncenter\" src=\"https:\/\/www.montendre.se\/wp-content\/uploads\/2023\/04\/IMG_1571-300x225.jpeg\" alt=\"\" width=\"300\" height=\"225\" srcset=\"https:\/\/www.montendre.se\/wp-content\/uploads\/2023\/04\/IMG_1571-300x225.jpeg 300w, https:\/\/www.montendre.se\/wp-content\/uploads\/2023\/04\/IMG_1571-1024x768.jpeg 1024w, https:\/\/www.montendre.se\/wp-content\/uploads\/2023\/04\/IMG_1571-768x576.jpeg 768w, https:\/\/www.montendre.se\/wp-content\/uploads\/2023\/04\/IMG_1571-268x200.jpeg 268w, https:\/\/www.montendre.se\/wp-content\/uploads\/2023\/04\/IMG_1571-700x525.jpeg 700w, https:\/\/www.montendre.se\/wp-content\/uploads\/2023\/04\/IMG_1571.jpeg 1280w\" sizes=\"(max-width: 300px) 100vw, 300px\" \/><\/a><a href=\"https:\/\/www.montendre.se\/wp-content\/uploads\/2023\/04\/IMG_1572.jpeg\"><img loading=\"lazy\" decoding=\"async\" class=\"size-medium wp-image-5551 aligncenter\" src=\"https:\/\/www.montendre.se\/wp-content\/uploads\/2023\/04\/IMG_1572-300x225.jpeg\" alt=\"\" width=\"300\" height=\"225\" srcset=\"https:\/\/www.montendre.se\/wp-content\/uploads\/2023\/04\/IMG_1572-300x225.jpeg 300w, https:\/\/www.montendre.se\/wp-content\/uploads\/2023\/04\/IMG_1572-1024x768.jpeg 1024w, https:\/\/www.montendre.se\/wp-content\/uploads\/2023\/04\/IMG_1572-768x576.jpeg 768w, https:\/\/www.montendre.se\/wp-content\/uploads\/2023\/04\/IMG_1572-268x200.jpeg 268w, https:\/\/www.montendre.se\/wp-content\/uploads\/2023\/04\/IMG_1572-700x525.jpeg 700w, https:\/\/www.montendre.se\/wp-content\/uploads\/2023\/04\/IMG_1572.jpeg 1280w\" sizes=\"(max-width: 300px) 100vw, 300px\" \/><\/a><\/p>\n<p>B\u00f6rja leta fel med klippos kabel och hittade var kabeln var trasig. Vet inte om det bara \u00e4r normalt slitage? Har legat d\u00e4r i jorden i snart 6 \u00e5r. B\u00f6rjade byta ut den men hann inte klart.<\/p>\n<p><a href=\"https:\/\/www.montendre.se\/wp-content\/uploads\/2023\/04\/IMG_1574.jpeg\"><img loading=\"lazy\" decoding=\"async\" class=\"size-medium wp-image-5552 aligncenter\" src=\"https:\/\/www.montendre.se\/wp-content\/uploads\/2023\/04\/IMG_1574-300x225.jpeg\" alt=\"\" width=\"300\" height=\"225\" srcset=\"https:\/\/www.montendre.se\/wp-content\/uploads\/2023\/04\/IMG_1574-300x225.jpeg 300w, https:\/\/www.montendre.se\/wp-content\/uploads\/2023\/04\/IMG_1574-1024x768.jpeg 1024w, https:\/\/www.montendre.se\/wp-content\/uploads\/2023\/04\/IMG_1574-768x576.jpeg 768w, https:\/\/www.montendre.se\/wp-content\/uploads\/2023\/04\/IMG_1574-268x200.jpeg 268w, https:\/\/www.montendre.se\/wp-content\/uploads\/2023\/04\/IMG_1574-700x525.jpeg 700w, https:\/\/www.montendre.se\/wp-content\/uploads\/2023\/04\/IMG_1574.jpeg 1280w\" sizes=\"(max-width: 300px) 100vw, 300px\" \/><\/a>Har inte haft tillg\u00e5ng till huset via internet och nu f\u00f6rst\u00e5r jag varf\u00f6r, verkar som Orange har st\u00e4ngt av telefonen och gamla internet-kopplingen n\u00e4r de kopplade in fibern. Trots att jag uttryckligen sagt att jag ville ha kvar fast telefon och gamla internetet. Jag ville ha en \u00f6verg\u00e5ngsperiod men det gick tydligen inte. Suck&#8230;<\/p>\n<p>Allt st\u00e4ngt s\u00e5 det blev pizza till middag. Och i morgon \u00e4r det ju f\u00f6rsta maj s\u00e5 \u00e4ven d\u00e5 \u00e4r allt st\u00e4ngt (\u00e4ven p\u00e5 f\u00f6rmiddagen) s\u00e5 jag f\u00f6rs\u00f6kte fixa ihop en enkel frukost p\u00e5 Amsterdams flygplats. Lite spartanskt blir det i morgon.<\/p>\n<p>&nbsp;<\/p>\n","protected":false},"excerpt":{"rendered":"<p>Nedresa med tre timmars v\u00e4ntan i Amsterdam. Framme vid huset klockan sex. 22 grader och sol men \u00e5ska p\u00e5 avst\u00e5nd. Resa f\u00f6r att ha m\u00f6te med takl\u00e4ggaren p\u00e5 tisdag eftermiddag, s\u00e5 jag reser sj\u00e4lv den h\u00e4r g\u00e5ngen. Klippo har ju inte funkat s\u00e5 gr\u00e4set \u00e4r r\u00e4tt l\u00e5ngt trots att det &#8230;<\/p>\n","protected":false},"author":1,"featured_media":0,"comment_status":"open","ping_status":"open","sticky":false,"template":"","format":"standard","meta":{"jetpack_post_was_ever_published":false,"_jetpack_newsletter_access":"","_jetpack_dont_email_post_to_subs":false,"_jetpack_newsletter_tier_id":0,"footnotes":""},"categories":[84],"tags":[],"jetpack_sharing_enabled":true,"jetpack_featured_media_url":"","_links":{"self":[{"href":"https:\/\/www.montendre.se\/index.php?rest_route=\/wp\/v2\/posts\/5542"}],"collection":[{"href":"https:\/\/www.montendre.se\/index.php?rest_route=\/wp\/v2\/posts"}],"about":[{"href":"https:\/\/www.montendre.se\/index.php?rest_route=\/wp\/v2\/types\/post"}],"author":[{"embeddable":true,"href":"https:\/\/www.montendre.se\/index.php?rest_route=\/wp\/v2\/users\/1"}],"replies":[{"embeddable":true,"href":"https:\/\/www.montendre.se\/index.php?rest_route=%2Fwp%2Fv2%2Fcomments&post=5542"}],"version-history":[{"count":3,"href":"https:\/\/www.montendre.se\/index.php?rest_route=\/wp\/v2\/posts\/5542\/revisions"}],"predecessor-version":[{"id":5555,"href":"https:\/\/www.montendre.se\/index.php?rest_route=\/wp\/v2\/posts\/5542\/revisions\/5555"}],"wp:attachment":[{"href":"https:\/\/www.montendre.se\/index.php?rest_route=%2Fwp%2Fv2%2Fmedia&parent=5542"}],"wp:term":[{"taxonomy":"category","embeddable":true,"href":"https:\/\/www.montendre.se\/index.php?rest_route=%2Fwp%2Fv2%2Fcategories&post=5542"},{"taxonomy":"post_tag","embeddable":true,"href":"https:\/\/www.montendre.se\/index.php?rest_route=%2Fwp%2Fv2%2Ftags&post=5542"}],"curies":[{"name":"wp","href":"https:\/\/api.w.org\/{rel}","templated":true}]}}