{"id":5507,"date":"2023-04-15T11:20:48","date_gmt":"2023-04-15T09:20:48","guid":{"rendered":"https:\/\/www.montendre.se\/?p=5507"},"modified":"2023-04-15T11:20:48","modified_gmt":"2023-04-15T09:20:48","slug":"14-april-2023","status":"publish","type":"post","link":"https:\/\/www.montendre.se\/?p=5507","title":{"rendered":"14 april 2023"},"content":{"rendered":"<p>Busv\u00e4der hela dagen, mycket regn, mycket vind, 15 grader.<\/p>\n<p>M\u00e5lade ytterligare ett lager p\u00e5 den sidan av taket som jag m\u00e5lade f\u00f6rra resan och som s\u00e5g flammig ut.<\/p>\n<p>Bytte batteri i v\u00e4derstationens utomhusdel.<\/p>\n<p>\u00c5kte ner och handlade lite blommor i alla fall. L planterade en del direkt i ett uppeh\u00e5ll mellan regnskurarna.<a href=\"https:\/\/www.montendre.se\/wp-content\/uploads\/2023\/04\/IMG_1521.jpeg\"><img loading=\"lazy\" decoding=\"async\" class=\"size-medium wp-image-5511 aligncenter\" src=\"https:\/\/www.montendre.se\/wp-content\/uploads\/2023\/04\/IMG_1521-300x225.jpeg\" alt=\"\" width=\"300\" height=\"225\" srcset=\"https:\/\/www.montendre.se\/wp-content\/uploads\/2023\/04\/IMG_1521-300x225.jpeg 300w, https:\/\/www.montendre.se\/wp-content\/uploads\/2023\/04\/IMG_1521-1024x768.jpeg 1024w, https:\/\/www.montendre.se\/wp-content\/uploads\/2023\/04\/IMG_1521-768x576.jpeg 768w, https:\/\/www.montendre.se\/wp-content\/uploads\/2023\/04\/IMG_1521-268x200.jpeg 268w, https:\/\/www.montendre.se\/wp-content\/uploads\/2023\/04\/IMG_1521-700x525.jpeg 700w, https:\/\/www.montendre.se\/wp-content\/uploads\/2023\/04\/IMG_1521.jpeg 1280w\" sizes=\"(max-width: 300px) 100vw, 300px\" \/><\/a>Middag p\u00e5 Talmelier. N\u00e4r vi kom dit strax f\u00f6re halv \u00e5tta var det m\u00f6rkt och personalen (alla 3) satt p\u00e5 stolar i m\u00f6rkret. Men de t\u00e4nde snabbt upp n\u00e4r de s\u00e5g oss men d\u00e5 trodde vi n\u00e4stan vi skulle bli sj\u00e4lva d\u00e4r. Det har h\u00e4nt f\u00f6rr, men sedan str\u00f6mmade det dit folk s\u00e5 att det n\u00e4stan var fullt, 14 g\u00e4ster totalt.<\/p>\n","protected":false},"excerpt":{"rendered":"<p>Busv\u00e4der hela dagen, mycket regn, mycket vind, 15 grader. M\u00e5lade ytterligare ett lager p\u00e5 den sidan av taket som jag m\u00e5lade f\u00f6rra resan och som s\u00e5g flammig ut. Bytte batteri i v\u00e4derstationens utomhusdel. \u00c5kte ner och handlade lite blommor i alla fall. L planterade en del direkt i ett uppeh\u00e5ll &#8230;<\/p>\n","protected":false},"author":1,"featured_media":0,"comment_status":"open","ping_status":"open","sticky":false,"template":"","format":"standard","meta":{"jetpack_post_was_ever_published":false,"_jetpack_newsletter_access":"","_jetpack_dont_email_post_to_subs":false,"_jetpack_newsletter_tier_id":0,"footnotes":""},"categories":[83],"tags":[],"jetpack_sharing_enabled":true,"jetpack_featured_media_url":"","_links":{"self":[{"href":"https:\/\/www.montendre.se\/index.php?rest_route=\/wp\/v2\/posts\/5507"}],"collection":[{"href":"https:\/\/www.montendre.se\/index.php?rest_route=\/wp\/v2\/posts"}],"about":[{"href":"https:\/\/www.montendre.se\/index.php?rest_route=\/wp\/v2\/types\/post"}],"author":[{"embeddable":true,"href":"https:\/\/www.montendre.se\/index.php?rest_route=\/wp\/v2\/users\/1"}],"replies":[{"embeddable":true,"href":"https:\/\/www.montendre.se\/index.php?rest_route=%2Fwp%2Fv2%2Fcomments&post=5507"}],"version-history":[{"count":3,"href":"https:\/\/www.montendre.se\/index.php?rest_route=\/wp\/v2\/posts\/5507\/revisions"}],"predecessor-version":[{"id":5512,"href":"https:\/\/www.montendre.se\/index.php?rest_route=\/wp\/v2\/posts\/5507\/revisions\/5512"}],"wp:attachment":[{"href":"https:\/\/www.montendre.se\/index.php?rest_route=%2Fwp%2Fv2%2Fmedia&parent=5507"}],"wp:term":[{"taxonomy":"category","embeddable":true,"href":"https:\/\/www.montendre.se\/index.php?rest_route=%2Fwp%2Fv2%2Fcategories&post=5507"},{"taxonomy":"post_tag","embeddable":true,"href":"https:\/\/www.montendre.se\/index.php?rest_route=%2Fwp%2Fv2%2Ftags&post=5507"}],"curies":[{"name":"wp","href":"https:\/\/api.w.org\/{rel}","templated":true}]}}