{"id":5450,"date":"2023-04-10T20:28:05","date_gmt":"2023-04-10T18:28:05","guid":{"rendered":"https:\/\/www.montendre.se\/?p=5450"},"modified":"2023-04-10T22:55:19","modified_gmt":"2023-04-10T20:55:19","slug":"10-april-2023","status":"publish","type":"post","link":"https:\/\/www.montendre.se\/?p=5450","title":{"rendered":"10 april 2023"},"content":{"rendered":"<p>Jag reser ner sj\u00e4lv, L kommer p\u00e5 torsdag eftermiddag.<\/p>\n<p>Allt flyter p\u00e5 bra, lite l\u00e5ng v\u00e4ntan i Amsterdam men k\u00f6per lite l\u00f6kar och godis.<\/p>\n<p>Landar vid halvfem, mulet men 17 grader. Sk\u00f6nt.<\/p>\n<p>Hyr bil fr\u00e5n nytt bolag som hade halva priset j\u00e4mf\u00f6rt med Avis. Verkar funka bra s\u00e5 h\u00e4r l\u00e5ngt.<\/p>\n<p>I tr\u00e4dg\u00e5rden \u00e4r det inte helt utslaget. Linden har b\u00f6rjat sl\u00e5 ut men har lite kvar.<\/p>\n<p><a href=\"https:\/\/www.montendre.se\/wp-content\/uploads\/2023\/04\/IMG_1458.jpeg\"><img loading=\"lazy\" decoding=\"async\" class=\"size-medium wp-image-5451 aligncenter\" src=\"https:\/\/www.montendre.se\/wp-content\/uploads\/2023\/04\/IMG_1458-225x300.jpeg\" alt=\"\" width=\"225\" height=\"300\" srcset=\"https:\/\/www.montendre.se\/wp-content\/uploads\/2023\/04\/IMG_1458-225x300.jpeg 225w, https:\/\/www.montendre.se\/wp-content\/uploads\/2023\/04\/IMG_1458-768x1024.jpeg 768w, https:\/\/www.montendre.se\/wp-content\/uploads\/2023\/04\/IMG_1458-700x933.jpeg 700w, https:\/\/www.montendre.se\/wp-content\/uploads\/2023\/04\/IMG_1458.jpeg 960w\" sizes=\"(max-width: 225px) 100vw, 225px\" \/><\/a><\/p>\n<p>Aubretian i pallkragen blommar fint. Ska plantera ut den i landet till h\u00f6sten.<\/p>\n<p><a href=\"https:\/\/www.montendre.se\/wp-content\/uploads\/2023\/04\/IMG_1460.jpeg\"><img loading=\"lazy\" decoding=\"async\" class=\"size-medium wp-image-5452 aligncenter\" src=\"https:\/\/www.montendre.se\/wp-content\/uploads\/2023\/04\/IMG_1460-300x225.jpeg\" alt=\"\" width=\"300\" height=\"225\" srcset=\"https:\/\/www.montendre.se\/wp-content\/uploads\/2023\/04\/IMG_1460-300x225.jpeg 300w, https:\/\/www.montendre.se\/wp-content\/uploads\/2023\/04\/IMG_1460-1024x768.jpeg 1024w, https:\/\/www.montendre.se\/wp-content\/uploads\/2023\/04\/IMG_1460-768x576.jpeg 768w, https:\/\/www.montendre.se\/wp-content\/uploads\/2023\/04\/IMG_1460-268x200.jpeg 268w, https:\/\/www.montendre.se\/wp-content\/uploads\/2023\/04\/IMG_1460-700x525.jpeg 700w, https:\/\/www.montendre.se\/wp-content\/uploads\/2023\/04\/IMG_1460.jpeg 1280w\" sizes=\"(max-width: 300px) 100vw, 300px\" \/><\/a>F\u00f6delsedagstulpanerna blommar fint.<\/p>\n<p><a href=\"https:\/\/www.montendre.se\/wp-content\/uploads\/2023\/04\/IMG_1461.jpeg\"><img loading=\"lazy\" decoding=\"async\" class=\"size-medium wp-image-5454 aligncenter\" src=\"https:\/\/www.montendre.se\/wp-content\/uploads\/2023\/04\/IMG_1461-300x225.jpeg\" alt=\"\" width=\"300\" height=\"225\" srcset=\"https:\/\/www.montendre.se\/wp-content\/uploads\/2023\/04\/IMG_1461-300x225.jpeg 300w, https:\/\/www.montendre.se\/wp-content\/uploads\/2023\/04\/IMG_1461-1024x768.jpeg 1024w, https:\/\/www.montendre.se\/wp-content\/uploads\/2023\/04\/IMG_1461-768x576.jpeg 768w, https:\/\/www.montendre.se\/wp-content\/uploads\/2023\/04\/IMG_1461-268x200.jpeg 268w, https:\/\/www.montendre.se\/wp-content\/uploads\/2023\/04\/IMG_1461-700x525.jpeg 700w, https:\/\/www.montendre.se\/wp-content\/uploads\/2023\/04\/IMG_1461.jpeg 1280w\" sizes=\"(max-width: 300px) 100vw, 300px\" \/><\/a><\/p>\n<p>Och lite gamla, sporadiska tulpaner h\u00e4r och d\u00e4r.<\/p>\n<p><a href=\"https:\/\/www.montendre.se\/wp-content\/uploads\/2023\/04\/IMG_1463.jpeg\"><img loading=\"lazy\" decoding=\"async\" class=\"size-medium wp-image-5455 aligncenter\" src=\"https:\/\/www.montendre.se\/wp-content\/uploads\/2023\/04\/IMG_1463-300x225.jpeg\" alt=\"\" width=\"300\" height=\"225\" srcset=\"https:\/\/www.montendre.se\/wp-content\/uploads\/2023\/04\/IMG_1463-300x225.jpeg 300w, https:\/\/www.montendre.se\/wp-content\/uploads\/2023\/04\/IMG_1463-1024x768.jpeg 1024w, https:\/\/www.montendre.se\/wp-content\/uploads\/2023\/04\/IMG_1463-768x576.jpeg 768w, https:\/\/www.montendre.se\/wp-content\/uploads\/2023\/04\/IMG_1463-268x200.jpeg 268w, https:\/\/www.montendre.se\/wp-content\/uploads\/2023\/04\/IMG_1463-700x525.jpeg 700w, https:\/\/www.montendre.se\/wp-content\/uploads\/2023\/04\/IMG_1463.jpeg 1280w\" sizes=\"(max-width: 300px) 100vw, 300px\" \/><\/a>Anemoner som vi satte i h\u00f6stas. Tror vi k\u00f6pte dem p\u00e5 Amsterdams flygplats.<\/p>\n<p><a href=\"https:\/\/www.montendre.se\/wp-content\/uploads\/2023\/04\/IMG_1462.jpeg\"><img loading=\"lazy\" decoding=\"async\" class=\"size-medium wp-image-5456 aligncenter\" src=\"https:\/\/www.montendre.se\/wp-content\/uploads\/2023\/04\/IMG_1462-225x300.jpeg\" alt=\"\" width=\"225\" height=\"300\" srcset=\"https:\/\/www.montendre.se\/wp-content\/uploads\/2023\/04\/IMG_1462-225x300.jpeg 225w, https:\/\/www.montendre.se\/wp-content\/uploads\/2023\/04\/IMG_1462-768x1024.jpeg 768w, https:\/\/www.montendre.se\/wp-content\/uploads\/2023\/04\/IMG_1462-700x933.jpeg 700w, https:\/\/www.montendre.se\/wp-content\/uploads\/2023\/04\/IMG_1462.jpeg 960w\" sizes=\"(max-width: 225px) 100vw, 225px\" \/><\/a>Vall\u00f6rten som tidigare stod i pallkragen och jag flyttade ut i rabatten har klarat sig och blommar.<\/p>\n<p>Men b\u00e5de Madeiras Stolthet och buxbomsh\u00e4cken verkar d\u00f6da. Trist.<a href=\"https:\/\/www.montendre.se\/wp-content\/uploads\/2023\/04\/IMG_1464.jpeg\"><img loading=\"lazy\" decoding=\"async\" class=\"size-medium wp-image-5457 aligncenter\" src=\"https:\/\/www.montendre.se\/wp-content\/uploads\/2023\/04\/IMG_1464-225x300.jpeg\" alt=\"\" width=\"225\" height=\"300\" srcset=\"https:\/\/www.montendre.se\/wp-content\/uploads\/2023\/04\/IMG_1464-225x300.jpeg 225w, https:\/\/www.montendre.se\/wp-content\/uploads\/2023\/04\/IMG_1464-768x1024.jpeg 768w, https:\/\/www.montendre.se\/wp-content\/uploads\/2023\/04\/IMG_1464-700x933.jpeg 700w, https:\/\/www.montendre.se\/wp-content\/uploads\/2023\/04\/IMG_1464.jpeg 960w\" sizes=\"(max-width: 225px) 100vw, 225px\" \/><\/a><a href=\"https:\/\/www.montendre.se\/wp-content\/uploads\/2023\/04\/IMG_1465.jpeg\"><img loading=\"lazy\" decoding=\"async\" class=\"size-medium wp-image-5458 aligncenter\" src=\"https:\/\/www.montendre.se\/wp-content\/uploads\/2023\/04\/IMG_1465-300x225.jpeg\" alt=\"\" width=\"300\" height=\"225\" srcset=\"https:\/\/www.montendre.se\/wp-content\/uploads\/2023\/04\/IMG_1465-300x225.jpeg 300w, https:\/\/www.montendre.se\/wp-content\/uploads\/2023\/04\/IMG_1465-1024x768.jpeg 1024w, https:\/\/www.montendre.se\/wp-content\/uploads\/2023\/04\/IMG_1465-768x576.jpeg 768w, https:\/\/www.montendre.se\/wp-content\/uploads\/2023\/04\/IMG_1465-268x200.jpeg 268w, https:\/\/www.montendre.se\/wp-content\/uploads\/2023\/04\/IMG_1465-700x525.jpeg 700w, https:\/\/www.montendre.se\/wp-content\/uploads\/2023\/04\/IMG_1465.jpeg 1280w\" sizes=\"(max-width: 300px) 100vw, 300px\" \/><\/a><\/p>\n<p><a href=\"https:\/\/www.montendre.se\/wp-content\/uploads\/2023\/04\/IMG_1466.jpeg\"><br \/>\n<img loading=\"lazy\" decoding=\"async\" class=\"size-medium wp-image-5459 aligncenter\" src=\"https:\/\/www.montendre.se\/wp-content\/uploads\/2023\/04\/IMG_1466-300x225.jpeg\" alt=\"\" width=\"300\" height=\"225\" srcset=\"https:\/\/www.montendre.se\/wp-content\/uploads\/2023\/04\/IMG_1466-300x225.jpeg 300w, https:\/\/www.montendre.se\/wp-content\/uploads\/2023\/04\/IMG_1466-1024x768.jpeg 1024w, https:\/\/www.montendre.se\/wp-content\/uploads\/2023\/04\/IMG_1466-768x576.jpeg 768w, https:\/\/www.montendre.se\/wp-content\/uploads\/2023\/04\/IMG_1466-268x200.jpeg 268w, https:\/\/www.montendre.se\/wp-content\/uploads\/2023\/04\/IMG_1466-700x525.jpeg 700w, https:\/\/www.montendre.se\/wp-content\/uploads\/2023\/04\/IMG_1466.jpeg 1280w\" sizes=\"(max-width: 300px) 100vw, 300px\" \/><\/a>Gr\u00e4smattan ser ju r\u00e4tt bra ut men jag tror att det \u00e4r knappt 20% gr\u00e4s&#8230;<\/p>\n<p><a href=\"https:\/\/www.montendre.se\/wp-content\/uploads\/2023\/04\/IMG_1467.jpeg\"><img loading=\"lazy\" decoding=\"async\" class=\"size-medium wp-image-5460 aligncenter\" src=\"https:\/\/www.montendre.se\/wp-content\/uploads\/2023\/04\/IMG_1467-300x225.jpeg\" alt=\"\" width=\"300\" height=\"225\" srcset=\"https:\/\/www.montendre.se\/wp-content\/uploads\/2023\/04\/IMG_1467-300x225.jpeg 300w, https:\/\/www.montendre.se\/wp-content\/uploads\/2023\/04\/IMG_1467-1024x768.jpeg 1024w, https:\/\/www.montendre.se\/wp-content\/uploads\/2023\/04\/IMG_1467-768x576.jpeg 768w, https:\/\/www.montendre.se\/wp-content\/uploads\/2023\/04\/IMG_1467-268x200.jpeg 268w, https:\/\/www.montendre.se\/wp-content\/uploads\/2023\/04\/IMG_1467-700x525.jpeg 700w, https:\/\/www.montendre.se\/wp-content\/uploads\/2023\/04\/IMG_1467.jpeg 1280w\" sizes=\"(max-width: 300px) 100vw, 300px\" \/><\/a><\/p>\n<p>De gamla frukttr\u00e4dtr\u00e4den blommar p\u00e5.<\/p>\n<p><a href=\"https:\/\/www.montendre.se\/wp-content\/uploads\/2023\/04\/IMG_1468.jpeg\"><img loading=\"lazy\" decoding=\"async\" class=\"size-medium wp-image-5461 aligncenter\" src=\"https:\/\/www.montendre.se\/wp-content\/uploads\/2023\/04\/IMG_1468-225x300.jpeg\" alt=\"\" width=\"225\" height=\"300\" srcset=\"https:\/\/www.montendre.se\/wp-content\/uploads\/2023\/04\/IMG_1468-225x300.jpeg 225w, https:\/\/www.montendre.se\/wp-content\/uploads\/2023\/04\/IMG_1468-768x1024.jpeg 768w, https:\/\/www.montendre.se\/wp-content\/uploads\/2023\/04\/IMG_1468-700x933.jpeg 700w, https:\/\/www.montendre.se\/wp-content\/uploads\/2023\/04\/IMG_1468.jpeg 960w\" sizes=\"(max-width: 225px) 100vw, 225px\" \/><\/a>Magnoliatr\u00e4det \u00e4r stend\u00f6tt. Sommartorkan kn\u00e4ckte det med. Trist det ocks\u00e5&#8230;<\/p>\n<p><a href=\"https:\/\/www.montendre.se\/wp-content\/uploads\/2023\/04\/IMG_1469.jpeg\"><img loading=\"lazy\" decoding=\"async\" class=\"size-medium wp-image-5463 aligncenter\" src=\"https:\/\/www.montendre.se\/wp-content\/uploads\/2023\/04\/IMG_1469-225x300.jpeg\" alt=\"\" width=\"225\" height=\"300\" srcset=\"https:\/\/www.montendre.se\/wp-content\/uploads\/2023\/04\/IMG_1469-225x300.jpeg 225w, https:\/\/www.montendre.se\/wp-content\/uploads\/2023\/04\/IMG_1469-768x1024.jpeg 768w, https:\/\/www.montendre.se\/wp-content\/uploads\/2023\/04\/IMG_1469-700x933.jpeg 700w, https:\/\/www.montendre.se\/wp-content\/uploads\/2023\/04\/IMG_1469.jpeg 960w\" sizes=\"(max-width: 225px) 100vw, 225px\" \/><\/a>Valn\u00f6tstr\u00e4det verkar dock ha rotat sig ordentligt och har \u00f6verlevt. Lite nya knoppar p\u00e5 g\u00e5ng.<\/p>\n<p><a href=\"https:\/\/www.montendre.se\/wp-content\/uploads\/2023\/04\/IMG_1470.jpeg\"><img loading=\"lazy\" decoding=\"async\" class=\"size-medium wp-image-5462 aligncenter\" src=\"https:\/\/www.montendre.se\/wp-content\/uploads\/2023\/04\/IMG_1470-300x225.jpeg\" alt=\"\" width=\"300\" height=\"225\" srcset=\"https:\/\/www.montendre.se\/wp-content\/uploads\/2023\/04\/IMG_1470-300x225.jpeg 300w, https:\/\/www.montendre.se\/wp-content\/uploads\/2023\/04\/IMG_1470-1024x768.jpeg 1024w, https:\/\/www.montendre.se\/wp-content\/uploads\/2023\/04\/IMG_1470-768x576.jpeg 768w, https:\/\/www.montendre.se\/wp-content\/uploads\/2023\/04\/IMG_1470-268x200.jpeg 268w, https:\/\/www.montendre.se\/wp-content\/uploads\/2023\/04\/IMG_1470-700x525.jpeg 700w, https:\/\/www.montendre.se\/wp-content\/uploads\/2023\/04\/IMG_1470.jpeg 1280w\" sizes=\"(max-width: 300px) 100vw, 300px\" \/><\/a>Gammalt k\u00f6rsb\u00e4rstr\u00e4d.<\/p>\n<p><a href=\"https:\/\/www.montendre.se\/wp-content\/uploads\/2023\/04\/IMG_1471.jpeg\"><img loading=\"lazy\" decoding=\"async\" class=\"size-medium wp-image-5465 aligncenter\" src=\"https:\/\/www.montendre.se\/wp-content\/uploads\/2023\/04\/IMG_1471-300x225.jpeg\" alt=\"\" width=\"300\" height=\"225\" srcset=\"https:\/\/www.montendre.se\/wp-content\/uploads\/2023\/04\/IMG_1471-300x225.jpeg 300w, https:\/\/www.montendre.se\/wp-content\/uploads\/2023\/04\/IMG_1471-1024x768.jpeg 1024w, https:\/\/www.montendre.se\/wp-content\/uploads\/2023\/04\/IMG_1471-768x576.jpeg 768w, https:\/\/www.montendre.se\/wp-content\/uploads\/2023\/04\/IMG_1471-268x200.jpeg 268w, https:\/\/www.montendre.se\/wp-content\/uploads\/2023\/04\/IMG_1471-700x525.jpeg 700w, https:\/\/www.montendre.se\/wp-content\/uploads\/2023\/04\/IMG_1471.jpeg 1280w\" sizes=\"(max-width: 300px) 100vw, 300px\" \/><\/a>Och vinet h\u00e5ller p\u00e5 att sl\u00e5 ut.<\/p>\n<p><a href=\"https:\/\/www.montendre.se\/wp-content\/uploads\/2023\/04\/IMG_1473.jpeg\"><img loading=\"lazy\" decoding=\"async\" class=\"size-medium wp-image-5466 aligncenter\" src=\"https:\/\/www.montendre.se\/wp-content\/uploads\/2023\/04\/IMG_1473-225x300.jpeg\" alt=\"\" width=\"225\" height=\"300\" srcset=\"https:\/\/www.montendre.se\/wp-content\/uploads\/2023\/04\/IMG_1473-225x300.jpeg 225w, https:\/\/www.montendre.se\/wp-content\/uploads\/2023\/04\/IMG_1473-768x1024.jpeg 768w, https:\/\/www.montendre.se\/wp-content\/uploads\/2023\/04\/IMG_1473-700x933.jpeg 700w, https:\/\/www.montendre.se\/wp-content\/uploads\/2023\/04\/IMG_1473.jpeg 960w\" sizes=\"(max-width: 225px) 100vw, 225px\" \/><\/a>Och i rabatten p\u00e5 framsidan blommar lite gamla balkongl\u00f6kar som vi tagit ner fr\u00e5n Sverige. De f\u00e5r ett andra liv nere i Frankrike. Inte det s\u00e4msta!<\/p>\n<p>Pizza hemma. Solen g\u00e5r ner f\u00f6rst tjugo i nio s\u00e5 det \u00e4r ljust l\u00e4nge. Sk\u00f6nt det ocks\u00e5!<\/p>\n<p>&nbsp;<\/p>\n","protected":false},"excerpt":{"rendered":"<p>Jag reser ner sj\u00e4lv, L kommer p\u00e5 torsdag eftermiddag. Allt flyter p\u00e5 bra, lite l\u00e5ng v\u00e4ntan i Amsterdam men k\u00f6per lite l\u00f6kar och godis. Landar vid halvfem, mulet men 17 grader. Sk\u00f6nt. Hyr bil fr\u00e5n nytt bolag som hade halva priset j\u00e4mf\u00f6rt med Avis. Verkar funka bra s\u00e5 h\u00e4r l\u00e5ngt. &#8230;<\/p>\n","protected":false},"author":1,"featured_media":0,"comment_status":"open","ping_status":"open","sticky":false,"template":"","format":"standard","meta":{"jetpack_post_was_ever_published":false,"_jetpack_newsletter_access":"","_jetpack_dont_email_post_to_subs":false,"_jetpack_newsletter_tier_id":0,"footnotes":""},"categories":[83],"tags":[],"jetpack_sharing_enabled":true,"jetpack_featured_media_url":"","_links":{"self":[{"href":"https:\/\/www.montendre.se\/index.php?rest_route=\/wp\/v2\/posts\/5450"}],"collection":[{"href":"https:\/\/www.montendre.se\/index.php?rest_route=\/wp\/v2\/posts"}],"about":[{"href":"https:\/\/www.montendre.se\/index.php?rest_route=\/wp\/v2\/types\/post"}],"author":[{"embeddable":true,"href":"https:\/\/www.montendre.se\/index.php?rest_route=\/wp\/v2\/users\/1"}],"replies":[{"embeddable":true,"href":"https:\/\/www.montendre.se\/index.php?rest_route=%2Fwp%2Fv2%2Fcomments&post=5450"}],"version-history":[{"count":9,"href":"https:\/\/www.montendre.se\/index.php?rest_route=\/wp\/v2\/posts\/5450\/revisions"}],"predecessor-version":[{"id":5476,"href":"https:\/\/www.montendre.se\/index.php?rest_route=\/wp\/v2\/posts\/5450\/revisions\/5476"}],"wp:attachment":[{"href":"https:\/\/www.montendre.se\/index.php?rest_route=%2Fwp%2Fv2%2Fmedia&parent=5450"}],"wp:term":[{"taxonomy":"category","embeddable":true,"href":"https:\/\/www.montendre.se\/index.php?rest_route=%2Fwp%2Fv2%2Fcategories&post=5450"},{"taxonomy":"post_tag","embeddable":true,"href":"https:\/\/www.montendre.se\/index.php?rest_route=%2Fwp%2Fv2%2Ftags&post=5450"}],"curies":[{"name":"wp","href":"https:\/\/api.w.org\/{rel}","templated":true}]}}