{"id":5418,"date":"2023-03-05T09:31:37","date_gmt":"2023-03-05T08:31:37","guid":{"rendered":"https:\/\/www.montendre.se\/?p=5418"},"modified":"2023-03-05T09:31:37","modified_gmt":"2023-03-05T08:31:37","slug":"4-mars-2023","status":"publish","type":"post","link":"https:\/\/www.montendre.se\/?p=5418","title":{"rendered":"4 mars 2023"},"content":{"rendered":"<p>Lite varmare igen men inte s\u00e5 mycket sol, 12 grader. K\u00e4kade lunch utomhus i alla fall f\u00f6r d\u00e5 sken solen.<\/p>\n<p>Det \u00e4r ju lite dystert i tr\u00e4dg\u00e5rden med allt som verkar ha d\u00f6tt efter torkan i juli\/augusti\/september.<\/p>\n<p><a href=\"https:\/\/www.montendre.se\/wp-content\/uploads\/2023\/03\/IMG_1376.jpeg\"><img loading=\"lazy\" decoding=\"async\" class=\"size-medium wp-image-5419 aligncenter\" src=\"https:\/\/www.montendre.se\/wp-content\/uploads\/2023\/03\/IMG_1376-300x225.jpeg\" alt=\"\" width=\"300\" height=\"225\" srcset=\"https:\/\/www.montendre.se\/wp-content\/uploads\/2023\/03\/IMG_1376-300x225.jpeg 300w, https:\/\/www.montendre.se\/wp-content\/uploads\/2023\/03\/IMG_1376-1024x768.jpeg 1024w, https:\/\/www.montendre.se\/wp-content\/uploads\/2023\/03\/IMG_1376-768x576.jpeg 768w, https:\/\/www.montendre.se\/wp-content\/uploads\/2023\/03\/IMG_1376-268x200.jpeg 268w, https:\/\/www.montendre.se\/wp-content\/uploads\/2023\/03\/IMG_1376-700x525.jpeg 700w, https:\/\/www.montendre.se\/wp-content\/uploads\/2023\/03\/IMG_1376.jpeg 1280w\" sizes=\"(max-width: 300px) 100vw, 300px\" \/><\/a>Buxbommen ser n\u00e4stan helt d\u00f6d ut.<\/p>\n<p><a href=\"https:\/\/www.montendre.se\/wp-content\/uploads\/2023\/03\/IMG_1377.jpeg\"><img loading=\"lazy\" decoding=\"async\" class=\"size-medium wp-image-5420 aligncenter\" src=\"https:\/\/www.montendre.se\/wp-content\/uploads\/2023\/03\/IMG_1377-225x300.jpeg\" alt=\"\" width=\"225\" height=\"300\" srcset=\"https:\/\/www.montendre.se\/wp-content\/uploads\/2023\/03\/IMG_1377-225x300.jpeg 225w, https:\/\/www.montendre.se\/wp-content\/uploads\/2023\/03\/IMG_1377-768x1024.jpeg 768w, https:\/\/www.montendre.se\/wp-content\/uploads\/2023\/03\/IMG_1377-700x933.jpeg 700w, https:\/\/www.montendre.se\/wp-content\/uploads\/2023\/03\/IMG_1377.jpeg 960w\" sizes=\"(max-width: 225px) 100vw, 225px\" \/><\/a>Madeiras stolthet ser ocks\u00e5 d\u00f6d ut. Eller s\u00e5 kommer den till liv senare?<\/p>\n<p>M\u00e5lade klart ena sidan av taket.<\/p>\n<p><a href=\"https:\/\/www.montendre.se\/wp-content\/uploads\/2023\/03\/IMG_1378.jpeg\"><img loading=\"lazy\" decoding=\"async\" class=\"size-medium wp-image-5421 aligncenter\" src=\"https:\/\/www.montendre.se\/wp-content\/uploads\/2023\/03\/IMG_1378-225x300.jpeg\" alt=\"\" width=\"225\" height=\"300\" srcset=\"https:\/\/www.montendre.se\/wp-content\/uploads\/2023\/03\/IMG_1378-225x300.jpeg 225w, https:\/\/www.montendre.se\/wp-content\/uploads\/2023\/03\/IMG_1378-768x1024.jpeg 768w, https:\/\/www.montendre.se\/wp-content\/uploads\/2023\/03\/IMG_1378-700x933.jpeg 700w, https:\/\/www.montendre.se\/wp-content\/uploads\/2023\/03\/IMG_1378.jpeg 960w\" sizes=\"(max-width: 225px) 100vw, 225px\" \/><\/a>Rensade ogr\u00e4s i rabatten mot gatan.<\/p>\n<p>Satte n\u00e5gra fler dahlior.<\/p>\n<p><a href=\"https:\/\/www.montendre.se\/wp-content\/uploads\/2023\/03\/IMG_1379.jpeg\"><img loading=\"lazy\" decoding=\"async\" class=\"size-medium wp-image-5422 aligncenter\" src=\"https:\/\/www.montendre.se\/wp-content\/uploads\/2023\/03\/IMG_1379-300x225.jpeg\" alt=\"\" width=\"300\" height=\"225\" srcset=\"https:\/\/www.montendre.se\/wp-content\/uploads\/2023\/03\/IMG_1379-300x225.jpeg 300w, https:\/\/www.montendre.se\/wp-content\/uploads\/2023\/03\/IMG_1379-1024x768.jpeg 1024w, https:\/\/www.montendre.se\/wp-content\/uploads\/2023\/03\/IMG_1379-768x576.jpeg 768w, https:\/\/www.montendre.se\/wp-content\/uploads\/2023\/03\/IMG_1379-268x200.jpeg 268w, https:\/\/www.montendre.se\/wp-content\/uploads\/2023\/03\/IMG_1379-700x525.jpeg 700w, https:\/\/www.montendre.se\/wp-content\/uploads\/2023\/03\/IMG_1379.jpeg 1280w\" sizes=\"(max-width: 300px) 100vw, 300px\" \/><\/a><\/p>\n<p>Och lite fr\u00f6er i l\u00e5dan.<\/p>\n<p><a href=\"https:\/\/www.montendre.se\/wp-content\/uploads\/2023\/03\/IMG_1381.jpeg\"><img loading=\"lazy\" decoding=\"async\" class=\"size-medium wp-image-5423 aligncenter\" src=\"https:\/\/www.montendre.se\/wp-content\/uploads\/2023\/03\/IMG_1381-300x225.jpeg\" alt=\"\" width=\"300\" height=\"225\" srcset=\"https:\/\/www.montendre.se\/wp-content\/uploads\/2023\/03\/IMG_1381-300x225.jpeg 300w, https:\/\/www.montendre.se\/wp-content\/uploads\/2023\/03\/IMG_1381-1024x768.jpeg 1024w, https:\/\/www.montendre.se\/wp-content\/uploads\/2023\/03\/IMG_1381-768x576.jpeg 768w, https:\/\/www.montendre.se\/wp-content\/uploads\/2023\/03\/IMG_1381-268x200.jpeg 268w, https:\/\/www.montendre.se\/wp-content\/uploads\/2023\/03\/IMG_1381-700x525.jpeg 700w, https:\/\/www.montendre.se\/wp-content\/uploads\/2023\/03\/IMG_1381.jpeg 1280w\" sizes=\"(max-width: 300px) 100vw, 300px\" \/><\/a>Middag p\u00e5 Quincaillerian. Bra.<\/p>\n","protected":false},"excerpt":{"rendered":"<p>Lite varmare igen men inte s\u00e5 mycket sol, 12 grader. K\u00e4kade lunch utomhus i alla fall f\u00f6r d\u00e5 sken solen. Det \u00e4r ju lite dystert i tr\u00e4dg\u00e5rden med allt som verkar ha d\u00f6tt efter torkan i juli\/augusti\/september. Buxbommen ser n\u00e4stan helt d\u00f6d ut. Madeiras stolthet ser ocks\u00e5 d\u00f6d ut. Eller &#8230;<\/p>\n","protected":false},"author":1,"featured_media":0,"comment_status":"open","ping_status":"open","sticky":false,"template":"","format":"standard","meta":{"jetpack_post_was_ever_published":false,"_jetpack_newsletter_access":"","_jetpack_dont_email_post_to_subs":false,"_jetpack_newsletter_tier_id":0,"footnotes":""},"categories":[82],"tags":[],"jetpack_sharing_enabled":true,"jetpack_featured_media_url":"","_links":{"self":[{"href":"https:\/\/www.montendre.se\/index.php?rest_route=\/wp\/v2\/posts\/5418"}],"collection":[{"href":"https:\/\/www.montendre.se\/index.php?rest_route=\/wp\/v2\/posts"}],"about":[{"href":"https:\/\/www.montendre.se\/index.php?rest_route=\/wp\/v2\/types\/post"}],"author":[{"embeddable":true,"href":"https:\/\/www.montendre.se\/index.php?rest_route=\/wp\/v2\/users\/1"}],"replies":[{"embeddable":true,"href":"https:\/\/www.montendre.se\/index.php?rest_route=%2Fwp%2Fv2%2Fcomments&post=5418"}],"version-history":[{"count":1,"href":"https:\/\/www.montendre.se\/index.php?rest_route=\/wp\/v2\/posts\/5418\/revisions"}],"predecessor-version":[{"id":5424,"href":"https:\/\/www.montendre.se\/index.php?rest_route=\/wp\/v2\/posts\/5418\/revisions\/5424"}],"wp:attachment":[{"href":"https:\/\/www.montendre.se\/index.php?rest_route=%2Fwp%2Fv2%2Fmedia&parent=5418"}],"wp:term":[{"taxonomy":"category","embeddable":true,"href":"https:\/\/www.montendre.se\/index.php?rest_route=%2Fwp%2Fv2%2Fcategories&post=5418"},{"taxonomy":"post_tag","embeddable":true,"href":"https:\/\/www.montendre.se\/index.php?rest_route=%2Fwp%2Fv2%2Ftags&post=5418"}],"curies":[{"name":"wp","href":"https:\/\/api.w.org\/{rel}","templated":true}]}}