{"id":5401,"date":"2023-03-03T21:14:39","date_gmt":"2023-03-03T20:14:39","guid":{"rendered":"https:\/\/www.montendre.se\/?p=5401"},"modified":"2023-04-01T16:56:05","modified_gmt":"2023-04-01T14:56:05","slug":"3-mars-2023","status":"publish","type":"post","link":"https:\/\/www.montendre.se\/?p=5401","title":{"rendered":"3 mars 2023"},"content":{"rendered":"<p>Lite varmare idag, n\u00e4stan 11 grader p\u00e5 eftermiddagen. Mer sol ocks\u00e5 vilket \u00e4r trevligt.<\/p>\n<p>Ls stora kl\u00e4dsk\u00e5p hade g\u00e5tt i bakl\u00e5s s\u00e5 vi var tvungna att plocka is\u00e4r det f\u00f6r att f\u00e5 upp d\u00f6rrarna.<\/p>\n<p><a href=\"https:\/\/www.montendre.se\/wp-content\/uploads\/2023\/03\/IMG_1362.jpeg\"><img loading=\"lazy\" decoding=\"async\" class=\"size-medium wp-image-5402 aligncenter\" src=\"https:\/\/www.montendre.se\/wp-content\/uploads\/2023\/03\/IMG_1362-300x225.jpeg\" alt=\"\" width=\"300\" height=\"225\" srcset=\"https:\/\/www.montendre.se\/wp-content\/uploads\/2023\/03\/IMG_1362-300x225.jpeg 300w, https:\/\/www.montendre.se\/wp-content\/uploads\/2023\/03\/IMG_1362-1024x768.jpeg 1024w, https:\/\/www.montendre.se\/wp-content\/uploads\/2023\/03\/IMG_1362-768x576.jpeg 768w, https:\/\/www.montendre.se\/wp-content\/uploads\/2023\/03\/IMG_1362-268x200.jpeg 268w, https:\/\/www.montendre.se\/wp-content\/uploads\/2023\/03\/IMG_1362-700x525.jpeg 700w, https:\/\/www.montendre.se\/wp-content\/uploads\/2023\/03\/IMG_1362.jpeg 1280w\" sizes=\"(max-width: 300px) 100vw, 300px\" \/><\/a><\/p>\n<p>Jag slipade klart och m\u00e5lade sedan en f\u00f6rsta g\u00e5ng p\u00e5 ena halvan av matrums-taket.<\/p>\n<p><a href=\"https:\/\/www.montendre.se\/wp-content\/uploads\/2023\/03\/IMG_1367.jpeg\"><img loading=\"lazy\" decoding=\"async\" class=\"size-medium wp-image-5403 aligncenter\" src=\"https:\/\/www.montendre.se\/wp-content\/uploads\/2023\/03\/IMG_1367-225x300.jpeg\" alt=\"\" width=\"225\" height=\"300\" srcset=\"https:\/\/www.montendre.se\/wp-content\/uploads\/2023\/03\/IMG_1367-225x300.jpeg 225w, https:\/\/www.montendre.se\/wp-content\/uploads\/2023\/03\/IMG_1367-768x1024.jpeg 768w, https:\/\/www.montendre.se\/wp-content\/uploads\/2023\/03\/IMG_1367-700x933.jpeg 700w, https:\/\/www.montendre.se\/wp-content\/uploads\/2023\/03\/IMG_1367.jpeg 960w\" sizes=\"(max-width: 225px) 100vw, 225px\" \/><\/a><\/p>\n<p>Gick upp och pratade med surtanten som blockerar v\u00e5r fiberinstallation. Slutsatsen blev v\u00e4l att om inte Orange kan komma p\u00e5 n\u00e5gon annan l\u00f6sning s\u00e5 ger hon med sig. Men hon vill att Orange ska svettas lite. Det jobbiga \u00e4r att hon tycker jag ska &#8221;pusha&#8221; p\u00e5 Orange f\u00f6r att f\u00e5 dem hitta en annan l\u00f6sning, men jag f\u00f6rs\u00f6kte f\u00e5 henne att f\u00f6rst\u00e5 att det \u00e4r sv\u00e5rt f\u00f6r mig, med mina franska-kunskaper, att argumentera mot Orange.<\/p>\n<p>Hittade lite fler blommande saker i tr\u00e4dg\u00e5rden n\u00e4r vi gick en sv\u00e4ng och kollade runt.<\/p>\n<p><a href=\"https:\/\/www.montendre.se\/wp-content\/uploads\/2023\/03\/IMG_1363.jpeg\"><img loading=\"lazy\" decoding=\"async\" class=\"size-medium wp-image-5404 aligncenter\" src=\"https:\/\/www.montendre.se\/wp-content\/uploads\/2023\/03\/IMG_1363-300x225.jpeg\" alt=\"\" width=\"300\" height=\"225\" srcset=\"https:\/\/www.montendre.se\/wp-content\/uploads\/2023\/03\/IMG_1363-300x225.jpeg 300w, https:\/\/www.montendre.se\/wp-content\/uploads\/2023\/03\/IMG_1363-1024x768.jpeg 1024w, https:\/\/www.montendre.se\/wp-content\/uploads\/2023\/03\/IMG_1363-768x576.jpeg 768w, https:\/\/www.montendre.se\/wp-content\/uploads\/2023\/03\/IMG_1363-268x200.jpeg 268w, https:\/\/www.montendre.se\/wp-content\/uploads\/2023\/03\/IMG_1363-700x525.jpeg 700w, https:\/\/www.montendre.se\/wp-content\/uploads\/2023\/03\/IMG_1363.jpeg 1280w\" sizes=\"(max-width: 300px) 100vw, 300px\" \/><\/a><a href=\"https:\/\/www.montendre.se\/wp-content\/uploads\/2023\/03\/IMG_1364.jpeg\"><img loading=\"lazy\" decoding=\"async\" class=\"size-medium wp-image-5405 aligncenter\" src=\"https:\/\/www.montendre.se\/wp-content\/uploads\/2023\/03\/IMG_1364-225x300.jpeg\" alt=\"\" width=\"225\" height=\"300\" srcset=\"https:\/\/www.montendre.se\/wp-content\/uploads\/2023\/03\/IMG_1364-225x300.jpeg 225w, https:\/\/www.montendre.se\/wp-content\/uploads\/2023\/03\/IMG_1364-768x1024.jpeg 768w, https:\/\/www.montendre.se\/wp-content\/uploads\/2023\/03\/IMG_1364-700x933.jpeg 700w, https:\/\/www.montendre.se\/wp-content\/uploads\/2023\/03\/IMG_1364.jpeg 960w\" sizes=\"(max-width: 225px) 100vw, 225px\" \/><\/a><a href=\"https:\/\/www.montendre.se\/wp-content\/uploads\/2023\/03\/IMG_1365.jpeg\"><img loading=\"lazy\" decoding=\"async\" class=\"size-medium wp-image-5406 aligncenter\" src=\"https:\/\/www.montendre.se\/wp-content\/uploads\/2023\/03\/IMG_1365-225x300.jpeg\" alt=\"\" width=\"225\" height=\"300\" srcset=\"https:\/\/www.montendre.se\/wp-content\/uploads\/2023\/03\/IMG_1365-225x300.jpeg 225w, https:\/\/www.montendre.se\/wp-content\/uploads\/2023\/03\/IMG_1365-768x1024.jpeg 768w, https:\/\/www.montendre.se\/wp-content\/uploads\/2023\/03\/IMG_1365-700x933.jpeg 700w, https:\/\/www.montendre.se\/wp-content\/uploads\/2023\/03\/IMG_1365.jpeg 960w\" sizes=\"(max-width: 225px) 100vw, 225px\" \/><\/a><\/p>\n<p>Har \u00e4ven tagit ner lite gamla tapeter fr\u00e5n v\u00e4ggarna s\u00e5 att det \u00e4r f\u00f6rberett f\u00f6r tapetsering. Dessv\u00e4rre kom inte Ls v\u00e4ska med flyget ner till Bordeaux och det \u00e4r i den som de nya tapetrullarna ligger. F\u00e5r se om v\u00e4skan dyker upp i morgon, l\u00f6rdag.<\/p>\n<p>Har ocks\u00e5 t\u00e4ppt till lite h\u00e5l som fanns i v\u00e4ggen bakom den gamla tapeten. Kanske det blir lite varmare inomhus ocks\u00e5. Det var r\u00e4tt kyligt drag fr\u00e5n de d\u00e4r h\u00e5len.<\/p>\n<p><a href=\"https:\/\/www.montendre.se\/wp-content\/uploads\/2023\/03\/IMG_1372.jpeg\"><img loading=\"lazy\" decoding=\"async\" class=\"size-medium wp-image-5407 aligncenter\" src=\"https:\/\/www.montendre.se\/wp-content\/uploads\/2023\/03\/IMG_1372-300x225.jpeg\" alt=\"\" width=\"300\" height=\"225\" srcset=\"https:\/\/www.montendre.se\/wp-content\/uploads\/2023\/03\/IMG_1372-300x225.jpeg 300w, https:\/\/www.montendre.se\/wp-content\/uploads\/2023\/03\/IMG_1372-1024x768.jpeg 1024w, https:\/\/www.montendre.se\/wp-content\/uploads\/2023\/03\/IMG_1372-768x576.jpeg 768w, https:\/\/www.montendre.se\/wp-content\/uploads\/2023\/03\/IMG_1372-268x200.jpeg 268w, https:\/\/www.montendre.se\/wp-content\/uploads\/2023\/03\/IMG_1372-700x525.jpeg 700w, https:\/\/www.montendre.se\/wp-content\/uploads\/2023\/03\/IMG_1372.jpeg 1280w\" sizes=\"(max-width: 300px) 100vw, 300px\" \/><\/a><\/p>\n<p>Stuvad havsabborre (en provensalsk specialitet) med potatis till middag. Egna inlagda persikor med glass till efterr\u00e4tt.<\/p>\n","protected":false},"excerpt":{"rendered":"<p>Lite varmare idag, n\u00e4stan 11 grader p\u00e5 eftermiddagen. Mer sol ocks\u00e5 vilket \u00e4r trevligt. Ls stora kl\u00e4dsk\u00e5p hade g\u00e5tt i bakl\u00e5s s\u00e5 vi var tvungna att plocka is\u00e4r det f\u00f6r att f\u00e5 upp d\u00f6rrarna. Jag slipade klart och m\u00e5lade sedan en f\u00f6rsta g\u00e5ng p\u00e5 ena halvan av matrums-taket. Gick upp &#8230;<\/p>\n","protected":false},"author":1,"featured_media":0,"comment_status":"open","ping_status":"open","sticky":false,"template":"","format":"standard","meta":{"jetpack_post_was_ever_published":false,"_jetpack_newsletter_access":"","_jetpack_dont_email_post_to_subs":false,"_jetpack_newsletter_tier_id":0,"footnotes":""},"categories":[82],"tags":[],"jetpack_sharing_enabled":true,"jetpack_featured_media_url":"","_links":{"self":[{"href":"https:\/\/www.montendre.se\/index.php?rest_route=\/wp\/v2\/posts\/5401"}],"collection":[{"href":"https:\/\/www.montendre.se\/index.php?rest_route=\/wp\/v2\/posts"}],"about":[{"href":"https:\/\/www.montendre.se\/index.php?rest_route=\/wp\/v2\/types\/post"}],"author":[{"embeddable":true,"href":"https:\/\/www.montendre.se\/index.php?rest_route=\/wp\/v2\/users\/1"}],"replies":[{"embeddable":true,"href":"https:\/\/www.montendre.se\/index.php?rest_route=%2Fwp%2Fv2%2Fcomments&post=5401"}],"version-history":[{"count":9,"href":"https:\/\/www.montendre.se\/index.php?rest_route=\/wp\/v2\/posts\/5401\/revisions"}],"predecessor-version":[{"id":5416,"href":"https:\/\/www.montendre.se\/index.php?rest_route=\/wp\/v2\/posts\/5401\/revisions\/5416"}],"wp:attachment":[{"href":"https:\/\/www.montendre.se\/index.php?rest_route=%2Fwp%2Fv2%2Fmedia&parent=5401"}],"wp:term":[{"taxonomy":"category","embeddable":true,"href":"https:\/\/www.montendre.se\/index.php?rest_route=%2Fwp%2Fv2%2Fcategories&post=5401"},{"taxonomy":"post_tag","embeddable":true,"href":"https:\/\/www.montendre.se\/index.php?rest_route=%2Fwp%2Fv2%2Ftags&post=5401"}],"curies":[{"name":"wp","href":"https:\/\/api.w.org\/{rel}","templated":true}]}}