{"id":5385,"date":"2023-03-01T21:17:51","date_gmt":"2023-03-01T20:17:51","guid":{"rendered":"https:\/\/www.montendre.se\/?p=5385"},"modified":"2023-03-02T09:17:03","modified_gmt":"2023-03-02T08:17:03","slug":"1-mars-2023","status":"publish","type":"post","link":"https:\/\/www.montendre.se\/?p=5385","title":{"rendered":"1 mars 2023"},"content":{"rendered":"<p>Kallt under natten, -1 grad.<\/p>\n<p>V\u00e4xlande molnighet idag men kyligt, kom bara upp till 7 grader.<\/p>\n<p>Jag har spacklat ena halvan av taket i matrummet och p\u00e5b\u00f6rjat den andra.<\/p>\n<p><a href=\"https:\/\/www.montendre.se\/wp-content\/uploads\/2023\/03\/IMG_1353.jpeg\"><img loading=\"lazy\" decoding=\"async\" class=\"size-medium wp-image-5390 aligncenter\" src=\"https:\/\/www.montendre.se\/wp-content\/uploads\/2023\/03\/IMG_1353-225x300.jpeg\" alt=\"\" width=\"225\" height=\"300\" srcset=\"https:\/\/www.montendre.se\/wp-content\/uploads\/2023\/03\/IMG_1353-225x300.jpeg 225w, https:\/\/www.montendre.se\/wp-content\/uploads\/2023\/03\/IMG_1353-768x1024.jpeg 768w, https:\/\/www.montendre.se\/wp-content\/uploads\/2023\/03\/IMG_1353-700x933.jpeg 700w, https:\/\/www.montendre.se\/wp-content\/uploads\/2023\/03\/IMG_1353.jpeg 960w\" sizes=\"(max-width: 225px) 100vw, 225px\" \/><\/a><\/p>\n<p>Vall\u00f6rten som jag tog ner i november blommar lite f\u00f6rsiktigt. Det var ju 20 grader f\u00f6rra m\u00e5ndagen s\u00e5 d\u00e5 trodde kanske blommorna att det var v\u00e5r. I bakgrunden en rad med Aubretia som v\u00e4xt till sig bra ocks\u00e5.<\/p>\n<p><a href=\"https:\/\/www.montendre.se\/wp-content\/uploads\/2023\/03\/IMG_1351.jpeg\"><img loading=\"lazy\" decoding=\"async\" class=\"size-medium wp-image-5391 aligncenter\" src=\"https:\/\/www.montendre.se\/wp-content\/uploads\/2023\/03\/IMG_1351-225x300.jpeg\" alt=\"\" width=\"225\" height=\"300\" srcset=\"https:\/\/www.montendre.se\/wp-content\/uploads\/2023\/03\/IMG_1351-225x300.jpeg 225w, https:\/\/www.montendre.se\/wp-content\/uploads\/2023\/03\/IMG_1351-768x1024.jpeg 768w, https:\/\/www.montendre.se\/wp-content\/uploads\/2023\/03\/IMG_1351-700x933.jpeg 700w, https:\/\/www.montendre.se\/wp-content\/uploads\/2023\/03\/IMG_1351.jpeg 960w\" sizes=\"(max-width: 225px) 100vw, 225px\" \/><\/a><\/p>\n<p>N\u00e5gra av de gamla l\u00f6karna som vi tagit ner fr\u00e5n Sverige blommar p\u00e5 framsidan.<\/p>\n<p><a href=\"https:\/\/www.montendre.se\/wp-content\/uploads\/2023\/03\/IMG_1354.jpeg\"><img loading=\"lazy\" decoding=\"async\" class=\"size-medium wp-image-5392 alignnone\" src=\"https:\/\/www.montendre.se\/wp-content\/uploads\/2023\/03\/IMG_1354-225x300.jpeg\" alt=\"\" width=\"225\" height=\"300\" srcset=\"https:\/\/www.montendre.se\/wp-content\/uploads\/2023\/03\/IMG_1354-225x300.jpeg 225w, https:\/\/www.montendre.se\/wp-content\/uploads\/2023\/03\/IMG_1354-768x1024.jpeg 768w, https:\/\/www.montendre.se\/wp-content\/uploads\/2023\/03\/IMG_1354-700x933.jpeg 700w, https:\/\/www.montendre.se\/wp-content\/uploads\/2023\/03\/IMG_1354.jpeg 960w\" sizes=\"(max-width: 225px) 100vw, 225px\" \/><\/a><a href=\"https:\/\/www.montendre.se\/wp-content\/uploads\/2023\/03\/IMG_1355.jpeg\"><img loading=\"lazy\" decoding=\"async\" class=\"size-medium wp-image-5393 alignnone\" src=\"https:\/\/www.montendre.se\/wp-content\/uploads\/2023\/03\/IMG_1355-225x300.jpeg\" alt=\"\" width=\"225\" height=\"300\" srcset=\"https:\/\/www.montendre.se\/wp-content\/uploads\/2023\/03\/IMG_1355-225x300.jpeg 225w, https:\/\/www.montendre.se\/wp-content\/uploads\/2023\/03\/IMG_1355-768x1024.jpeg 768w, https:\/\/www.montendre.se\/wp-content\/uploads\/2023\/03\/IMG_1355-700x933.jpeg 700w, https:\/\/www.montendre.se\/wp-content\/uploads\/2023\/03\/IMG_1355.jpeg 960w\" sizes=\"(max-width: 225px) 100vw, 225px\" \/><\/a><\/p>\n<p>Orange kom hit igen f\u00f6r att installera fiber. De visste inte om att n\u00e5gon redan hade f\u00f6rs\u00f6kt. Mycket skumt. Det var ju liksom po\u00e4ngen med att de skulle komma igen. Att de hade n\u00e5gon ny id\u00e9 hur kabeln ska dras. F\u00e5r se vad som h\u00e4nder nu. Skrev ett mail till kommunen igen och fr\u00e5gade om grannen verkligen har lagen p\u00e5 sin sida? I s\u00e5dana fall ska jag be kommunen ta bort alla kablar p\u00e5 v\u00e5rt hus (f\u00f6rutom v\u00e5ra egna f\u00f6rst\u00e5s). Men det kan v\u00e4l vara s\u00e5 att el och telefon r\u00e4knas i en speciell kategori d\u00e4r hus\u00e4garna inte kan neka medan fiber inte \u00e4r med i den kategorin \u00e4n.<\/p>\n<p>Middag hemma, f\u00e5rostpasta.<\/p>\n<p>&nbsp;<\/p>\n","protected":false},"excerpt":{"rendered":"<p>Kallt under natten, -1 grad. V\u00e4xlande molnighet idag men kyligt, kom bara upp till 7 grader. Jag har spacklat ena halvan av taket i matrummet och p\u00e5b\u00f6rjat den andra. Vall\u00f6rten som jag tog ner i november blommar lite f\u00f6rsiktigt. Det var ju 20 grader f\u00f6rra m\u00e5ndagen s\u00e5 d\u00e5 trodde kanske &#8230;<\/p>\n","protected":false},"author":1,"featured_media":0,"comment_status":"open","ping_status":"open","sticky":false,"template":"","format":"standard","meta":{"jetpack_post_was_ever_published":false,"_jetpack_newsletter_access":"","_jetpack_dont_email_post_to_subs":false,"_jetpack_newsletter_tier_id":0,"footnotes":""},"categories":[82],"tags":[],"jetpack_sharing_enabled":true,"jetpack_featured_media_url":"","_links":{"self":[{"href":"https:\/\/www.montendre.se\/index.php?rest_route=\/wp\/v2\/posts\/5385"}],"collection":[{"href":"https:\/\/www.montendre.se\/index.php?rest_route=\/wp\/v2\/posts"}],"about":[{"href":"https:\/\/www.montendre.se\/index.php?rest_route=\/wp\/v2\/types\/post"}],"author":[{"embeddable":true,"href":"https:\/\/www.montendre.se\/index.php?rest_route=\/wp\/v2\/users\/1"}],"replies":[{"embeddable":true,"href":"https:\/\/www.montendre.se\/index.php?rest_route=%2Fwp%2Fv2%2Fcomments&post=5385"}],"version-history":[{"count":7,"href":"https:\/\/www.montendre.se\/index.php?rest_route=\/wp\/v2\/posts\/5385\/revisions"}],"predecessor-version":[{"id":5397,"href":"https:\/\/www.montendre.se\/index.php?rest_route=\/wp\/v2\/posts\/5385\/revisions\/5397"}],"wp:attachment":[{"href":"https:\/\/www.montendre.se\/index.php?rest_route=%2Fwp%2Fv2%2Fmedia&parent=5385"}],"wp:term":[{"taxonomy":"category","embeddable":true,"href":"https:\/\/www.montendre.se\/index.php?rest_route=%2Fwp%2Fv2%2Fcategories&post=5385"},{"taxonomy":"post_tag","embeddable":true,"href":"https:\/\/www.montendre.se\/index.php?rest_route=%2Fwp%2Fv2%2Ftags&post=5385"}],"curies":[{"name":"wp","href":"https:\/\/api.w.org\/{rel}","templated":true}]}}