{"id":5352,"date":"2023-01-06T09:31:56","date_gmt":"2023-01-06T08:31:56","guid":{"rendered":"https:\/\/www.montendre.se\/?p=5352"},"modified":"2023-01-06T09:31:56","modified_gmt":"2023-01-06T08:31:56","slug":"5-januari-2023","status":"publish","type":"post","link":"https:\/\/www.montendre.se\/?p=5352","title":{"rendered":"5 januari 2023"},"content":{"rendered":"<p>Mest molnigt men n\u00e5gra solglimtar, 13 grader.<\/p>\n<p>Jag har fixat med lister i f\u00f6nsternisch och d\u00f6rrnisch i sovrummet.<\/p>\n<p><a href=\"https:\/\/www.montendre.se\/wp-content\/uploads\/2023\/01\/IMG_1225.jpeg\"><img loading=\"lazy\" decoding=\"async\" class=\"size-medium wp-image-5354 aligncenter\" src=\"https:\/\/www.montendre.se\/wp-content\/uploads\/2023\/01\/IMG_1225-300x225.jpeg\" alt=\"\" width=\"300\" height=\"225\" srcset=\"https:\/\/www.montendre.se\/wp-content\/uploads\/2023\/01\/IMG_1225-300x225.jpeg 300w, https:\/\/www.montendre.se\/wp-content\/uploads\/2023\/01\/IMG_1225-1024x768.jpeg 1024w, https:\/\/www.montendre.se\/wp-content\/uploads\/2023\/01\/IMG_1225-768x576.jpeg 768w, https:\/\/www.montendre.se\/wp-content\/uploads\/2023\/01\/IMG_1225-268x200.jpeg 268w, https:\/\/www.montendre.se\/wp-content\/uploads\/2023\/01\/IMG_1225-700x525.jpeg 700w, https:\/\/www.montendre.se\/wp-content\/uploads\/2023\/01\/IMG_1225.jpeg 1280w\" sizes=\"(max-width: 300px) 100vw, 300px\" \/><\/a><\/p>\n<p>S\u00e5 \u00e5kte vi iv\u00e4g till Orange-butiken i Sainte-Eulalie och bokade upp ett nytt bes\u00f6k f\u00f6r en fiber-tekniker. Kommer n\u00e4sta fredag s\u00e5 grannen f\u00e5r ta hand om honom.<\/p>\n<p>F\u00f6rs\u00f6kte ocks\u00e5 bes\u00f6ka takl\u00e4ggarna (uthusets tak) men det var helt st\u00e4ngt d\u00e4r s\u00e5 ingen kommunikation d\u00e4r inte&#8230;<\/p>\n<p>Sedan handling och matlagning, ostron och sedan linguini med palourder (vongole). Inlagda persikor med glass till efterr\u00e4tt.<\/p>\n","protected":false},"excerpt":{"rendered":"<p>Mest molnigt men n\u00e5gra solglimtar, 13 grader. Jag har fixat med lister i f\u00f6nsternisch och d\u00f6rrnisch i sovrummet. S\u00e5 \u00e5kte vi iv\u00e4g till Orange-butiken i Sainte-Eulalie och bokade upp ett nytt bes\u00f6k f\u00f6r en fiber-tekniker. Kommer n\u00e4sta fredag s\u00e5 grannen f\u00e5r ta hand om honom. F\u00f6rs\u00f6kte ocks\u00e5 bes\u00f6ka takl\u00e4ggarna (uthusets &#8230;<\/p>\n","protected":false},"author":1,"featured_media":0,"comment_status":"open","ping_status":"open","sticky":false,"template":"","format":"standard","meta":{"jetpack_post_was_ever_published":false,"_jetpack_newsletter_access":"","_jetpack_dont_email_post_to_subs":false,"_jetpack_newsletter_tier_id":0,"footnotes":""},"categories":[81],"tags":[],"jetpack_sharing_enabled":true,"jetpack_featured_media_url":"","_links":{"self":[{"href":"https:\/\/www.montendre.se\/index.php?rest_route=\/wp\/v2\/posts\/5352"}],"collection":[{"href":"https:\/\/www.montendre.se\/index.php?rest_route=\/wp\/v2\/posts"}],"about":[{"href":"https:\/\/www.montendre.se\/index.php?rest_route=\/wp\/v2\/types\/post"}],"author":[{"embeddable":true,"href":"https:\/\/www.montendre.se\/index.php?rest_route=\/wp\/v2\/users\/1"}],"replies":[{"embeddable":true,"href":"https:\/\/www.montendre.se\/index.php?rest_route=%2Fwp%2Fv2%2Fcomments&post=5352"}],"version-history":[{"count":2,"href":"https:\/\/www.montendre.se\/index.php?rest_route=\/wp\/v2\/posts\/5352\/revisions"}],"predecessor-version":[{"id":5355,"href":"https:\/\/www.montendre.se\/index.php?rest_route=\/wp\/v2\/posts\/5352\/revisions\/5355"}],"wp:attachment":[{"href":"https:\/\/www.montendre.se\/index.php?rest_route=%2Fwp%2Fv2%2Fmedia&parent=5352"}],"wp:term":[{"taxonomy":"category","embeddable":true,"href":"https:\/\/www.montendre.se\/index.php?rest_route=%2Fwp%2Fv2%2Fcategories&post=5352"},{"taxonomy":"post_tag","embeddable":true,"href":"https:\/\/www.montendre.se\/index.php?rest_route=%2Fwp%2Fv2%2Ftags&post=5352"}],"curies":[{"name":"wp","href":"https:\/\/api.w.org\/{rel}","templated":true}]}}