{"id":5339,"date":"2023-01-05T09:44:42","date_gmt":"2023-01-05T08:44:42","guid":{"rendered":"https:\/\/www.montendre.se\/?p=5339"},"modified":"2023-01-05T17:54:33","modified_gmt":"2023-01-05T16:54:33","slug":"4-januari-2023","status":"publish","type":"post","link":"https:\/\/www.montendre.se\/?p=5339","title":{"rendered":"4 januari 2023"},"content":{"rendered":"<p>Molnigt och n\u00e5gra enstaka regnst\u00e4nk p\u00e5 dagen, 12 grader.<\/p>\n<p>Skulle f\u00e5 fiber installerat idag. Installat\u00f6ren kom lite tidigt, vid ett-tiden. B\u00f6rjade dra kabel in i huset.<\/p>\n<p><a href=\"https:\/\/www.montendre.se\/wp-content\/uploads\/2023\/01\/IMG_1220.jpeg\"><img loading=\"lazy\" decoding=\"async\" class=\"size-medium wp-image-5340 aligncenter\" src=\"https:\/\/www.montendre.se\/wp-content\/uploads\/2023\/01\/IMG_1220-225x300.jpeg\" alt=\"\" width=\"225\" height=\"300\" srcset=\"https:\/\/www.montendre.se\/wp-content\/uploads\/2023\/01\/IMG_1220-225x300.jpeg 225w, https:\/\/www.montendre.se\/wp-content\/uploads\/2023\/01\/IMG_1220-768x1024.jpeg 768w, https:\/\/www.montendre.se\/wp-content\/uploads\/2023\/01\/IMG_1220-700x933.jpeg 700w, https:\/\/www.montendre.se\/wp-content\/uploads\/2023\/01\/IMG_1220.jpeg 960w\" sizes=\"(max-width: 225px) 100vw, 225px\" \/><\/a><\/p>\n<p>Sedan skulle kabeln dras vidare i luften uppf\u00f6r gatan till punkten d\u00e4r Orange har sina fiberanslutningar. Men d\u00e5 tog det stopp, grannen tv\u00e5 hus upp p\u00e5 gatan kom ut och sa att installat\u00f6ren inte fick s\u00e4tta upp fler ledningar p\u00e5 deras hus. Alla kablar dras ju l\u00e4ngs med husen h\u00e4r och inte p\u00e5 n\u00e5gra stolpar. S\u00e5 d\u00e5 blev det ingen fiber idag. F\u00e5r se om vi kan l\u00f6sa det p\u00e5 n\u00e5got annat s\u00e4tt. Jag ska kontakta Orange och se om de kan komma hit och klura ut en annan l\u00f6sning. Och s\u00e5 mailade jag faktiskt kommunen och undrade om de tycker det \u00e4r rimligt att en privatperson kan stoppa utbyggnaden av fiber i v\u00e5r by. Ingen l\u00e4ngs med v\u00e5r gata kommer ju kunna installera fiber eftersom den m\u00e5ste passera gn\u00e4lltantens hus.<\/p>\n<p>Taket bredvid uthuset har rasat ihop totalt. En regel i mitten hade g\u00e5tt s\u00f6nder och d\u00e5 rasade det ihop helt. En massa asbestskivor som nu m\u00e5ste tas om hand.<\/p>\n<p><a href=\"https:\/\/www.montendre.se\/wp-content\/uploads\/2023\/01\/IMG_1218.jpeg\"><img loading=\"lazy\" decoding=\"async\" class=\"size-medium wp-image-5341 aligncenter\" src=\"https:\/\/www.montendre.se\/wp-content\/uploads\/2023\/01\/IMG_1218-225x300.jpeg\" alt=\"\" width=\"225\" height=\"300\" srcset=\"https:\/\/www.montendre.se\/wp-content\/uploads\/2023\/01\/IMG_1218-225x300.jpeg 225w, https:\/\/www.montendre.se\/wp-content\/uploads\/2023\/01\/IMG_1218-768x1024.jpeg 768w, https:\/\/www.montendre.se\/wp-content\/uploads\/2023\/01\/IMG_1218-700x933.jpeg 700w, https:\/\/www.montendre.se\/wp-content\/uploads\/2023\/01\/IMG_1218.jpeg 960w\" sizes=\"(max-width: 225px) 100vw, 225px\" \/><\/a>I samband med diskussionen ute p\u00e5 gatan om fiberinstallationen kom de nya grannarna i stora huset l\u00e4ngst upp p\u00e5 gatan ut. Han \u00e4r fr\u00e5n Australien och hon var det lite oklart var hon var ifr\u00e5n, men b\u00e5da pratar engelska i alla fall. F\u00e5r se om man kan ses \u00f6ver en drink n\u00e5gon g\u00e5ng.<\/p>\n<p>Nya tapetprover att bed\u00f6ma. Av de &#8221;gamla&#8221; som vi tittade p\u00e5 f\u00f6r ett \u00e5r sedan har alla utom tv\u00e5 utg\u00e5tt. Jag trodde <a href=\"http:\/\/borastapeter.se\">Bor\u00e5s tapeter<\/a> hade lite mer l\u00e5nglivade tapeter men s\u00e5 \u00e4r det tydligen inte. Gillar man en tapet m\u00e5ste man k\u00f6pa den snabbt annars hinner den utg\u00e5 ur sortimentet. De tv\u00e5 l\u00e4ngst ner \u00e4r de enda som \u00e5terstod fr\u00e5n f\u00f6rra \u00e5ret. Den l\u00e4ngst ner till v\u00e4nster p\u00e5 v\u00e4ggen ligger nog b\u00e4st till. Finns st\u00f6rre bild i <a href=\"https:\/\/www.borastapeter.com\/sites\/borastapeter.com\/files\/alicia_image_roomshot_hallway_item_2007_1.jpg\">gula<\/a> och i <a href=\"https:\/\/www.borastapeter.com\/sites\/borastapeter.com\/files\/content\/paragraphs\/alicia-2_image_roomshot_bedroom_item_2006_0.jpg\">r\u00f6da<\/a> toner.<\/p>\n<p><a href=\"https:\/\/www.montendre.se\/wp-content\/uploads\/2023\/01\/IMG_1221.jpeg\"><img loading=\"lazy\" decoding=\"async\" class=\"size-medium wp-image-5346 aligncenter\" src=\"https:\/\/www.montendre.se\/wp-content\/uploads\/2023\/01\/IMG_1221-225x300.jpeg\" alt=\"\" width=\"225\" height=\"300\" srcset=\"https:\/\/www.montendre.se\/wp-content\/uploads\/2023\/01\/IMG_1221-225x300.jpeg 225w, https:\/\/www.montendre.se\/wp-content\/uploads\/2023\/01\/IMG_1221-768x1024.jpeg 768w, https:\/\/www.montendre.se\/wp-content\/uploads\/2023\/01\/IMG_1221-700x933.jpeg 700w, https:\/\/www.montendre.se\/wp-content\/uploads\/2023\/01\/IMG_1221.jpeg 960w\" sizes=\"(max-width: 225px) 100vw, 225px\" \/><\/a>Middag p\u00e5 Quincaillerian. Bra. Kocken hade f\u00e5tt fiskallergi s\u00e5 han och servit\u00f6ren hade bytt plats nu.<\/p>\n<p>&nbsp;<\/p>\n","protected":false},"excerpt":{"rendered":"<p>Molnigt och n\u00e5gra enstaka regnst\u00e4nk p\u00e5 dagen, 12 grader. Skulle f\u00e5 fiber installerat idag. Installat\u00f6ren kom lite tidigt, vid ett-tiden. B\u00f6rjade dra kabel in i huset. Sedan skulle kabeln dras vidare i luften uppf\u00f6r gatan till punkten d\u00e4r Orange har sina fiberanslutningar. Men d\u00e5 tog det stopp, grannen tv\u00e5 hus &#8230;<\/p>\n","protected":false},"author":1,"featured_media":0,"comment_status":"open","ping_status":"open","sticky":false,"template":"","format":"standard","meta":{"jetpack_post_was_ever_published":false,"_jetpack_newsletter_access":"","_jetpack_dont_email_post_to_subs":false,"_jetpack_newsletter_tier_id":0,"footnotes":""},"categories":[81],"tags":[],"jetpack_sharing_enabled":true,"jetpack_featured_media_url":"","_links":{"self":[{"href":"https:\/\/www.montendre.se\/index.php?rest_route=\/wp\/v2\/posts\/5339"}],"collection":[{"href":"https:\/\/www.montendre.se\/index.php?rest_route=\/wp\/v2\/posts"}],"about":[{"href":"https:\/\/www.montendre.se\/index.php?rest_route=\/wp\/v2\/types\/post"}],"author":[{"embeddable":true,"href":"https:\/\/www.montendre.se\/index.php?rest_route=\/wp\/v2\/users\/1"}],"replies":[{"embeddable":true,"href":"https:\/\/www.montendre.se\/index.php?rest_route=%2Fwp%2Fv2%2Fcomments&post=5339"}],"version-history":[{"count":8,"href":"https:\/\/www.montendre.se\/index.php?rest_route=\/wp\/v2\/posts\/5339\/revisions"}],"predecessor-version":[{"id":5351,"href":"https:\/\/www.montendre.se\/index.php?rest_route=\/wp\/v2\/posts\/5339\/revisions\/5351"}],"wp:attachment":[{"href":"https:\/\/www.montendre.se\/index.php?rest_route=%2Fwp%2Fv2%2Fmedia&parent=5339"}],"wp:term":[{"taxonomy":"category","embeddable":true,"href":"https:\/\/www.montendre.se\/index.php?rest_route=%2Fwp%2Fv2%2Fcategories&post=5339"},{"taxonomy":"post_tag","embeddable":true,"href":"https:\/\/www.montendre.se\/index.php?rest_route=%2Fwp%2Fv2%2Ftags&post=5339"}],"curies":[{"name":"wp","href":"https:\/\/api.w.org\/{rel}","templated":true}]}}