{"id":5288,"date":"2022-11-02T09:59:36","date_gmt":"2022-11-02T08:59:36","guid":{"rendered":"https:\/\/www.montendre.se\/?p=5288"},"modified":"2022-11-02T09:59:36","modified_gmt":"2022-11-02T08:59:36","slug":"1-november-2022","status":"publish","type":"post","link":"https:\/\/www.montendre.se\/?p=5288","title":{"rendered":"1 november 2022"},"content":{"rendered":"<p>Tidig nerresa men l\u00e5ng v\u00e4ntan i Paris, n\u00e4stan fyra timmar.<\/p>\n<p>18 grader och lite sol n\u00e4r vi kom fram till huset vid fyra-tiden.<\/p>\n<p>R\u00e4tt gr\u00f6nt nu men i vissa partier av gr\u00e4smattan \u00e4r det allt m\u00f6jligt utom gr\u00e4s som v\u00e4xer.<\/p>\n<p><a href=\"https:\/\/www.montendre.se\/wp-content\/uploads\/2022\/11\/IMG_1083.jpeg\"><img loading=\"lazy\" decoding=\"async\" class=\"size-medium wp-image-5289 aligncenter\" src=\"https:\/\/www.montendre.se\/wp-content\/uploads\/2022\/11\/IMG_1083-225x300.jpeg\" alt=\"\" width=\"225\" height=\"300\" srcset=\"https:\/\/www.montendre.se\/wp-content\/uploads\/2022\/11\/IMG_1083-225x300.jpeg 225w, https:\/\/www.montendre.se\/wp-content\/uploads\/2022\/11\/IMG_1083-768x1024.jpeg 768w, https:\/\/www.montendre.se\/wp-content\/uploads\/2022\/11\/IMG_1083-700x933.jpeg 700w, https:\/\/www.montendre.se\/wp-content\/uploads\/2022\/11\/IMG_1083.jpeg 960w\" sizes=\"(max-width: 225px) 100vw, 225px\" \/><\/a><\/p>\n<p>Och v\u00e4dret \u00e4r lite skumt s\u00e5 till och med syrenen blommar.<\/p>\n<p><a href=\"https:\/\/www.montendre.se\/wp-content\/uploads\/2022\/11\/IMG_1084.jpeg\"><img loading=\"lazy\" decoding=\"async\" class=\"size-medium wp-image-5290 aligncenter\" src=\"https:\/\/www.montendre.se\/wp-content\/uploads\/2022\/11\/IMG_1084-225x300.jpeg\" alt=\"\" width=\"225\" height=\"300\" srcset=\"https:\/\/www.montendre.se\/wp-content\/uploads\/2022\/11\/IMG_1084-225x300.jpeg 225w, https:\/\/www.montendre.se\/wp-content\/uploads\/2022\/11\/IMG_1084-768x1024.jpeg 768w, https:\/\/www.montendre.se\/wp-content\/uploads\/2022\/11\/IMG_1084-700x933.jpeg 700w, https:\/\/www.montendre.se\/wp-content\/uploads\/2022\/11\/IMG_1084.jpeg 960w\" sizes=\"(max-width: 225px) 100vw, 225px\" \/><\/a><\/p>\n<p>Allt st\u00e4ngt p\u00e5 grund av Allhelgona s\u00e5 det fick bli lite n\u00f6dmat hemma, pasta med ratatouille.<\/p>\n","protected":false},"excerpt":{"rendered":"<p>Tidig nerresa men l\u00e5ng v\u00e4ntan i Paris, n\u00e4stan fyra timmar. 18 grader och lite sol n\u00e4r vi kom fram till huset vid fyra-tiden. R\u00e4tt gr\u00f6nt nu men i vissa partier av gr\u00e4smattan \u00e4r det allt m\u00f6jligt utom gr\u00e4s som v\u00e4xer. Och v\u00e4dret \u00e4r lite skumt s\u00e5 till och med syrenen &#8230;<\/p>\n","protected":false},"author":1,"featured_media":0,"comment_status":"open","ping_status":"open","sticky":false,"template":"","format":"standard","meta":{"jetpack_post_was_ever_published":false,"_jetpack_newsletter_access":"","_jetpack_dont_email_post_to_subs":false,"_jetpack_newsletter_tier_id":0,"footnotes":""},"categories":[80],"tags":[],"jetpack_sharing_enabled":true,"jetpack_featured_media_url":"","_links":{"self":[{"href":"https:\/\/www.montendre.se\/index.php?rest_route=\/wp\/v2\/posts\/5288"}],"collection":[{"href":"https:\/\/www.montendre.se\/index.php?rest_route=\/wp\/v2\/posts"}],"about":[{"href":"https:\/\/www.montendre.se\/index.php?rest_route=\/wp\/v2\/types\/post"}],"author":[{"embeddable":true,"href":"https:\/\/www.montendre.se\/index.php?rest_route=\/wp\/v2\/users\/1"}],"replies":[{"embeddable":true,"href":"https:\/\/www.montendre.se\/index.php?rest_route=%2Fwp%2Fv2%2Fcomments&post=5288"}],"version-history":[{"count":1,"href":"https:\/\/www.montendre.se\/index.php?rest_route=\/wp\/v2\/posts\/5288\/revisions"}],"predecessor-version":[{"id":5291,"href":"https:\/\/www.montendre.se\/index.php?rest_route=\/wp\/v2\/posts\/5288\/revisions\/5291"}],"wp:attachment":[{"href":"https:\/\/www.montendre.se\/index.php?rest_route=%2Fwp%2Fv2%2Fmedia&parent=5288"}],"wp:term":[{"taxonomy":"category","embeddable":true,"href":"https:\/\/www.montendre.se\/index.php?rest_route=%2Fwp%2Fv2%2Fcategories&post=5288"},{"taxonomy":"post_tag","embeddable":true,"href":"https:\/\/www.montendre.se\/index.php?rest_route=%2Fwp%2Fv2%2Ftags&post=5288"}],"curies":[{"name":"wp","href":"https:\/\/api.w.org\/{rel}","templated":true}]}}