{"id":5262,"date":"2022-10-12T20:50:40","date_gmt":"2022-10-12T18:50:40","guid":{"rendered":"https:\/\/www.montendre.se\/?p=5262"},"modified":"2022-10-12T22:37:49","modified_gmt":"2022-10-12T20:37:49","slug":"12-oktober-2022","status":"publish","type":"post","link":"https:\/\/www.montendre.se\/?p=5262","title":{"rendered":"12 oktober 2022"},"content":{"rendered":"<p>Mulet och gr\u00e5tt f\u00f6rutom sen eftermiddag, kv\u00e4ll d\u00e5 solen tittade fram, 18 grader.<\/p>\n<p>Dagen b\u00f6rjade med tjock dimma och spindeln\u00e4ten var fyllda av dagg.<\/p>\n<p><a href=\"https:\/\/www.montendre.se\/wp-content\/uploads\/2022\/10\/IMG_1044.jpeg\"><img loading=\"lazy\" decoding=\"async\" class=\"size-medium wp-image-5263 aligncenter\" src=\"https:\/\/www.montendre.se\/wp-content\/uploads\/2022\/10\/IMG_1044-300x225.jpeg\" alt=\"\" width=\"300\" height=\"225\" srcset=\"https:\/\/www.montendre.se\/wp-content\/uploads\/2022\/10\/IMG_1044-300x225.jpeg 300w, https:\/\/www.montendre.se\/wp-content\/uploads\/2022\/10\/IMG_1044-1024x768.jpeg 1024w, https:\/\/www.montendre.se\/wp-content\/uploads\/2022\/10\/IMG_1044-768x576.jpeg 768w, https:\/\/www.montendre.se\/wp-content\/uploads\/2022\/10\/IMG_1044-268x200.jpeg 268w, https:\/\/www.montendre.se\/wp-content\/uploads\/2022\/10\/IMG_1044-700x525.jpeg 700w, https:\/\/www.montendre.se\/wp-content\/uploads\/2022\/10\/IMG_1044.jpeg 1280w\" sizes=\"(max-width: 300px) 100vw, 300px\" \/><\/a><\/p>\n<p>Jag fortsatte jobba med f\u00f6nsternischen i sovrummet. Satte dit f\u00f6rsta niv\u00e5n av lister i speglarna.<\/p>\n<p><a href=\"https:\/\/www.montendre.se\/wp-content\/uploads\/2022\/10\/IMG_1049.jpeg\"><img loading=\"lazy\" decoding=\"async\" class=\"size-medium wp-image-5264 aligncenter\" src=\"https:\/\/www.montendre.se\/wp-content\/uploads\/2022\/10\/IMG_1049-225x300.jpeg\" alt=\"\" width=\"225\" height=\"300\" srcset=\"https:\/\/www.montendre.se\/wp-content\/uploads\/2022\/10\/IMG_1049-225x300.jpeg 225w, https:\/\/www.montendre.se\/wp-content\/uploads\/2022\/10\/IMG_1049-768x1024.jpeg 768w, https:\/\/www.montendre.se\/wp-content\/uploads\/2022\/10\/IMG_1049-700x933.jpeg 700w, https:\/\/www.montendre.se\/wp-content\/uploads\/2022\/10\/IMG_1049.jpeg 960w\" sizes=\"(max-width: 225px) 100vw, 225px\" \/><\/a>Satte dit f\u00f6nsterbr\u00e4dan och lite passbitar p\u00e5 sidorna.<\/p>\n<p><a href=\"https:\/\/www.montendre.se\/wp-content\/uploads\/2022\/10\/IMG_1053.jpeg\"><img loading=\"lazy\" decoding=\"async\" class=\"size-medium wp-image-5265 aligncenter\" src=\"https:\/\/www.montendre.se\/wp-content\/uploads\/2022\/10\/IMG_1053-300x225.jpeg\" alt=\"\" width=\"300\" height=\"225\" srcset=\"https:\/\/www.montendre.se\/wp-content\/uploads\/2022\/10\/IMG_1053-300x225.jpeg 300w, https:\/\/www.montendre.se\/wp-content\/uploads\/2022\/10\/IMG_1053-1024x768.jpeg 1024w, https:\/\/www.montendre.se\/wp-content\/uploads\/2022\/10\/IMG_1053-768x576.jpeg 768w, https:\/\/www.montendre.se\/wp-content\/uploads\/2022\/10\/IMG_1053-268x200.jpeg 268w, https:\/\/www.montendre.se\/wp-content\/uploads\/2022\/10\/IMG_1053-700x525.jpeg 700w, https:\/\/www.montendre.se\/wp-content\/uploads\/2022\/10\/IMG_1053.jpeg 1280w\" sizes=\"(max-width: 300px) 100vw, 300px\" \/><\/a><\/p>\n<p>N\u00e4r solen kom fram \u00e5kte jag ner och handlade lite v\u00e4xter, dels tre cyklamen som jag satte bredvid den vilda. Egentligen \u00e4r det kanske inomhusv\u00e4xter men det kanske funkar.<\/p>\n<p><a href=\"https:\/\/www.montendre.se\/wp-content\/uploads\/2022\/10\/IMG_1050.jpeg\"><img loading=\"lazy\" decoding=\"async\" class=\"size-medium wp-image-5266 aligncenter\" src=\"https:\/\/www.montendre.se\/wp-content\/uploads\/2022\/10\/IMG_1050-300x225.jpeg\" alt=\"\" width=\"300\" height=\"225\" srcset=\"https:\/\/www.montendre.se\/wp-content\/uploads\/2022\/10\/IMG_1050-300x225.jpeg 300w, https:\/\/www.montendre.se\/wp-content\/uploads\/2022\/10\/IMG_1050-1024x768.jpeg 1024w, https:\/\/www.montendre.se\/wp-content\/uploads\/2022\/10\/IMG_1050-768x576.jpeg 768w, https:\/\/www.montendre.se\/wp-content\/uploads\/2022\/10\/IMG_1050-268x200.jpeg 268w, https:\/\/www.montendre.se\/wp-content\/uploads\/2022\/10\/IMG_1050-700x525.jpeg 700w, https:\/\/www.montendre.se\/wp-content\/uploads\/2022\/10\/IMG_1050.jpeg 1280w\" sizes=\"(max-width: 300px) 100vw, 300px\" \/><\/a><\/p>\n<p>Och s\u00e5 k\u00f6pte jag tv\u00e5 hallonplantor. Den vi satte senast dog under torrperioden.<\/p>\n<p><a href=\"https:\/\/www.montendre.se\/wp-content\/uploads\/2022\/10\/IMG_1052.jpeg\"><img loading=\"lazy\" decoding=\"async\" class=\"size-medium wp-image-5267 aligncenter\" src=\"https:\/\/www.montendre.se\/wp-content\/uploads\/2022\/10\/IMG_1052-300x225.jpeg\" alt=\"\" width=\"300\" height=\"225\" srcset=\"https:\/\/www.montendre.se\/wp-content\/uploads\/2022\/10\/IMG_1052-300x225.jpeg 300w, https:\/\/www.montendre.se\/wp-content\/uploads\/2022\/10\/IMG_1052-1024x768.jpeg 1024w, https:\/\/www.montendre.se\/wp-content\/uploads\/2022\/10\/IMG_1052-768x576.jpeg 768w, https:\/\/www.montendre.se\/wp-content\/uploads\/2022\/10\/IMG_1052-268x200.jpeg 268w, https:\/\/www.montendre.se\/wp-content\/uploads\/2022\/10\/IMG_1052-700x525.jpeg 700w, https:\/\/www.montendre.se\/wp-content\/uploads\/2022\/10\/IMG_1052.jpeg 1280w\" sizes=\"(max-width: 300px) 100vw, 300px\" \/><\/a><\/p>\n<p>F\u00e5rostpasta hemma.<\/p>\n","protected":false},"excerpt":{"rendered":"<p>Mulet och gr\u00e5tt f\u00f6rutom sen eftermiddag, kv\u00e4ll d\u00e5 solen tittade fram, 18 grader. Dagen b\u00f6rjade med tjock dimma och spindeln\u00e4ten var fyllda av dagg. Jag fortsatte jobba med f\u00f6nsternischen i sovrummet. Satte dit f\u00f6rsta niv\u00e5n av lister i speglarna. Satte dit f\u00f6nsterbr\u00e4dan och lite passbitar p\u00e5 sidorna. N\u00e4r solen kom &#8230;<\/p>\n","protected":false},"author":1,"featured_media":0,"comment_status":"open","ping_status":"open","sticky":false,"template":"","format":"standard","meta":{"jetpack_post_was_ever_published":false,"_jetpack_newsletter_access":"","_jetpack_dont_email_post_to_subs":false,"_jetpack_newsletter_tier_id":0,"footnotes":""},"categories":[79],"tags":[],"jetpack_sharing_enabled":true,"jetpack_featured_media_url":"","_links":{"self":[{"href":"https:\/\/www.montendre.se\/index.php?rest_route=\/wp\/v2\/posts\/5262"}],"collection":[{"href":"https:\/\/www.montendre.se\/index.php?rest_route=\/wp\/v2\/posts"}],"about":[{"href":"https:\/\/www.montendre.se\/index.php?rest_route=\/wp\/v2\/types\/post"}],"author":[{"embeddable":true,"href":"https:\/\/www.montendre.se\/index.php?rest_route=\/wp\/v2\/users\/1"}],"replies":[{"embeddable":true,"href":"https:\/\/www.montendre.se\/index.php?rest_route=%2Fwp%2Fv2%2Fcomments&post=5262"}],"version-history":[{"count":3,"href":"https:\/\/www.montendre.se\/index.php?rest_route=\/wp\/v2\/posts\/5262\/revisions"}],"predecessor-version":[{"id":5271,"href":"https:\/\/www.montendre.se\/index.php?rest_route=\/wp\/v2\/posts\/5262\/revisions\/5271"}],"wp:attachment":[{"href":"https:\/\/www.montendre.se\/index.php?rest_route=%2Fwp%2Fv2%2Fmedia&parent=5262"}],"wp:term":[{"taxonomy":"category","embeddable":true,"href":"https:\/\/www.montendre.se\/index.php?rest_route=%2Fwp%2Fv2%2Fcategories&post=5262"},{"taxonomy":"post_tag","embeddable":true,"href":"https:\/\/www.montendre.se\/index.php?rest_route=%2Fwp%2Fv2%2Ftags&post=5262"}],"curies":[{"name":"wp","href":"https:\/\/api.w.org\/{rel}","templated":true}]}}