{"id":5203,"date":"2022-08-23T20:21:31","date_gmt":"2022-08-23T18:21:31","guid":{"rendered":"https:\/\/www.montendre.se\/?p=5203"},"modified":"2022-08-23T20:21:31","modified_gmt":"2022-08-23T18:21:31","slug":"23-augusti-2022","status":"publish","type":"post","link":"https:\/\/www.montendre.se\/?p=5203","title":{"rendered":"23 augusti 2022"},"content":{"rendered":"<p>Mulet p\u00e5 f\u00f6rmiddagen sedan v\u00e4xlande molnighet, 28 grader.<\/p>\n<p>Hantverkarna kom vid halv tio-tiden. Skulle vara klara till lunch hade det sagts innan men s\u00e5 blev det inte. Tror de gick vid tre-tiden. Men det blev bra tycker jag. Huset ser lite stiligare ut fr\u00e5n gatan nu med nya f\u00f6nster.<\/p>\n<p><a href=\"https:\/\/www.montendre.se\/wp-content\/uploads\/2022\/08\/IMG_0795.jpeg\"><img loading=\"lazy\" decoding=\"async\" class=\"size-medium wp-image-5206 aligncenter\" src=\"https:\/\/www.montendre.se\/wp-content\/uploads\/2022\/08\/IMG_0795-225x300.jpeg\" alt=\"\" width=\"225\" height=\"300\" srcset=\"https:\/\/www.montendre.se\/wp-content\/uploads\/2022\/08\/IMG_0795-225x300.jpeg 225w, https:\/\/www.montendre.se\/wp-content\/uploads\/2022\/08\/IMG_0795-768x1024.jpeg 768w, https:\/\/www.montendre.se\/wp-content\/uploads\/2022\/08\/IMG_0795-700x933.jpeg 700w, https:\/\/www.montendre.se\/wp-content\/uploads\/2022\/08\/IMG_0795.jpeg 960w\" sizes=\"(max-width: 225px) 100vw, 225px\" \/><\/a><a href=\"https:\/\/www.montendre.se\/wp-content\/uploads\/2022\/08\/IMG_0794.jpeg\"><img loading=\"lazy\" decoding=\"async\" class=\"size-medium wp-image-5205 aligncenter\" src=\"https:\/\/www.montendre.se\/wp-content\/uploads\/2022\/08\/IMG_0794-225x300.jpeg\" alt=\"\" width=\"225\" height=\"300\" srcset=\"https:\/\/www.montendre.se\/wp-content\/uploads\/2022\/08\/IMG_0794-225x300.jpeg 225w, https:\/\/www.montendre.se\/wp-content\/uploads\/2022\/08\/IMG_0794-768x1024.jpeg 768w, https:\/\/www.montendre.se\/wp-content\/uploads\/2022\/08\/IMG_0794-700x933.jpeg 700w, https:\/\/www.montendre.se\/wp-content\/uploads\/2022\/08\/IMG_0794.jpeg 960w\" sizes=\"(max-width: 225px) 100vw, 225px\" \/><\/a><\/p>\n<p><a href=\"https:\/\/www.montendre.se\/wp-content\/uploads\/2022\/08\/IMG_0797-1.jpeg\"><img loading=\"lazy\" decoding=\"async\" class=\"size-medium wp-image-5211 aligncenter\" src=\"https:\/\/www.montendre.se\/wp-content\/uploads\/2022\/08\/IMG_0797-1-225x300.jpeg\" alt=\"\" width=\"225\" height=\"300\" srcset=\"https:\/\/www.montendre.se\/wp-content\/uploads\/2022\/08\/IMG_0797-1-225x300.jpeg 225w, https:\/\/www.montendre.se\/wp-content\/uploads\/2022\/08\/IMG_0797-1-768x1024.jpeg 768w, https:\/\/www.montendre.se\/wp-content\/uploads\/2022\/08\/IMG_0797-1-700x933.jpeg 700w, https:\/\/www.montendre.se\/wp-content\/uploads\/2022\/08\/IMG_0797-1.jpeg 960w\" sizes=\"(max-width: 225px) 100vw, 225px\" \/><\/a><a href=\"https:\/\/www.montendre.se\/wp-content\/uploads\/2022\/08\/IMG_0796-1.jpeg\"><img loading=\"lazy\" decoding=\"async\" class=\"size-medium wp-image-5210 aligncenter\" src=\"https:\/\/www.montendre.se\/wp-content\/uploads\/2022\/08\/IMG_0796-1-225x300.jpeg\" alt=\"\" width=\"225\" height=\"300\" srcset=\"https:\/\/www.montendre.se\/wp-content\/uploads\/2022\/08\/IMG_0796-1-225x300.jpeg 225w, https:\/\/www.montendre.se\/wp-content\/uploads\/2022\/08\/IMG_0796-1-768x1024.jpeg 768w, https:\/\/www.montendre.se\/wp-content\/uploads\/2022\/08\/IMG_0796-1-700x933.jpeg 700w, https:\/\/www.montendre.se\/wp-content\/uploads\/2022\/08\/IMG_0796-1.jpeg 960w\" sizes=\"(max-width: 225px) 100vw, 225px\" \/><\/a>Sj\u00e4lv fortsatte jag med nischerna. M\u00e5lade klart f\u00f6nsternischen och b\u00f6rjade s\u00e4tta dit de yttre listerna. M\u00e5lade n\u00e4stan klart d\u00f6rrnischen men f\u00e4rgen tog slut innan jag var klar&#8230;<\/p>\n<p><a href=\"https:\/\/www.montendre.se\/wp-content\/uploads\/2022\/08\/IMG_0804.jpeg\"><img loading=\"lazy\" decoding=\"async\" class=\"size-medium wp-image-5217 aligncenter\" src=\"https:\/\/www.montendre.se\/wp-content\/uploads\/2022\/08\/IMG_0804-225x300.jpeg\" alt=\"\" width=\"225\" height=\"300\" srcset=\"https:\/\/www.montendre.se\/wp-content\/uploads\/2022\/08\/IMG_0804-225x300.jpeg 225w, https:\/\/www.montendre.se\/wp-content\/uploads\/2022\/08\/IMG_0804-768x1024.jpeg 768w, https:\/\/www.montendre.se\/wp-content\/uploads\/2022\/08\/IMG_0804-700x933.jpeg 700w, https:\/\/www.montendre.se\/wp-content\/uploads\/2022\/08\/IMG_0804.jpeg 960w\" sizes=\"(max-width: 225px) 100vw, 225px\" \/><\/a><a href=\"https:\/\/www.montendre.se\/wp-content\/uploads\/2022\/08\/IMG_0805.jpeg\"><img loading=\"lazy\" decoding=\"async\" class=\"size-medium wp-image-5218 aligncenter\" src=\"https:\/\/www.montendre.se\/wp-content\/uploads\/2022\/08\/IMG_0805-225x300.jpeg\" alt=\"\" width=\"225\" height=\"300\" srcset=\"https:\/\/www.montendre.se\/wp-content\/uploads\/2022\/08\/IMG_0805-225x300.jpeg 225w, https:\/\/www.montendre.se\/wp-content\/uploads\/2022\/08\/IMG_0805-768x1024.jpeg 768w, https:\/\/www.montendre.se\/wp-content\/uploads\/2022\/08\/IMG_0805-700x933.jpeg 700w, https:\/\/www.montendre.se\/wp-content\/uploads\/2022\/08\/IMG_0805.jpeg 960w\" sizes=\"(max-width: 225px) 100vw, 225px\" \/><\/a><\/p>\n<p>Stockrosorna som jag satte i onsdags har b\u00f6rjat titta upp s\u00e5 jag satte dit en liten sprinkler (ej i bild) s\u00e5 de inte torkar ut.<\/p>\n<p><a href=\"https:\/\/www.montendre.se\/wp-content\/uploads\/2022\/08\/IMG_0786.jpeg\"><img loading=\"lazy\" decoding=\"async\" class=\"size-medium wp-image-5212 aligncenter\" src=\"https:\/\/www.montendre.se\/wp-content\/uploads\/2022\/08\/IMG_0786-225x300.jpeg\" alt=\"\" width=\"225\" height=\"300\" srcset=\"https:\/\/www.montendre.se\/wp-content\/uploads\/2022\/08\/IMG_0786-225x300.jpeg 225w, https:\/\/www.montendre.se\/wp-content\/uploads\/2022\/08\/IMG_0786-768x1024.jpeg 768w, https:\/\/www.montendre.se\/wp-content\/uploads\/2022\/08\/IMG_0786-700x933.jpeg 700w, https:\/\/www.montendre.se\/wp-content\/uploads\/2022\/08\/IMG_0786.jpeg 960w\" sizes=\"(max-width: 225px) 100vw, 225px\" \/><\/a>Alpaklejan och pepparroten var ju helt bruna n\u00e4r jag kom ner s\u00e5 jag klippte ner b\u00e5da r\u00e4tt rej\u00e4lt. Nu kommer det nya blad p\u00e5 b\u00e5da.<\/p>\n<p><a href=\"https:\/\/www.montendre.se\/wp-content\/uploads\/2022\/08\/IMG_0788.jpeg\"><img loading=\"lazy\" decoding=\"async\" class=\"size-medium wp-image-5213 aligncenter\" src=\"https:\/\/www.montendre.se\/wp-content\/uploads\/2022\/08\/IMG_0788-225x300.jpeg\" alt=\"\" width=\"225\" height=\"300\" srcset=\"https:\/\/www.montendre.se\/wp-content\/uploads\/2022\/08\/IMG_0788-225x300.jpeg 225w, https:\/\/www.montendre.se\/wp-content\/uploads\/2022\/08\/IMG_0788-768x1024.jpeg 768w, https:\/\/www.montendre.se\/wp-content\/uploads\/2022\/08\/IMG_0788-700x933.jpeg 700w, https:\/\/www.montendre.se\/wp-content\/uploads\/2022\/08\/IMG_0788.jpeg 960w\" sizes=\"(max-width: 225px) 100vw, 225px\" \/><\/a><a href=\"https:\/\/www.montendre.se\/wp-content\/uploads\/2022\/08\/IMG_0790.jpeg\"><img loading=\"lazy\" decoding=\"async\" class=\"size-medium wp-image-5214 aligncenter\" src=\"https:\/\/www.montendre.se\/wp-content\/uploads\/2022\/08\/IMG_0790-225x300.jpeg\" alt=\"\" width=\"225\" height=\"300\" srcset=\"https:\/\/www.montendre.se\/wp-content\/uploads\/2022\/08\/IMG_0790-225x300.jpeg 225w, https:\/\/www.montendre.se\/wp-content\/uploads\/2022\/08\/IMG_0790-768x1024.jpeg 768w, https:\/\/www.montendre.se\/wp-content\/uploads\/2022\/08\/IMG_0790-700x933.jpeg 700w, https:\/\/www.montendre.se\/wp-content\/uploads\/2022\/08\/IMG_0790.jpeg 960w\" sizes=\"(max-width: 225px) 100vw, 225px\" \/><\/a><\/p>\n<p>S\u00e5gade bort mer av avloppsr\u00f6ret men kommer inte fram till n\u00e5gon bra l\u00f6sning. Kanske f\u00e5r ta hit r\u00f6rmokaren Albert s\u00e5 f\u00e5r han fixa det?<\/p>\n<p><a href=\"https:\/\/www.montendre.se\/wp-content\/uploads\/2022\/08\/IMG_0798.jpeg\"><img loading=\"lazy\" decoding=\"async\" class=\"size-medium wp-image-5215 aligncenter\" src=\"https:\/\/www.montendre.se\/wp-content\/uploads\/2022\/08\/IMG_0798-225x300.jpeg\" alt=\"\" width=\"225\" height=\"300\" srcset=\"https:\/\/www.montendre.se\/wp-content\/uploads\/2022\/08\/IMG_0798-225x300.jpeg 225w, https:\/\/www.montendre.se\/wp-content\/uploads\/2022\/08\/IMG_0798-768x1024.jpeg 768w, https:\/\/www.montendre.se\/wp-content\/uploads\/2022\/08\/IMG_0798-700x933.jpeg 700w, https:\/\/www.montendre.se\/wp-content\/uploads\/2022\/08\/IMG_0798.jpeg 960w\" sizes=\"(max-width: 225px) 100vw, 225px\" \/><\/a>Sedan st\u00e4dning.<\/p>\n<p>Mat p\u00e5 nattmarknaden, ris och en indisk dahl.<\/p>\n","protected":false},"excerpt":{"rendered":"<p>Mulet p\u00e5 f\u00f6rmiddagen sedan v\u00e4xlande molnighet, 28 grader. Hantverkarna kom vid halv tio-tiden. Skulle vara klara till lunch hade det sagts innan men s\u00e5 blev det inte. Tror de gick vid tre-tiden. Men det blev bra tycker jag. Huset ser lite stiligare ut fr\u00e5n gatan nu med nya f\u00f6nster. Sj\u00e4lv &#8230;<\/p>\n","protected":false},"author":1,"featured_media":0,"comment_status":"open","ping_status":"open","sticky":false,"template":"","format":"standard","meta":{"jetpack_post_was_ever_published":false,"_jetpack_newsletter_access":"","_jetpack_dont_email_post_to_subs":false,"_jetpack_newsletter_tier_id":0,"footnotes":""},"categories":[78],"tags":[],"jetpack_sharing_enabled":true,"jetpack_featured_media_url":"","_links":{"self":[{"href":"https:\/\/www.montendre.se\/index.php?rest_route=\/wp\/v2\/posts\/5203"}],"collection":[{"href":"https:\/\/www.montendre.se\/index.php?rest_route=\/wp\/v2\/posts"}],"about":[{"href":"https:\/\/www.montendre.se\/index.php?rest_route=\/wp\/v2\/types\/post"}],"author":[{"embeddable":true,"href":"https:\/\/www.montendre.se\/index.php?rest_route=\/wp\/v2\/users\/1"}],"replies":[{"embeddable":true,"href":"https:\/\/www.montendre.se\/index.php?rest_route=%2Fwp%2Fv2%2Fcomments&post=5203"}],"version-history":[{"count":6,"href":"https:\/\/www.montendre.se\/index.php?rest_route=\/wp\/v2\/posts\/5203\/revisions"}],"predecessor-version":[{"id":5221,"href":"https:\/\/www.montendre.se\/index.php?rest_route=\/wp\/v2\/posts\/5203\/revisions\/5221"}],"wp:attachment":[{"href":"https:\/\/www.montendre.se\/index.php?rest_route=%2Fwp%2Fv2%2Fmedia&parent=5203"}],"wp:term":[{"taxonomy":"category","embeddable":true,"href":"https:\/\/www.montendre.se\/index.php?rest_route=%2Fwp%2Fv2%2Fcategories&post=5203"},{"taxonomy":"post_tag","embeddable":true,"href":"https:\/\/www.montendre.se\/index.php?rest_route=%2Fwp%2Fv2%2Ftags&post=5203"}],"curies":[{"name":"wp","href":"https:\/\/api.w.org\/{rel}","templated":true}]}}