{"id":5195,"date":"2022-08-22T21:13:53","date_gmt":"2022-08-22T19:13:53","guid":{"rendered":"https:\/\/www.montendre.se\/?p=5195"},"modified":"2022-08-22T21:13:53","modified_gmt":"2022-08-22T19:13:53","slug":"22-augusti-2022","status":"publish","type":"post","link":"https:\/\/www.montendre.se\/?p=5195","title":{"rendered":"22 augusti 2022"},"content":{"rendered":"<p>Lite v\u00e4xlande v\u00e4der idag. Ibland lite regnst\u00e4nk men ingen rotbl\u00f6ta direkt, 1,2 mm totalt. Mer sol p\u00e5 kv\u00e4llen, 27 grader.<\/p>\n<p>Hantverkaren som skulle s\u00e4tta in nya f\u00f6nster idag d\u00f6k inte upp. Tydligen hade han tagit en extra semesterdag s\u00e5 han ska komma i morgon, tisdag, i st\u00e4llet.<\/p>\n<p>Jag fortsatte med nischerna i sovrummet. M\u00e5lade f\u00f6nsternischen en g\u00e5ng i gr\u00f6nt.<\/p>\n<p><a href=\"https:\/\/www.montendre.se\/wp-content\/uploads\/2022\/08\/IMG_0785.jpeg\"><img loading=\"lazy\" decoding=\"async\" class=\"size-medium wp-image-5197 aligncenter\" src=\"https:\/\/www.montendre.se\/wp-content\/uploads\/2022\/08\/IMG_0785-225x300.jpeg\" alt=\"\" width=\"225\" height=\"300\" srcset=\"https:\/\/www.montendre.se\/wp-content\/uploads\/2022\/08\/IMG_0785-225x300.jpeg 225w, https:\/\/www.montendre.se\/wp-content\/uploads\/2022\/08\/IMG_0785-768x1024.jpeg 768w, https:\/\/www.montendre.se\/wp-content\/uploads\/2022\/08\/IMG_0785-700x933.jpeg 700w, https:\/\/www.montendre.se\/wp-content\/uploads\/2022\/08\/IMG_0785.jpeg 960w\" sizes=\"(max-width: 225px) 100vw, 225px\" \/><\/a>Har spacklat d\u00f6rrnischen och s\u00e5 m\u00e5lade jag de lister som ska sitta runt nischerna.<\/p>\n<p>\u00c5kte till Blaye en sv\u00e4ng f\u00f6r att kolla om de hade n\u00e5gra andra bra lister men hittade inga. Handlade lite vin i vinbutiken i st\u00e4llet.<\/p>\n<p>Middag hemma, pizza.<\/p>\n","protected":false},"excerpt":{"rendered":"<p>Lite v\u00e4xlande v\u00e4der idag. Ibland lite regnst\u00e4nk men ingen rotbl\u00f6ta direkt, 1,2 mm totalt. Mer sol p\u00e5 kv\u00e4llen, 27 grader. Hantverkaren som skulle s\u00e4tta in nya f\u00f6nster idag d\u00f6k inte upp. Tydligen hade han tagit en extra semesterdag s\u00e5 han ska komma i morgon, tisdag, i st\u00e4llet. Jag fortsatte med &#8230;<\/p>\n","protected":false},"author":1,"featured_media":0,"comment_status":"open","ping_status":"open","sticky":false,"template":"","format":"standard","meta":{"jetpack_post_was_ever_published":false,"_jetpack_newsletter_access":"","_jetpack_dont_email_post_to_subs":false,"_jetpack_newsletter_tier_id":0,"footnotes":""},"categories":[78],"tags":[],"jetpack_sharing_enabled":true,"jetpack_featured_media_url":"","_links":{"self":[{"href":"https:\/\/www.montendre.se\/index.php?rest_route=\/wp\/v2\/posts\/5195"}],"collection":[{"href":"https:\/\/www.montendre.se\/index.php?rest_route=\/wp\/v2\/posts"}],"about":[{"href":"https:\/\/www.montendre.se\/index.php?rest_route=\/wp\/v2\/types\/post"}],"author":[{"embeddable":true,"href":"https:\/\/www.montendre.se\/index.php?rest_route=\/wp\/v2\/users\/1"}],"replies":[{"embeddable":true,"href":"https:\/\/www.montendre.se\/index.php?rest_route=%2Fwp%2Fv2%2Fcomments&post=5195"}],"version-history":[{"count":5,"href":"https:\/\/www.montendre.se\/index.php?rest_route=\/wp\/v2\/posts\/5195\/revisions"}],"predecessor-version":[{"id":5201,"href":"https:\/\/www.montendre.se\/index.php?rest_route=\/wp\/v2\/posts\/5195\/revisions\/5201"}],"wp:attachment":[{"href":"https:\/\/www.montendre.se\/index.php?rest_route=%2Fwp%2Fv2%2Fmedia&parent=5195"}],"wp:term":[{"taxonomy":"category","embeddable":true,"href":"https:\/\/www.montendre.se\/index.php?rest_route=%2Fwp%2Fv2%2Fcategories&post=5195"},{"taxonomy":"post_tag","embeddable":true,"href":"https:\/\/www.montendre.se\/index.php?rest_route=%2Fwp%2Fv2%2Ftags&post=5195"}],"curies":[{"name":"wp","href":"https:\/\/api.w.org\/{rel}","templated":true}]}}