{"id":5184,"date":"2022-08-20T20:09:02","date_gmt":"2022-08-20T18:09:02","guid":{"rendered":"https:\/\/www.montendre.se\/?p=5184"},"modified":"2022-08-20T20:09:02","modified_gmt":"2022-08-20T18:09:02","slug":"20-augusti-2022","status":"publish","type":"post","link":"https:\/\/www.montendre.se\/?p=5184","title":{"rendered":"20 augusti 2022"},"content":{"rendered":"<p>Mulet p\u00e5 f\u00f6rmiddagen sedan lite v\u00e4xlande molnighet, 29 grader.<\/p>\n<p>Fortsatt med taket utanf\u00f6r toan. Spacklade lite till och m\u00e5lade sedan ett f\u00f6rsta lager. Har k\u00f6pt lister till taket och m\u00e5lat dem en f\u00f6rsta g\u00e5ng.<\/p>\n<p>I v\u00e5rt sovrum har jag satt upp tv\u00e5 skivor till och spacklat skruvh\u00e5len. Har k\u00f6pt lister till f\u00f6nsternischen ocks\u00e5. Funderar lite p\u00e5 f\u00e4rgval, ska skivorna i nischen vara vita eller gr\u00f6nm\u00e5lade som v\u00e4ggen?<\/p>\n<p><a href=\"https:\/\/www.montendre.se\/wp-content\/uploads\/2022\/08\/IMG_0775.jpeg\"><img loading=\"lazy\" decoding=\"async\" class=\"alignnone size-medium wp-image-5185\" src=\"https:\/\/www.montendre.se\/wp-content\/uploads\/2022\/08\/IMG_0775-225x300.jpeg\" alt=\"\" width=\"225\" height=\"300\" srcset=\"https:\/\/www.montendre.se\/wp-content\/uploads\/2022\/08\/IMG_0775-225x300.jpeg 225w, https:\/\/www.montendre.se\/wp-content\/uploads\/2022\/08\/IMG_0775-768x1024.jpeg 768w, https:\/\/www.montendre.se\/wp-content\/uploads\/2022\/08\/IMG_0775-700x933.jpeg 700w, https:\/\/www.montendre.se\/wp-content\/uploads\/2022\/08\/IMG_0775.jpeg 960w\" sizes=\"(max-width: 225px) 100vw, 225px\" \/><\/a><\/p>\n<p>Sedan ska jag ju g\u00f6ra skivan under f\u00f6nstret med &#8221;speglar&#8221;. F\u00e5r se om jag b\u00f6rjar med det den h\u00e4r resan eller n\u00e4sta.<\/p>\n<p>Skulle \u00e4ven vilja b\u00f6rja med antingen balkongd\u00f6rrs-nischen i v\u00e5rt sovrum eller nytt innertak i vardagsrummet. F\u00e5r se vad det blir&#8230;<\/p>\n<p>F\u00e5rostpasta till middag.<\/p>\n","protected":false},"excerpt":{"rendered":"<p>Mulet p\u00e5 f\u00f6rmiddagen sedan lite v\u00e4xlande molnighet, 29 grader. Fortsatt med taket utanf\u00f6r toan. Spacklade lite till och m\u00e5lade sedan ett f\u00f6rsta lager. Har k\u00f6pt lister till taket och m\u00e5lat dem en f\u00f6rsta g\u00e5ng. I v\u00e5rt sovrum har jag satt upp tv\u00e5 skivor till och spacklat skruvh\u00e5len. Har k\u00f6pt lister &#8230;<\/p>\n","protected":false},"author":1,"featured_media":0,"comment_status":"open","ping_status":"open","sticky":false,"template":"","format":"standard","meta":{"jetpack_post_was_ever_published":false,"_jetpack_newsletter_access":"","_jetpack_dont_email_post_to_subs":false,"_jetpack_newsletter_tier_id":0,"footnotes":""},"categories":[78],"tags":[],"jetpack_sharing_enabled":true,"jetpack_featured_media_url":"","_links":{"self":[{"href":"https:\/\/www.montendre.se\/index.php?rest_route=\/wp\/v2\/posts\/5184"}],"collection":[{"href":"https:\/\/www.montendre.se\/index.php?rest_route=\/wp\/v2\/posts"}],"about":[{"href":"https:\/\/www.montendre.se\/index.php?rest_route=\/wp\/v2\/types\/post"}],"author":[{"embeddable":true,"href":"https:\/\/www.montendre.se\/index.php?rest_route=\/wp\/v2\/users\/1"}],"replies":[{"embeddable":true,"href":"https:\/\/www.montendre.se\/index.php?rest_route=%2Fwp%2Fv2%2Fcomments&post=5184"}],"version-history":[{"count":1,"href":"https:\/\/www.montendre.se\/index.php?rest_route=\/wp\/v2\/posts\/5184\/revisions"}],"predecessor-version":[{"id":5186,"href":"https:\/\/www.montendre.se\/index.php?rest_route=\/wp\/v2\/posts\/5184\/revisions\/5186"}],"wp:attachment":[{"href":"https:\/\/www.montendre.se\/index.php?rest_route=%2Fwp%2Fv2%2Fmedia&parent=5184"}],"wp:term":[{"taxonomy":"category","embeddable":true,"href":"https:\/\/www.montendre.se\/index.php?rest_route=%2Fwp%2Fv2%2Fcategories&post=5184"},{"taxonomy":"post_tag","embeddable":true,"href":"https:\/\/www.montendre.se\/index.php?rest_route=%2Fwp%2Fv2%2Ftags&post=5184"}],"curies":[{"name":"wp","href":"https:\/\/api.w.org\/{rel}","templated":true}]}}