{"id":5081,"date":"2022-07-09T21:38:52","date_gmt":"2022-07-09T19:38:52","guid":{"rendered":"https:\/\/www.montendre.se\/?p=5081"},"modified":"2022-07-09T23:17:11","modified_gmt":"2022-07-09T21:17:11","slug":"9-juli-2022","status":"publish","type":"post","link":"https:\/\/www.montendre.se\/?p=5081","title":{"rendered":"9 juli 2022"},"content":{"rendered":"<p>Soligt och 30 grader varmt.<\/p>\n<p>Vi tog en tur ut till kusten och k\u00e4kade lunch p\u00e5 <a href=\"https:\/\/www.fruitsdemer-lesvivierscharentais.fr\">Viviers-Charentais<\/a>.<\/p>\n<p><a href=\"https:\/\/www.montendre.se\/wp-content\/uploads\/2022\/07\/IMG_0644.jpeg\"><img loading=\"lazy\" decoding=\"async\" class=\"aligncenter size-medium wp-image-5082\" src=\"https:\/\/www.montendre.se\/wp-content\/uploads\/2022\/07\/IMG_0644-300x225.jpeg\" alt=\"\" width=\"300\" height=\"225\" srcset=\"https:\/\/www.montendre.se\/wp-content\/uploads\/2022\/07\/IMG_0644-300x225.jpeg 300w, https:\/\/www.montendre.se\/wp-content\/uploads\/2022\/07\/IMG_0644-1024x768.jpeg 1024w, https:\/\/www.montendre.se\/wp-content\/uploads\/2022\/07\/IMG_0644-768x576.jpeg 768w, https:\/\/www.montendre.se\/wp-content\/uploads\/2022\/07\/IMG_0644-268x200.jpeg 268w, https:\/\/www.montendre.se\/wp-content\/uploads\/2022\/07\/IMG_0644-700x525.jpeg 700w, https:\/\/www.montendre.se\/wp-content\/uploads\/2022\/07\/IMG_0644.jpeg 1280w\" sizes=\"(max-width: 300px) 100vw, 300px\" \/><\/a>Tjugo grader i havet tydligen. Inte s\u00e5 m\u00e5nga p\u00e5 stranden trots l\u00f6rdag och 30 grader i luften.<\/p>\n<p><a href=\"https:\/\/www.montendre.se\/wp-content\/uploads\/2022\/07\/IMG_0647.jpeg\"><img loading=\"lazy\" decoding=\"async\" class=\"aligncenter size-medium wp-image-5083\" src=\"https:\/\/www.montendre.se\/wp-content\/uploads\/2022\/07\/IMG_0647-300x225.jpeg\" alt=\"\" width=\"300\" height=\"225\" srcset=\"https:\/\/www.montendre.se\/wp-content\/uploads\/2022\/07\/IMG_0647-300x225.jpeg 300w, https:\/\/www.montendre.se\/wp-content\/uploads\/2022\/07\/IMG_0647-1024x768.jpeg 1024w, https:\/\/www.montendre.se\/wp-content\/uploads\/2022\/07\/IMG_0647-768x576.jpeg 768w, https:\/\/www.montendre.se\/wp-content\/uploads\/2022\/07\/IMG_0647-268x200.jpeg 268w, https:\/\/www.montendre.se\/wp-content\/uploads\/2022\/07\/IMG_0647-700x525.jpeg 700w, https:\/\/www.montendre.se\/wp-content\/uploads\/2022\/07\/IMG_0647.jpeg 1280w\" sizes=\"(max-width: 300px) 100vw, 300px\" \/><\/a>Tog en glass och kaffe ocks\u00e5.<\/p>\n<p>P\u00e5 v\u00e4gen hem \u00e5kte vi in om Royan och f\u00f6rs\u00f6kte k\u00f6pa en fransk mobil i Orange-butiken, men det gick inget vidare f\u00f6r jag hade inte passet med mig, bara k\u00f6rkortet och det d\u00f6g minsann inte.<\/p>\n<p>Tappade upp persiko-vinet p\u00e5 flaskor, blev 7,5 flaskor.<\/p>\n<p><a href=\"https:\/\/www.montendre.se\/wp-content\/uploads\/2022\/07\/IMG_0653.jpeg\"><img loading=\"lazy\" decoding=\"async\" class=\"aligncenter size-medium wp-image-5084\" src=\"https:\/\/www.montendre.se\/wp-content\/uploads\/2022\/07\/IMG_0653-300x225.jpeg\" alt=\"\" width=\"300\" height=\"225\" srcset=\"https:\/\/www.montendre.se\/wp-content\/uploads\/2022\/07\/IMG_0653-300x225.jpeg 300w, https:\/\/www.montendre.se\/wp-content\/uploads\/2022\/07\/IMG_0653-1024x768.jpeg 1024w, https:\/\/www.montendre.se\/wp-content\/uploads\/2022\/07\/IMG_0653-768x576.jpeg 768w, https:\/\/www.montendre.se\/wp-content\/uploads\/2022\/07\/IMG_0653-268x200.jpeg 268w, https:\/\/www.montendre.se\/wp-content\/uploads\/2022\/07\/IMG_0653-700x525.jpeg 700w, https:\/\/www.montendre.se\/wp-content\/uploads\/2022\/07\/IMG_0653.jpeg 1280w\" sizes=\"(max-width: 300px) 100vw, 300px\" \/><\/a>Vi provsmakade lite, det var r\u00e4tt beskt och inte speciellt s\u00f6tt trots 150 sockerbitar. Det ska ju drickas kallt, kanske p\u00e5verkar lite att det var rumstempererat.<\/p>\n<p>Middag p\u00e5 La Diligence i grannbyn Chepniers.<\/p>\n","protected":false},"excerpt":{"rendered":"<p>Soligt och 30 grader varmt. Vi tog en tur ut till kusten och k\u00e4kade lunch p\u00e5 Viviers-Charentais. Tjugo grader i havet tydligen. Inte s\u00e5 m\u00e5nga p\u00e5 stranden trots l\u00f6rdag och 30 grader i luften. Tog en glass och kaffe ocks\u00e5. P\u00e5 v\u00e4gen hem \u00e5kte vi in om Royan och f\u00f6rs\u00f6kte &#8230;<\/p>\n","protected":false},"author":1,"featured_media":0,"comment_status":"open","ping_status":"open","sticky":false,"template":"","format":"standard","meta":{"jetpack_post_was_ever_published":false,"_jetpack_newsletter_access":"","_jetpack_dont_email_post_to_subs":false,"_jetpack_newsletter_tier_id":0,"footnotes":""},"categories":[77],"tags":[],"jetpack_sharing_enabled":true,"jetpack_featured_media_url":"","_links":{"self":[{"href":"https:\/\/www.montendre.se\/index.php?rest_route=\/wp\/v2\/posts\/5081"}],"collection":[{"href":"https:\/\/www.montendre.se\/index.php?rest_route=\/wp\/v2\/posts"}],"about":[{"href":"https:\/\/www.montendre.se\/index.php?rest_route=\/wp\/v2\/types\/post"}],"author":[{"embeddable":true,"href":"https:\/\/www.montendre.se\/index.php?rest_route=\/wp\/v2\/users\/1"}],"replies":[{"embeddable":true,"href":"https:\/\/www.montendre.se\/index.php?rest_route=%2Fwp%2Fv2%2Fcomments&post=5081"}],"version-history":[{"count":4,"href":"https:\/\/www.montendre.se\/index.php?rest_route=\/wp\/v2\/posts\/5081\/revisions"}],"predecessor-version":[{"id":5089,"href":"https:\/\/www.montendre.se\/index.php?rest_route=\/wp\/v2\/posts\/5081\/revisions\/5089"}],"wp:attachment":[{"href":"https:\/\/www.montendre.se\/index.php?rest_route=%2Fwp%2Fv2%2Fmedia&parent=5081"}],"wp:term":[{"taxonomy":"category","embeddable":true,"href":"https:\/\/www.montendre.se\/index.php?rest_route=%2Fwp%2Fv2%2Fcategories&post=5081"},{"taxonomy":"post_tag","embeddable":true,"href":"https:\/\/www.montendre.se\/index.php?rest_route=%2Fwp%2Fv2%2Ftags&post=5081"}],"curies":[{"name":"wp","href":"https:\/\/api.w.org\/{rel}","templated":true}]}}