{"id":5049,"date":"2022-07-07T09:49:09","date_gmt":"2022-07-07T07:49:09","guid":{"rendered":"https:\/\/www.montendre.se\/?p=5049"},"modified":"2022-07-07T09:49:09","modified_gmt":"2022-07-07T07:49:09","slug":"6-juli-2022","status":"publish","type":"post","link":"https:\/\/www.montendre.se\/?p=5049","title":{"rendered":"6 juli 2022"},"content":{"rendered":"<p>Soligt, 28 grader.<\/p>\n<p>Fortsatte klippa tujah\u00e4cken, bara undre delen \u00e4n s\u00e5 l\u00e4nge.<\/p>\n<p><a href=\"https:\/\/www.montendre.se\/wp-content\/uploads\/2022\/07\/IMG_0625.jpeg\"><img loading=\"lazy\" decoding=\"async\" class=\"aligncenter size-medium wp-image-5055\" src=\"https:\/\/www.montendre.se\/wp-content\/uploads\/2022\/07\/IMG_0625-300x225.jpeg\" alt=\"\" width=\"300\" height=\"225\" srcset=\"https:\/\/www.montendre.se\/wp-content\/uploads\/2022\/07\/IMG_0625-300x225.jpeg 300w, https:\/\/www.montendre.se\/wp-content\/uploads\/2022\/07\/IMG_0625-1024x768.jpeg 1024w, https:\/\/www.montendre.se\/wp-content\/uploads\/2022\/07\/IMG_0625-768x576.jpeg 768w, https:\/\/www.montendre.se\/wp-content\/uploads\/2022\/07\/IMG_0625-268x200.jpeg 268w, https:\/\/www.montendre.se\/wp-content\/uploads\/2022\/07\/IMG_0625-700x525.jpeg 700w, https:\/\/www.montendre.se\/wp-content\/uploads\/2022\/07\/IMG_0625.jpeg 1280w\" sizes=\"(max-width: 300px) 100vw, 300px\" \/><\/a><\/p>\n<p>H\u00e4ngde upp de nym\u00e5lade f\u00f6nstrena.<\/p>\n<p><a href=\"https:\/\/www.montendre.se\/wp-content\/uploads\/2022\/07\/IMG_0600.jpeg\"><img loading=\"lazy\" decoding=\"async\" class=\"aligncenter size-medium wp-image-5050\" src=\"https:\/\/www.montendre.se\/wp-content\/uploads\/2022\/07\/IMG_0600-225x300.jpeg\" alt=\"\" width=\"225\" height=\"300\" srcset=\"https:\/\/www.montendre.se\/wp-content\/uploads\/2022\/07\/IMG_0600-225x300.jpeg 225w, https:\/\/www.montendre.se\/wp-content\/uploads\/2022\/07\/IMG_0600-768x1024.jpeg 768w, https:\/\/www.montendre.se\/wp-content\/uploads\/2022\/07\/IMG_0600-700x933.jpeg 700w, https:\/\/www.montendre.se\/wp-content\/uploads\/2022\/07\/IMG_0600.jpeg 960w\" sizes=\"(max-width: 225px) 100vw, 225px\" \/><\/a><\/p>\n<p>P\u00e5 eftermiddagen kom inspektionskameran men resultatet med den blev v\u00e4l lite si s\u00e5 d\u00e4r. Sv\u00e5rt att f\u00e5 en vettig bild av hur det ser ut d\u00e4r inne i r\u00f6ret. Ser lite konstiga saker h\u00e4r och d\u00e4r. I avloppsbrunnen ut mot kommunala avloppet ligger bl.a. en papiljott. S\u00e5 det kan v\u00e4l finnas lite av varje i avloppet&#8230;<\/p>\n<p>Vad \u00e4r det h\u00e4r?\u00a0<a href=\"https:\/\/www.montendre.se\/wp-content\/uploads\/2022\/07\/IMG_0613.jpeg\"><br \/>\n<img loading=\"lazy\" decoding=\"async\" class=\"aligncenter size-medium wp-image-5051\" src=\"https:\/\/www.montendre.se\/wp-content\/uploads\/2022\/07\/IMG_0613-300x169.jpeg\" alt=\"\" width=\"300\" height=\"169\" srcset=\"https:\/\/www.montendre.se\/wp-content\/uploads\/2022\/07\/IMG_0613-300x169.jpeg 300w, https:\/\/www.montendre.se\/wp-content\/uploads\/2022\/07\/IMG_0613-1024x576.jpeg 1024w, https:\/\/www.montendre.se\/wp-content\/uploads\/2022\/07\/IMG_0613-768x432.jpeg 768w, https:\/\/www.montendre.se\/wp-content\/uploads\/2022\/07\/IMG_0613-700x394.jpeg 700w, https:\/\/www.montendre.se\/wp-content\/uploads\/2022\/07\/IMG_0613.jpeg 1280w\" sizes=\"(max-width: 300px) 100vw, 300px\" \/><\/a>Ser ut som ett trasigt r\u00f6r?<a href=\"https:\/\/www.montendre.se\/wp-content\/uploads\/2022\/07\/IMG_0615.jpeg\"> <img loading=\"lazy\" decoding=\"async\" class=\"aligncenter size-medium wp-image-5052\" src=\"https:\/\/www.montendre.se\/wp-content\/uploads\/2022\/07\/IMG_0615-300x169.jpeg\" alt=\"\" width=\"300\" height=\"169\" srcset=\"https:\/\/www.montendre.se\/wp-content\/uploads\/2022\/07\/IMG_0615-300x169.jpeg 300w, https:\/\/www.montendre.se\/wp-content\/uploads\/2022\/07\/IMG_0615-1024x576.jpeg 1024w, https:\/\/www.montendre.se\/wp-content\/uploads\/2022\/07\/IMG_0615-768x432.jpeg 768w, https:\/\/www.montendre.se\/wp-content\/uploads\/2022\/07\/IMG_0615-700x394.jpeg 700w, https:\/\/www.montendre.se\/wp-content\/uploads\/2022\/07\/IMG_0615.jpeg 1280w\" sizes=\"(max-width: 300px) 100vw, 300px\" \/><\/a>Gl\u00f6mt skriva att jag byggt p\u00e5 d\u00f6rren till vink\u00e4llaren.<\/p>\n<p><a href=\"https:\/\/www.montendre.se\/wp-content\/uploads\/2022\/07\/IMG_0621.jpeg\"><img loading=\"lazy\" decoding=\"async\" class=\"aligncenter size-medium wp-image-5053\" src=\"https:\/\/www.montendre.se\/wp-content\/uploads\/2022\/07\/IMG_0621-300x225.jpeg\" alt=\"\" width=\"300\" height=\"225\" srcset=\"https:\/\/www.montendre.se\/wp-content\/uploads\/2022\/07\/IMG_0621-300x225.jpeg 300w, https:\/\/www.montendre.se\/wp-content\/uploads\/2022\/07\/IMG_0621-1024x768.jpeg 1024w, https:\/\/www.montendre.se\/wp-content\/uploads\/2022\/07\/IMG_0621-768x576.jpeg 768w, https:\/\/www.montendre.se\/wp-content\/uploads\/2022\/07\/IMG_0621-268x200.jpeg 268w, https:\/\/www.montendre.se\/wp-content\/uploads\/2022\/07\/IMG_0621-700x525.jpeg 700w, https:\/\/www.montendre.se\/wp-content\/uploads\/2022\/07\/IMG_0621.jpeg 1280w\" sizes=\"(max-width: 300px) 100vw, 300px\" \/><\/a>Middag hemma, chilir\u00e4kor med vitl\u00f6k och pasta till.<\/p>\n","protected":false},"excerpt":{"rendered":"<p>Soligt, 28 grader. Fortsatte klippa tujah\u00e4cken, bara undre delen \u00e4n s\u00e5 l\u00e4nge. H\u00e4ngde upp de nym\u00e5lade f\u00f6nstrena. P\u00e5 eftermiddagen kom inspektionskameran men resultatet med den blev v\u00e4l lite si s\u00e5 d\u00e4r. Sv\u00e5rt att f\u00e5 en vettig bild av hur det ser ut d\u00e4r inne i r\u00f6ret. Ser lite konstiga saker &#8230;<\/p>\n","protected":false},"author":1,"featured_media":0,"comment_status":"open","ping_status":"open","sticky":false,"template":"","format":"standard","meta":{"jetpack_post_was_ever_published":false,"_jetpack_newsletter_access":"","_jetpack_dont_email_post_to_subs":false,"_jetpack_newsletter_tier_id":0,"footnotes":""},"categories":[77],"tags":[],"jetpack_sharing_enabled":true,"jetpack_featured_media_url":"","_links":{"self":[{"href":"https:\/\/www.montendre.se\/index.php?rest_route=\/wp\/v2\/posts\/5049"}],"collection":[{"href":"https:\/\/www.montendre.se\/index.php?rest_route=\/wp\/v2\/posts"}],"about":[{"href":"https:\/\/www.montendre.se\/index.php?rest_route=\/wp\/v2\/types\/post"}],"author":[{"embeddable":true,"href":"https:\/\/www.montendre.se\/index.php?rest_route=\/wp\/v2\/users\/1"}],"replies":[{"embeddable":true,"href":"https:\/\/www.montendre.se\/index.php?rest_route=%2Fwp%2Fv2%2Fcomments&post=5049"}],"version-history":[{"count":2,"href":"https:\/\/www.montendre.se\/index.php?rest_route=\/wp\/v2\/posts\/5049\/revisions"}],"predecessor-version":[{"id":5056,"href":"https:\/\/www.montendre.se\/index.php?rest_route=\/wp\/v2\/posts\/5049\/revisions\/5056"}],"wp:attachment":[{"href":"https:\/\/www.montendre.se\/index.php?rest_route=%2Fwp%2Fv2%2Fmedia&parent=5049"}],"wp:term":[{"taxonomy":"category","embeddable":true,"href":"https:\/\/www.montendre.se\/index.php?rest_route=%2Fwp%2Fv2%2Fcategories&post=5049"},{"taxonomy":"post_tag","embeddable":true,"href":"https:\/\/www.montendre.se\/index.php?rest_route=%2Fwp%2Fv2%2Ftags&post=5049"}],"curies":[{"name":"wp","href":"https:\/\/api.w.org\/{rel}","templated":true}]}}