{"id":5045,"date":"2022-07-06T09:26:42","date_gmt":"2022-07-06T07:26:42","guid":{"rendered":"https:\/\/www.montendre.se\/?p=5045"},"modified":"2022-07-06T09:26:42","modified_gmt":"2022-07-06T07:26:42","slug":"5-juli-2022","status":"publish","type":"post","link":"https:\/\/www.montendre.se\/?p=5045","title":{"rendered":"5 juli 2022"},"content":{"rendered":"<p>Soligt hela dagen 28 grader.<\/p>\n<p>Fortsatt strul med avloppet. Ingen inspektionskamera. Jeff Bezos flyger runt i rymden men leverera i tid det kan han inte \ud83d\ude09<\/p>\n<p>Mycket plock och rensande i tr\u00e4dg\u00e5rden. Tog bort ginsten som verkade ha d\u00f6tt. Vi klippte ner den r\u00e4tt h\u00e5rt i vintras, kanske var det det som kn\u00e4ckte den? Eller torkan i juni?<\/p>\n<p><a href=\"https:\/\/www.montendre.se\/wp-content\/uploads\/2022\/07\/IMG_0598.jpeg\"><img loading=\"lazy\" decoding=\"async\" class=\"aligncenter size-medium wp-image-5046\" src=\"https:\/\/www.montendre.se\/wp-content\/uploads\/2022\/07\/IMG_0598-225x300.jpeg\" alt=\"\" width=\"225\" height=\"300\" srcset=\"https:\/\/www.montendre.se\/wp-content\/uploads\/2022\/07\/IMG_0598-225x300.jpeg 225w, https:\/\/www.montendre.se\/wp-content\/uploads\/2022\/07\/IMG_0598-768x1024.jpeg 768w, https:\/\/www.montendre.se\/wp-content\/uploads\/2022\/07\/IMG_0598-700x933.jpeg 700w, https:\/\/www.montendre.se\/wp-content\/uploads\/2022\/07\/IMG_0598.jpeg 960w\" sizes=\"(max-width: 225px) 100vw, 225px\" \/><\/a>B\u00f6rjade klippa tujah\u00e4cken.<\/p>\n<p>Nattmarknad f\u00f6r f\u00f6rsta g\u00e5ngen sedan 2019. Lite mindre \u00e4n vanligt, men helt okey. K\u00e4kade lite indisk mat och lyssnade p\u00e5 r\u00e4tt usel musik fr\u00e5n den lokala rockmusikskolan <a href=\"http:\/\/associationadonf.fr\">adonf<\/a>.<\/p>\n","protected":false},"excerpt":{"rendered":"<p>Soligt hela dagen 28 grader. Fortsatt strul med avloppet. Ingen inspektionskamera. Jeff Bezos flyger runt i rymden men leverera i tid det kan han inte \ud83d\ude09 Mycket plock och rensande i tr\u00e4dg\u00e5rden. Tog bort ginsten som verkade ha d\u00f6tt. Vi klippte ner den r\u00e4tt h\u00e5rt i vintras, kanske var det &#8230;<\/p>\n","protected":false},"author":1,"featured_media":0,"comment_status":"open","ping_status":"open","sticky":false,"template":"","format":"standard","meta":{"jetpack_post_was_ever_published":false,"_jetpack_newsletter_access":"","_jetpack_dont_email_post_to_subs":false,"_jetpack_newsletter_tier_id":0,"footnotes":""},"categories":[77],"tags":[],"jetpack_sharing_enabled":true,"jetpack_featured_media_url":"","_links":{"self":[{"href":"https:\/\/www.montendre.se\/index.php?rest_route=\/wp\/v2\/posts\/5045"}],"collection":[{"href":"https:\/\/www.montendre.se\/index.php?rest_route=\/wp\/v2\/posts"}],"about":[{"href":"https:\/\/www.montendre.se\/index.php?rest_route=\/wp\/v2\/types\/post"}],"author":[{"embeddable":true,"href":"https:\/\/www.montendre.se\/index.php?rest_route=\/wp\/v2\/users\/1"}],"replies":[{"embeddable":true,"href":"https:\/\/www.montendre.se\/index.php?rest_route=%2Fwp%2Fv2%2Fcomments&post=5045"}],"version-history":[{"count":1,"href":"https:\/\/www.montendre.se\/index.php?rest_route=\/wp\/v2\/posts\/5045\/revisions"}],"predecessor-version":[{"id":5047,"href":"https:\/\/www.montendre.se\/index.php?rest_route=\/wp\/v2\/posts\/5045\/revisions\/5047"}],"wp:attachment":[{"href":"https:\/\/www.montendre.se\/index.php?rest_route=%2Fwp%2Fv2%2Fmedia&parent=5045"}],"wp:term":[{"taxonomy":"category","embeddable":true,"href":"https:\/\/www.montendre.se\/index.php?rest_route=%2Fwp%2Fv2%2Fcategories&post=5045"},{"taxonomy":"post_tag","embeddable":true,"href":"https:\/\/www.montendre.se\/index.php?rest_route=%2Fwp%2Fv2%2Ftags&post=5045"}],"curies":[{"name":"wp","href":"https:\/\/api.w.org\/{rel}","templated":true}]}}