{"id":5039,"date":"2022-07-05T09:33:22","date_gmt":"2022-07-05T07:33:22","guid":{"rendered":"https:\/\/www.montendre.se\/?p=5039"},"modified":"2022-07-05T09:33:22","modified_gmt":"2022-07-05T07:33:22","slug":"4-juli-2022","status":"publish","type":"post","link":"https:\/\/www.montendre.se\/?p=5039","title":{"rendered":"4 juli 2022"},"content":{"rendered":"<p>V\u00e4xlande molnighet, 27\u00a0grader.<\/p>\n<p>M\u00e5lat ett andra lager p\u00e5 ett av de nykittade f\u00f6nstrena. Snart dags att h\u00e4nga tillbaka dem.<\/p>\n<p>Rensat i tr\u00e4dg\u00e5rden, bl.a. h\u00e4lften av det som polisen sa till om. H\u00e4r \u00e4r det rent fr\u00e5n murgr\u00f6na i alla fall.<\/p>\n<p><a href=\"https:\/\/www.montendre.se\/wp-content\/uploads\/2022\/07\/IMG_0597.jpeg\"><img loading=\"lazy\" decoding=\"async\" class=\"aligncenter size-medium wp-image-5041\" src=\"https:\/\/www.montendre.se\/wp-content\/uploads\/2022\/07\/IMG_0597-225x300.jpeg\" alt=\"\" width=\"225\" height=\"300\" srcset=\"https:\/\/www.montendre.se\/wp-content\/uploads\/2022\/07\/IMG_0597-225x300.jpeg 225w, https:\/\/www.montendre.se\/wp-content\/uploads\/2022\/07\/IMG_0597-768x1024.jpeg 768w, https:\/\/www.montendre.se\/wp-content\/uploads\/2022\/07\/IMG_0597-700x933.jpeg 700w, https:\/\/www.montendre.se\/wp-content\/uploads\/2022\/07\/IMG_0597.jpeg 960w\" sizes=\"(max-width: 225px) 100vw, 225px\" \/><\/a>L planterade lite \u00f6verblivna l\u00f6kar som vi tagit med hemifr\u00e5n.<\/p>\n<p>Inspektionskameran \u00e4r f\u00f6rsenad f\u00f6rst\u00e5s. Vem trodde p\u00e5 att den skulle kunna levereras s\u00e5 snabbt? Nu ska den komma 5-7 juli. Vi f\u00e5r v\u00e4l se.<\/p>\n<p>Och samtidigt har det b\u00f6rjat bli problem med avloppet igen. G\u00e5r tr\u00f6gt s\u00e5 att det l\u00e4cker ut lite vatten d\u00e5 och d\u00e5 vid toan p\u00e5 bottenv\u00e5ningen.<\/p>\n<p>Middag hemma. Torskrygg med samma tillbeh\u00f6r som ig\u00e5r.<\/p>\n","protected":false},"excerpt":{"rendered":"<p>V\u00e4xlande molnighet, 27\u00a0grader. M\u00e5lat ett andra lager p\u00e5 ett av de nykittade f\u00f6nstrena. Snart dags att h\u00e4nga tillbaka dem. Rensat i tr\u00e4dg\u00e5rden, bl.a. h\u00e4lften av det som polisen sa till om. H\u00e4r \u00e4r det rent fr\u00e5n murgr\u00f6na i alla fall. L planterade lite \u00f6verblivna l\u00f6kar som vi tagit med hemifr\u00e5n. &#8230;<\/p>\n","protected":false},"author":1,"featured_media":0,"comment_status":"open","ping_status":"open","sticky":false,"template":"","format":"standard","meta":{"jetpack_post_was_ever_published":false,"_jetpack_newsletter_access":"","_jetpack_dont_email_post_to_subs":false,"_jetpack_newsletter_tier_id":0,"footnotes":""},"categories":[77],"tags":[],"jetpack_sharing_enabled":true,"jetpack_featured_media_url":"","_links":{"self":[{"href":"https:\/\/www.montendre.se\/index.php?rest_route=\/wp\/v2\/posts\/5039"}],"collection":[{"href":"https:\/\/www.montendre.se\/index.php?rest_route=\/wp\/v2\/posts"}],"about":[{"href":"https:\/\/www.montendre.se\/index.php?rest_route=\/wp\/v2\/types\/post"}],"author":[{"embeddable":true,"href":"https:\/\/www.montendre.se\/index.php?rest_route=\/wp\/v2\/users\/1"}],"replies":[{"embeddable":true,"href":"https:\/\/www.montendre.se\/index.php?rest_route=%2Fwp%2Fv2%2Fcomments&post=5039"}],"version-history":[{"count":2,"href":"https:\/\/www.montendre.se\/index.php?rest_route=\/wp\/v2\/posts\/5039\/revisions"}],"predecessor-version":[{"id":5042,"href":"https:\/\/www.montendre.se\/index.php?rest_route=\/wp\/v2\/posts\/5039\/revisions\/5042"}],"wp:attachment":[{"href":"https:\/\/www.montendre.se\/index.php?rest_route=%2Fwp%2Fv2%2Fmedia&parent=5039"}],"wp:term":[{"taxonomy":"category","embeddable":true,"href":"https:\/\/www.montendre.se\/index.php?rest_route=%2Fwp%2Fv2%2Fcategories&post=5039"},{"taxonomy":"post_tag","embeddable":true,"href":"https:\/\/www.montendre.se\/index.php?rest_route=%2Fwp%2Fv2%2Ftags&post=5039"}],"curies":[{"name":"wp","href":"https:\/\/api.w.org\/{rel}","templated":true}]}}