{"id":5009,"date":"2022-06-30T20:41:30","date_gmt":"2022-06-30T18:41:30","guid":{"rendered":"https:\/\/www.montendre.se\/?p=5009"},"modified":"2022-06-30T20:41:30","modified_gmt":"2022-06-30T18:41:30","slug":"30-juni-2022","status":"publish","type":"post","link":"https:\/\/www.montendre.se\/?p=5009","title":{"rendered":"30 juni 2022"},"content":{"rendered":"<p>Regnigt p\u00e5 morgon, lite solglimtar p\u00e5 eftermiddagen, 20 grader.<\/p>\n<p>Vaknade med feber i natt, ont i hals, n\u00e4sa och lite hosta. Sv\u00e5rt att sova sedan s\u00e5 det har blivit ett sl\u00f6 dag idag med mycket vilande. Och inte funkar toan \u00e4n s\u00e5 vi f\u00e5r g\u00e5 upp till husbilsparkeringen och g\u00f6ra v\u00e5ra behov d\u00e4r.<\/p>\n<p>Hoppas det kommer en r\u00f6rmokare hit i morgon. Idag har jag ringt runt till 5-10 r\u00f6rmokare i trakten men inte hittat n\u00e5gon som kunnat ta sig an det. Segt.<\/p>\n<p>S\u00e5 h\u00e4r ser det ut i r\u00f6ret som kommer ut i allm\u00e4nna avloppet. N\u00e5got ligger d\u00e4r inne som n\u00e4stan ser ut som en del av en tegelpanna. Hur nu den skulle kunna hamnat d\u00e4r? Och den t\u00e4cker ju l\u00e5ngt ifr\u00e5n hela r\u00f6ret&#8230;<\/p>\n<p><a href=\"https:\/\/www.montendre.se\/wp-content\/uploads\/2022\/06\/IMG_0577.jpeg\"><img loading=\"lazy\" decoding=\"async\" class=\"aligncenter size-medium wp-image-5011\" src=\"https:\/\/www.montendre.se\/wp-content\/uploads\/2022\/06\/IMG_0577-225x300.jpeg\" alt=\"\" width=\"225\" height=\"300\" srcset=\"https:\/\/www.montendre.se\/wp-content\/uploads\/2022\/06\/IMG_0577-225x300.jpeg 225w, https:\/\/www.montendre.se\/wp-content\/uploads\/2022\/06\/IMG_0577-768x1024.jpeg 768w, https:\/\/www.montendre.se\/wp-content\/uploads\/2022\/06\/IMG_0577-700x933.jpeg 700w, https:\/\/www.montendre.se\/wp-content\/uploads\/2022\/06\/IMG_0577.jpeg 960w\" sizes=\"(max-width: 225px) 100vw, 225px\" \/><\/a>Sj\u00e4lva anslutningen till kommunala avloppet \u00e4r som en liten brunn med tre utlopp fr\u00e5n huset och sedan ett utlopp vidare till kommunala avloppet.<\/p>\n<p><a href=\"https:\/\/www.montendre.se\/wp-content\/uploads\/2022\/06\/IMG_0580.jpeg\"><img loading=\"lazy\" decoding=\"async\" class=\"aligncenter size-medium wp-image-5020\" src=\"https:\/\/www.montendre.se\/wp-content\/uploads\/2022\/06\/IMG_0580-225x300.jpeg\" alt=\"\" width=\"225\" height=\"300\" srcset=\"https:\/\/www.montendre.se\/wp-content\/uploads\/2022\/06\/IMG_0580-225x300.jpeg 225w, https:\/\/www.montendre.se\/wp-content\/uploads\/2022\/06\/IMG_0580-768x1024.jpeg 768w, https:\/\/www.montendre.se\/wp-content\/uploads\/2022\/06\/IMG_0580-700x933.jpeg 700w, https:\/\/www.montendre.se\/wp-content\/uploads\/2022\/06\/IMG_0580.jpeg 960w\" sizes=\"(max-width: 225px) 100vw, 225px\" \/><\/a><\/p>\n<p>I Montendre har kommunen sprayat en text vid alla dagbrunnar. Ganska finurligt.<\/p>\n<p><a href=\"https:\/\/www.montendre.se\/wp-content\/uploads\/2022\/06\/IMG_0574.jpeg\"><img loading=\"lazy\" decoding=\"async\" class=\"aligncenter size-medium wp-image-5012\" src=\"https:\/\/www.montendre.se\/wp-content\/uploads\/2022\/06\/IMG_0574-300x225.jpeg\" alt=\"\" width=\"300\" height=\"225\" srcset=\"https:\/\/www.montendre.se\/wp-content\/uploads\/2022\/06\/IMG_0574-300x225.jpeg 300w, https:\/\/www.montendre.se\/wp-content\/uploads\/2022\/06\/IMG_0574-1024x768.jpeg 1024w, https:\/\/www.montendre.se\/wp-content\/uploads\/2022\/06\/IMG_0574-768x576.jpeg 768w, https:\/\/www.montendre.se\/wp-content\/uploads\/2022\/06\/IMG_0574-268x200.jpeg 268w, https:\/\/www.montendre.se\/wp-content\/uploads\/2022\/06\/IMG_0574-700x525.jpeg 700w, https:\/\/www.montendre.se\/wp-content\/uploads\/2022\/06\/IMG_0574.jpeg 1280w\" sizes=\"(max-width: 300px) 100vw, 300px\" \/><\/a>&#8221;Sl\u00e4ng inget h\u00e4r, oceanen\/havet b\u00f6rjar h\u00e4r.&#8221;<\/p>\n<p>Ostron och musslor till middag.<\/p>\n","protected":false},"excerpt":{"rendered":"<p>Regnigt p\u00e5 morgon, lite solglimtar p\u00e5 eftermiddagen, 20 grader. Vaknade med feber i natt, ont i hals, n\u00e4sa och lite hosta. Sv\u00e5rt att sova sedan s\u00e5 det har blivit ett sl\u00f6 dag idag med mycket vilande. Och inte funkar toan \u00e4n s\u00e5 vi f\u00e5r g\u00e5 upp till husbilsparkeringen och g\u00f6ra &#8230;<\/p>\n","protected":false},"author":1,"featured_media":0,"comment_status":"open","ping_status":"open","sticky":false,"template":"","format":"standard","meta":{"jetpack_post_was_ever_published":false,"_jetpack_newsletter_access":"","_jetpack_dont_email_post_to_subs":false,"_jetpack_newsletter_tier_id":0,"footnotes":""},"categories":[77],"tags":[],"jetpack_sharing_enabled":true,"jetpack_featured_media_url":"","_links":{"self":[{"href":"https:\/\/www.montendre.se\/index.php?rest_route=\/wp\/v2\/posts\/5009"}],"collection":[{"href":"https:\/\/www.montendre.se\/index.php?rest_route=\/wp\/v2\/posts"}],"about":[{"href":"https:\/\/www.montendre.se\/index.php?rest_route=\/wp\/v2\/types\/post"}],"author":[{"embeddable":true,"href":"https:\/\/www.montendre.se\/index.php?rest_route=\/wp\/v2\/users\/1"}],"replies":[{"embeddable":true,"href":"https:\/\/www.montendre.se\/index.php?rest_route=%2Fwp%2Fv2%2Fcomments&post=5009"}],"version-history":[{"count":9,"href":"https:\/\/www.montendre.se\/index.php?rest_route=\/wp\/v2\/posts\/5009\/revisions"}],"predecessor-version":[{"id":5021,"href":"https:\/\/www.montendre.se\/index.php?rest_route=\/wp\/v2\/posts\/5009\/revisions\/5021"}],"wp:attachment":[{"href":"https:\/\/www.montendre.se\/index.php?rest_route=%2Fwp%2Fv2%2Fmedia&parent=5009"}],"wp:term":[{"taxonomy":"category","embeddable":true,"href":"https:\/\/www.montendre.se\/index.php?rest_route=%2Fwp%2Fv2%2Fcategories&post=5009"},{"taxonomy":"post_tag","embeddable":true,"href":"https:\/\/www.montendre.se\/index.php?rest_route=%2Fwp%2Fv2%2Ftags&post=5009"}],"curies":[{"name":"wp","href":"https:\/\/api.w.org\/{rel}","templated":true}]}}