{"id":4983,"date":"2022-06-27T11:08:33","date_gmt":"2022-06-27T09:08:33","guid":{"rendered":"https:\/\/www.montendre.se\/?p=4983"},"modified":"2022-06-27T11:08:33","modified_gmt":"2022-06-27T09:08:33","slug":"26-juni-2022","status":"publish","type":"post","link":"https:\/\/www.montendre.se\/?p=4983","title":{"rendered":"26 juni 2022"},"content":{"rendered":"<p>St\u00f6kig nedresa med mycket k\u00f6er.<\/p>\n<p>Var p\u00e5 Arlanda en timme och fyrtio minuter innan avg\u00e5ng. Tomt i s\u00e4kerhetskontrollen n\u00e4r vi kom, men d\u00e4remot k\u00f6 till incheckning. \u00c4ven i Priority-k\u00f6n som vi f\u00e5r g\u00e5r i. S\u00e5 det tog r\u00e4tt l\u00e5ng tid innan vi checkat in v\u00e5ra v\u00e4skor och n\u00e4r vi kom till s\u00e4kerhetskontrollen d\u00e5 stod det att det var 24 minuters v\u00e4ntetid. Men det borde vara lugnt eftersom det var en timme till avg\u00e5ng. Men det tog l\u00e4ngre tid \u00e4n 24 minuter. Och n\u00e4r det b\u00f6rjade st\u00e5 Final Call f\u00f6r v\u00e5rt plan fr\u00e5gade jag personalen om de inte hade n\u00e5gon prioritering beroende p\u00e5 vilket plan man ska flyga med, men fick svaret nej. S\u00e5 d\u00e5 tog vi saken i egna h\u00e4nder och fr\u00e5gade personerna framf\u00f6r i k\u00f6n vilket plan de skulle flyga med. De andra flesta skulle inte flyga med v\u00e5rat Paris-plan och d\u00e5 smet vi f\u00f6rbi i princip \u00e4nda fram till det var dags att l\u00e4gga upp saker p\u00e5 bandet i s\u00e4kerhetskontrollen. D\u00e4r var det ett par till som skulle med Paris-planet. Sedan rusch bort till gaten. Vet inte hur l\u00e5ng tid de skulle ha v\u00e4ntat p\u00e5 oss men vi var sist p\u00e5 att kliva ombord p\u00e5 planet i alla fall.<\/p>\n<p>I Paris gick bytet bra och landade i Bordeaux n\u00e4stan p\u00e5 utsatt tid. Sedan tog det ovanligt l\u00e5ng tid att f\u00e5 v\u00e4skorna, runt 30 minuter. Och till sist var det l\u00e5ng k\u00f6 vid biluthyrningen. Fick v\u00e4nta n\u00e4stan en halvtimma d\u00e4r ocks\u00e5.<\/p>\n<p>Kom till huset vid tv\u00e5.<\/p>\n<p>Mulet och runt 20 grader. N\u00e5gra enstaka regndroppar. Lite vildvuxet i tr\u00e4dg\u00e5rden annars var allt ok.<\/p>\n<p>Fingerborgsblommorna har blivit gigantiska. Enligt Impecta (d\u00e4r jag k\u00f6pte fr\u00f6erna ska de bli 40 cm h\u00f6ga).<\/p>\n<p><a href=\"https:\/\/www.montendre.se\/wp-content\/uploads\/2022\/06\/IMG_0539.jpeg\"><img loading=\"lazy\" decoding=\"async\" class=\"aligncenter size-medium wp-image-4985\" src=\"https:\/\/www.montendre.se\/wp-content\/uploads\/2022\/06\/IMG_0539-225x300.jpeg\" alt=\"\" width=\"225\" height=\"300\" srcset=\"https:\/\/www.montendre.se\/wp-content\/uploads\/2022\/06\/IMG_0539-225x300.jpeg 225w, https:\/\/www.montendre.se\/wp-content\/uploads\/2022\/06\/IMG_0539-768x1024.jpeg 768w, https:\/\/www.montendre.se\/wp-content\/uploads\/2022\/06\/IMG_0539-700x933.jpeg 700w, https:\/\/www.montendre.se\/wp-content\/uploads\/2022\/06\/IMG_0539.jpeg 960w\" sizes=\"(max-width: 225px) 100vw, 225px\" \/><\/a> <a href=\"https:\/\/www.montendre.se\/wp-content\/uploads\/2022\/06\/IMG_0540.jpeg\"><img loading=\"lazy\" decoding=\"async\" class=\"aligncenter size-medium wp-image-4986\" src=\"https:\/\/www.montendre.se\/wp-content\/uploads\/2022\/06\/IMG_0540-225x300.jpeg\" alt=\"\" width=\"225\" height=\"300\" srcset=\"https:\/\/www.montendre.se\/wp-content\/uploads\/2022\/06\/IMG_0540-225x300.jpeg 225w, https:\/\/www.montendre.se\/wp-content\/uploads\/2022\/06\/IMG_0540-768x1024.jpeg 768w, https:\/\/www.montendre.se\/wp-content\/uploads\/2022\/06\/IMG_0540-700x933.jpeg 700w, https:\/\/www.montendre.se\/wp-content\/uploads\/2022\/06\/IMG_0540.jpeg 960w\" sizes=\"(max-width: 225px) 100vw, 225px\" \/><\/a>Valn\u00f6tstr\u00e4det verkar trivas nu.\u00a0V\u00e4xer lite p\u00e5 h\u00f6jden ocks\u00e5. Tio valn\u00f6tter i \u00e5r.<\/p>\n<p><a href=\"https:\/\/www.montendre.se\/wp-content\/uploads\/2022\/06\/IMG_0544.jpeg\"><img loading=\"lazy\" decoding=\"async\" class=\"aligncenter size-medium wp-image-4987\" src=\"https:\/\/www.montendre.se\/wp-content\/uploads\/2022\/06\/IMG_0544-225x300.jpeg\" alt=\"\" width=\"225\" height=\"300\" srcset=\"https:\/\/www.montendre.se\/wp-content\/uploads\/2022\/06\/IMG_0544-225x300.jpeg 225w, https:\/\/www.montendre.se\/wp-content\/uploads\/2022\/06\/IMG_0544-768x1024.jpeg 768w, https:\/\/www.montendre.se\/wp-content\/uploads\/2022\/06\/IMG_0544-700x933.jpeg 700w, https:\/\/www.montendre.se\/wp-content\/uploads\/2022\/06\/IMG_0544.jpeg 960w\" sizes=\"(max-width: 225px) 100vw, 225px\" \/><\/a>Magnolian verkar ha blommat, en blomma i alla fall. Men tr\u00e4det v\u00e4xer inte p\u00e5 h\u00f6jden.<\/p>\n<p><a href=\"https:\/\/www.montendre.se\/wp-content\/uploads\/2022\/06\/IMG_0542.jpeg\"><img loading=\"lazy\" decoding=\"async\" class=\"aligncenter size-medium wp-image-4988\" src=\"https:\/\/www.montendre.se\/wp-content\/uploads\/2022\/06\/IMG_0542-225x300.jpeg\" alt=\"\" width=\"225\" height=\"300\" srcset=\"https:\/\/www.montendre.se\/wp-content\/uploads\/2022\/06\/IMG_0542-225x300.jpeg 225w, https:\/\/www.montendre.se\/wp-content\/uploads\/2022\/06\/IMG_0542-768x1024.jpeg 768w, https:\/\/www.montendre.se\/wp-content\/uploads\/2022\/06\/IMG_0542-700x933.jpeg 700w, https:\/\/www.montendre.se\/wp-content\/uploads\/2022\/06\/IMG_0542.jpeg 960w\" sizes=\"(max-width: 225px) 100vw, 225px\" \/><\/a>Gr\u00e4smattan var vildvuxen eftersom Klippo st\u00e5tt still i n\u00e5gra veckor p\u00e5 grund av avbrott p\u00e5 begr\u00e4nsningskabeln.<\/p>\n<p><a href=\"https:\/\/www.montendre.se\/wp-content\/uploads\/2022\/06\/IMG_0541.jpeg\"><img loading=\"lazy\" decoding=\"async\" class=\"aligncenter size-medium wp-image-4989\" src=\"https:\/\/www.montendre.se\/wp-content\/uploads\/2022\/06\/IMG_0541-300x225.jpeg\" alt=\"\" width=\"300\" height=\"225\" srcset=\"https:\/\/www.montendre.se\/wp-content\/uploads\/2022\/06\/IMG_0541-300x225.jpeg 300w, https:\/\/www.montendre.se\/wp-content\/uploads\/2022\/06\/IMG_0541-1024x768.jpeg 1024w, https:\/\/www.montendre.se\/wp-content\/uploads\/2022\/06\/IMG_0541-768x576.jpeg 768w, https:\/\/www.montendre.se\/wp-content\/uploads\/2022\/06\/IMG_0541-268x200.jpeg 268w, https:\/\/www.montendre.se\/wp-content\/uploads\/2022\/06\/IMG_0541-700x525.jpeg 700w, https:\/\/www.montendre.se\/wp-content\/uploads\/2022\/06\/IMG_0541.jpeg 1280w\" sizes=\"(max-width: 300px) 100vw, 300px\" \/><\/a><\/p>\n<p>Fixade kabeln s\u00e5 Klippo \u00e4r ig\u00e5ng igen. Och s\u00e5 b\u00f6rjade vi rensa lite i tr\u00e4dg\u00e5rden.<\/p>\n<p>Pizza till middag. Alla butiker var ju st\u00e4ngda n\u00e4r vi v\u00e4l kom iv\u00e4g fr\u00e5n flygplatsen.<\/p>\n","protected":false},"excerpt":{"rendered":"<p>St\u00f6kig nedresa med mycket k\u00f6er. Var p\u00e5 Arlanda en timme och fyrtio minuter innan avg\u00e5ng. Tomt i s\u00e4kerhetskontrollen n\u00e4r vi kom, men d\u00e4remot k\u00f6 till incheckning. \u00c4ven i Priority-k\u00f6n som vi f\u00e5r g\u00e5r i. S\u00e5 det tog r\u00e4tt l\u00e5ng tid innan vi checkat in v\u00e5ra v\u00e4skor och n\u00e4r vi kom &#8230;<\/p>\n","protected":false},"author":1,"featured_media":0,"comment_status":"open","ping_status":"open","sticky":false,"template":"","format":"standard","meta":{"jetpack_post_was_ever_published":false,"_jetpack_newsletter_access":"","_jetpack_dont_email_post_to_subs":false,"_jetpack_newsletter_tier_id":0,"footnotes":""},"categories":[77],"tags":[],"jetpack_sharing_enabled":true,"jetpack_featured_media_url":"","_links":{"self":[{"href":"https:\/\/www.montendre.se\/index.php?rest_route=\/wp\/v2\/posts\/4983"}],"collection":[{"href":"https:\/\/www.montendre.se\/index.php?rest_route=\/wp\/v2\/posts"}],"about":[{"href":"https:\/\/www.montendre.se\/index.php?rest_route=\/wp\/v2\/types\/post"}],"author":[{"embeddable":true,"href":"https:\/\/www.montendre.se\/index.php?rest_route=\/wp\/v2\/users\/1"}],"replies":[{"embeddable":true,"href":"https:\/\/www.montendre.se\/index.php?rest_route=%2Fwp%2Fv2%2Fcomments&post=4983"}],"version-history":[{"count":2,"href":"https:\/\/www.montendre.se\/index.php?rest_route=\/wp\/v2\/posts\/4983\/revisions"}],"predecessor-version":[{"id":4990,"href":"https:\/\/www.montendre.se\/index.php?rest_route=\/wp\/v2\/posts\/4983\/revisions\/4990"}],"wp:attachment":[{"href":"https:\/\/www.montendre.se\/index.php?rest_route=%2Fwp%2Fv2%2Fmedia&parent=4983"}],"wp:term":[{"taxonomy":"category","embeddable":true,"href":"https:\/\/www.montendre.se\/index.php?rest_route=%2Fwp%2Fv2%2Fcategories&post=4983"},{"taxonomy":"post_tag","embeddable":true,"href":"https:\/\/www.montendre.se\/index.php?rest_route=%2Fwp%2Fv2%2Ftags&post=4983"}],"curies":[{"name":"wp","href":"https:\/\/api.w.org\/{rel}","templated":true}]}}