{"id":4971,"date":"2022-04-15T21:21:19","date_gmt":"2022-04-15T19:21:19","guid":{"rendered":"https:\/\/www.montendre.se\/?p=4971"},"modified":"2022-04-15T21:21:19","modified_gmt":"2022-04-15T19:21:19","slug":"15-april-2022","status":"publish","type":"post","link":"https:\/\/www.montendre.se\/?p=4971","title":{"rendered":"15 april 2022"},"content":{"rendered":"<p>Soligt hela dagen, 24 grader.<\/p>\n<p>Jag har t\u00e4tat vink\u00e4llaren idag med mer frigolit och skumt\u00e4tning.<\/p>\n<p><a href=\"https:\/\/www.montendre.se\/wp-content\/uploads\/2022\/04\/IMG_0399.jpeg\"><img loading=\"lazy\" decoding=\"async\" class=\"aligncenter size-medium wp-image-4973\" src=\"https:\/\/www.montendre.se\/wp-content\/uploads\/2022\/04\/IMG_0399-300x225.jpeg\" alt=\"\" width=\"300\" height=\"225\" srcset=\"https:\/\/www.montendre.se\/wp-content\/uploads\/2022\/04\/IMG_0399-300x225.jpeg 300w, https:\/\/www.montendre.se\/wp-content\/uploads\/2022\/04\/IMG_0399-1024x768.jpeg 1024w, https:\/\/www.montendre.se\/wp-content\/uploads\/2022\/04\/IMG_0399-768x576.jpeg 768w, https:\/\/www.montendre.se\/wp-content\/uploads\/2022\/04\/IMG_0399-268x200.jpeg 268w, https:\/\/www.montendre.se\/wp-content\/uploads\/2022\/04\/IMG_0399-700x525.jpeg 700w, https:\/\/www.montendre.se\/wp-content\/uploads\/2022\/04\/IMG_0399.jpeg 1280w\" sizes=\"(max-width: 300px) 100vw, 300px\" \/><\/a><\/p>\n<p>L gjorde klart balkongen s\u00e5 vi tog eftermiddagsfikat d\u00e4r uppe.<a href=\"https:\/\/www.montendre.se\/wp-content\/uploads\/2022\/04\/IMG_0394.jpeg\"><img loading=\"lazy\" decoding=\"async\" class=\"aligncenter size-medium wp-image-4975\" src=\"https:\/\/www.montendre.se\/wp-content\/uploads\/2022\/04\/IMG_0394-300x225.jpeg\" alt=\"\" width=\"300\" height=\"225\" srcset=\"https:\/\/www.montendre.se\/wp-content\/uploads\/2022\/04\/IMG_0394-300x225.jpeg 300w, https:\/\/www.montendre.se\/wp-content\/uploads\/2022\/04\/IMG_0394-1024x768.jpeg 1024w, https:\/\/www.montendre.se\/wp-content\/uploads\/2022\/04\/IMG_0394-768x576.jpeg 768w, https:\/\/www.montendre.se\/wp-content\/uploads\/2022\/04\/IMG_0394-268x200.jpeg 268w, https:\/\/www.montendre.se\/wp-content\/uploads\/2022\/04\/IMG_0394-700x525.jpeg 700w, https:\/\/www.montendre.se\/wp-content\/uploads\/2022\/04\/IMG_0394.jpeg 1280w\" sizes=\"(max-width: 300px) 100vw, 300px\" \/><\/a>Valn\u00f6tstr\u00e4det har r\u00e4tt m\u00e5nga blommor (de knottriga sakerna).<a href=\"https:\/\/www.montendre.se\/wp-content\/uploads\/2022\/04\/IMG_0401.jpeg\"><img loading=\"lazy\" decoding=\"async\" class=\"aligncenter size-medium wp-image-4972\" src=\"https:\/\/www.montendre.se\/wp-content\/uploads\/2022\/04\/IMG_0401-300x225.jpeg\" alt=\"\" width=\"300\" height=\"225\" srcset=\"https:\/\/www.montendre.se\/wp-content\/uploads\/2022\/04\/IMG_0401-300x225.jpeg 300w, https:\/\/www.montendre.se\/wp-content\/uploads\/2022\/04\/IMG_0401-1024x768.jpeg 1024w, https:\/\/www.montendre.se\/wp-content\/uploads\/2022\/04\/IMG_0401-768x576.jpeg 768w, https:\/\/www.montendre.se\/wp-content\/uploads\/2022\/04\/IMG_0401-268x200.jpeg 268w, https:\/\/www.montendre.se\/wp-content\/uploads\/2022\/04\/IMG_0401-700x525.jpeg 700w, https:\/\/www.montendre.se\/wp-content\/uploads\/2022\/04\/IMG_0401.jpeg 1280w\" sizes=\"(max-width: 300px) 100vw, 300px\" \/><\/a>Alpaklejan blommar.<a href=\"https:\/\/www.montendre.se\/wp-content\/uploads\/2022\/04\/IMG_0396.jpeg\"><img loading=\"lazy\" decoding=\"async\" class=\"aligncenter size-medium wp-image-4974\" src=\"https:\/\/www.montendre.se\/wp-content\/uploads\/2022\/04\/IMG_0396-225x300.jpeg\" alt=\"\" width=\"225\" height=\"300\" srcset=\"https:\/\/www.montendre.se\/wp-content\/uploads\/2022\/04\/IMG_0396-225x300.jpeg 225w, https:\/\/www.montendre.se\/wp-content\/uploads\/2022\/04\/IMG_0396-768x1024.jpeg 768w, https:\/\/www.montendre.se\/wp-content\/uploads\/2022\/04\/IMG_0396-700x933.jpeg 700w, https:\/\/www.montendre.se\/wp-content\/uploads\/2022\/04\/IMG_0396.jpeg 960w\" sizes=\"(max-width: 225px) 100vw, 225px\" \/><\/a>Middag p\u00e5 La Quincaillerie. Mycket bra.<\/p>\n","protected":false},"excerpt":{"rendered":"<p>Soligt hela dagen, 24 grader. Jag har t\u00e4tat vink\u00e4llaren idag med mer frigolit och skumt\u00e4tning. L gjorde klart balkongen s\u00e5 vi tog eftermiddagsfikat d\u00e4r uppe.Valn\u00f6tstr\u00e4det har r\u00e4tt m\u00e5nga blommor (de knottriga sakerna).Alpaklejan blommar.Middag p\u00e5 La Quincaillerie. Mycket bra.<\/p>\n","protected":false},"author":1,"featured_media":0,"comment_status":"open","ping_status":"open","sticky":false,"template":"","format":"standard","meta":{"jetpack_post_was_ever_published":false,"_jetpack_newsletter_access":"","_jetpack_dont_email_post_to_subs":false,"_jetpack_newsletter_tier_id":0,"footnotes":""},"categories":[76],"tags":[],"jetpack_sharing_enabled":true,"jetpack_featured_media_url":"","_links":{"self":[{"href":"https:\/\/www.montendre.se\/index.php?rest_route=\/wp\/v2\/posts\/4971"}],"collection":[{"href":"https:\/\/www.montendre.se\/index.php?rest_route=\/wp\/v2\/posts"}],"about":[{"href":"https:\/\/www.montendre.se\/index.php?rest_route=\/wp\/v2\/types\/post"}],"author":[{"embeddable":true,"href":"https:\/\/www.montendre.se\/index.php?rest_route=\/wp\/v2\/users\/1"}],"replies":[{"embeddable":true,"href":"https:\/\/www.montendre.se\/index.php?rest_route=%2Fwp%2Fv2%2Fcomments&post=4971"}],"version-history":[{"count":2,"href":"https:\/\/www.montendre.se\/index.php?rest_route=\/wp\/v2\/posts\/4971\/revisions"}],"predecessor-version":[{"id":4977,"href":"https:\/\/www.montendre.se\/index.php?rest_route=\/wp\/v2\/posts\/4971\/revisions\/4977"}],"wp:attachment":[{"href":"https:\/\/www.montendre.se\/index.php?rest_route=%2Fwp%2Fv2%2Fmedia&parent=4971"}],"wp:term":[{"taxonomy":"category","embeddable":true,"href":"https:\/\/www.montendre.se\/index.php?rest_route=%2Fwp%2Fv2%2Fcategories&post=4971"},{"taxonomy":"post_tag","embeddable":true,"href":"https:\/\/www.montendre.se\/index.php?rest_route=%2Fwp%2Fv2%2Ftags&post=4971"}],"curies":[{"name":"wp","href":"https:\/\/api.w.org\/{rel}","templated":true}]}}