{"id":4965,"date":"2022-04-15T09:34:00","date_gmt":"2022-04-15T07:34:00","guid":{"rendered":"https:\/\/www.montendre.se\/?p=4965"},"modified":"2022-04-15T09:34:00","modified_gmt":"2022-04-15T07:34:00","slug":"14-april-2022","status":"publish","type":"post","link":"https:\/\/www.montendre.se\/?p=4965","title":{"rendered":"14 april 2022"},"content":{"rendered":"<p>Soligt hela dagen, 23 grader p\u00e5 em. Alla m\u00e5ltider utomhus.<\/p>\n<p>Gick p\u00e5 marknaden och handlade mat sedan mest pyssel i tr\u00e4dg\u00e5rden.<\/p>\n<p>Jag satte dit nararna p\u00e5 k\u00e4llarluckorna till slut.<\/p>\n<p><a href=\"https:\/\/www.montendre.se\/wp-content\/uploads\/2022\/04\/IMG_0387.jpeg\"><img loading=\"lazy\" decoding=\"async\" class=\"aligncenter size-medium wp-image-4966\" src=\"https:\/\/www.montendre.se\/wp-content\/uploads\/2022\/04\/IMG_0387-300x225.jpeg\" alt=\"\" width=\"300\" height=\"225\" srcset=\"https:\/\/www.montendre.se\/wp-content\/uploads\/2022\/04\/IMG_0387-300x225.jpeg 300w, https:\/\/www.montendre.se\/wp-content\/uploads\/2022\/04\/IMG_0387-1024x768.jpeg 1024w, https:\/\/www.montendre.se\/wp-content\/uploads\/2022\/04\/IMG_0387-768x576.jpeg 768w, https:\/\/www.montendre.se\/wp-content\/uploads\/2022\/04\/IMG_0387-268x200.jpeg 268w, https:\/\/www.montendre.se\/wp-content\/uploads\/2022\/04\/IMG_0387-700x525.jpeg 700w, https:\/\/www.montendre.se\/wp-content\/uploads\/2022\/04\/IMG_0387.jpeg 1280w\" sizes=\"(max-width: 300px) 100vw, 300px\" \/><\/a>N\u00e4r solen st\u00e5r h\u00f6gt p\u00e5 himlen kan man ana att det \u00e4r h\u00e5l i taket p\u00e5 uthuset \ud83d\ude42<\/p>\n<p><a href=\"https:\/\/www.montendre.se\/wp-content\/uploads\/2022\/04\/IMG_0383.jpeg\"><img loading=\"lazy\" decoding=\"async\" class=\"aligncenter size-medium wp-image-4967\" src=\"https:\/\/www.montendre.se\/wp-content\/uploads\/2022\/04\/IMG_0383-225x300.jpeg\" alt=\"\" width=\"225\" height=\"300\" srcset=\"https:\/\/www.montendre.se\/wp-content\/uploads\/2022\/04\/IMG_0383-225x300.jpeg 225w, https:\/\/www.montendre.se\/wp-content\/uploads\/2022\/04\/IMG_0383-768x1024.jpeg 768w, https:\/\/www.montendre.se\/wp-content\/uploads\/2022\/04\/IMG_0383-700x933.jpeg 700w, https:\/\/www.montendre.se\/wp-content\/uploads\/2022\/04\/IMG_0383.jpeg 960w\" sizes=\"(max-width: 225px) 100vw, 225px\" \/><\/a>Middag hemma, f\u00f6rst ostron sedan pasta med palourder (vongole).<\/p>\n","protected":false},"excerpt":{"rendered":"<p>Soligt hela dagen, 23 grader p\u00e5 em. Alla m\u00e5ltider utomhus. Gick p\u00e5 marknaden och handlade mat sedan mest pyssel i tr\u00e4dg\u00e5rden. Jag satte dit nararna p\u00e5 k\u00e4llarluckorna till slut. N\u00e4r solen st\u00e5r h\u00f6gt p\u00e5 himlen kan man ana att det \u00e4r h\u00e5l i taket p\u00e5 uthuset \ud83d\ude42 Middag hemma, f\u00f6rst &#8230;<\/p>\n","protected":false},"author":1,"featured_media":0,"comment_status":"open","ping_status":"open","sticky":false,"template":"","format":"standard","meta":{"jetpack_post_was_ever_published":false,"_jetpack_newsletter_access":"","_jetpack_dont_email_post_to_subs":false,"_jetpack_newsletter_tier_id":0,"footnotes":""},"categories":[76],"tags":[],"jetpack_sharing_enabled":true,"jetpack_featured_media_url":"","_links":{"self":[{"href":"https:\/\/www.montendre.se\/index.php?rest_route=\/wp\/v2\/posts\/4965"}],"collection":[{"href":"https:\/\/www.montendre.se\/index.php?rest_route=\/wp\/v2\/posts"}],"about":[{"href":"https:\/\/www.montendre.se\/index.php?rest_route=\/wp\/v2\/types\/post"}],"author":[{"embeddable":true,"href":"https:\/\/www.montendre.se\/index.php?rest_route=\/wp\/v2\/users\/1"}],"replies":[{"embeddable":true,"href":"https:\/\/www.montendre.se\/index.php?rest_route=%2Fwp%2Fv2%2Fcomments&post=4965"}],"version-history":[{"count":2,"href":"https:\/\/www.montendre.se\/index.php?rest_route=\/wp\/v2\/posts\/4965\/revisions"}],"predecessor-version":[{"id":4969,"href":"https:\/\/www.montendre.se\/index.php?rest_route=\/wp\/v2\/posts\/4965\/revisions\/4969"}],"wp:attachment":[{"href":"https:\/\/www.montendre.se\/index.php?rest_route=%2Fwp%2Fv2%2Fmedia&parent=4965"}],"wp:term":[{"taxonomy":"category","embeddable":true,"href":"https:\/\/www.montendre.se\/index.php?rest_route=%2Fwp%2Fv2%2Fcategories&post=4965"},{"taxonomy":"post_tag","embeddable":true,"href":"https:\/\/www.montendre.se\/index.php?rest_route=%2Fwp%2Fv2%2Ftags&post=4965"}],"curies":[{"name":"wp","href":"https:\/\/api.w.org\/{rel}","templated":true}]}}