{"id":4953,"date":"2022-04-14T09:34:53","date_gmt":"2022-04-14T07:34:53","guid":{"rendered":"https:\/\/www.montendre.se\/?p=4953"},"modified":"2022-04-14T09:34:53","modified_gmt":"2022-04-14T07:34:53","slug":"13-april-2022","status":"publish","type":"post","link":"https:\/\/www.montendre.se\/?p=4953","title":{"rendered":"13 april 2022"},"content":{"rendered":"<p>Mest mulet men lite sol d\u00e5 och d\u00e5 p\u00e5 eftermiddagen, 17 grader. Lunch och fika utomhus.<\/p>\n<p>Jag har n\u00e5tat klart golvet i sovrummet. Det torkar dessv\u00e4rre l\u00e5ngsamt s\u00e5 det blir lackning av golv n\u00e4sta resa.<\/p>\n<p>B\u00e5de jag och L har rensat en hel del i rabatterna och L fortsatte med balkongen ocks\u00e5.<\/p>\n<p>Det \u00e4r en duva p\u00e5 vinden igen och nu har den byggt bo och lagt \u00e4gg ocks\u00e5. Suck&#8230;<\/p>\n<p><a href=\"https:\/\/www.montendre.se\/wp-content\/uploads\/2022\/04\/IMG_0374.jpeg\"><img loading=\"lazy\" decoding=\"async\" class=\"aligncenter size-medium wp-image-4954\" src=\"https:\/\/www.montendre.se\/wp-content\/uploads\/2022\/04\/IMG_0374-225x300.jpeg\" alt=\"\" width=\"225\" height=\"300\" srcset=\"https:\/\/www.montendre.se\/wp-content\/uploads\/2022\/04\/IMG_0374-225x300.jpeg 225w, https:\/\/www.montendre.se\/wp-content\/uploads\/2022\/04\/IMG_0374-768x1024.jpeg 768w, https:\/\/www.montendre.se\/wp-content\/uploads\/2022\/04\/IMG_0374-700x933.jpeg 700w, https:\/\/www.montendre.se\/wp-content\/uploads\/2022\/04\/IMG_0374.jpeg 960w\" sizes=\"(max-width: 225px) 100vw, 225px\" \/><\/a>Ska man ta \u00e4ggen och l\u00e4gga ut de i tr\u00e4dg\u00e5rden? Eller ska man bara blockera d\u00e4r duvan kommer in? Vad h\u00e4nder med \u00e4ggen d\u00e5? Kommer de kl\u00e4ckas \u00e4nd\u00e5?<\/p>\n<p>Har nu best\u00e4llt nya f\u00f6nster f\u00f6r de tv\u00e5 sovrummen p\u00e5 bottenv\u00e5ningen. Har tr\u00f6ttnat lite p\u00e5 att kitta och m\u00e5la f\u00f6nster. F\u00e5r vi se hur det blir. L\u00e4r ju bli t\u00e4tt och b\u00e4ttre isolerat i alla fall. F\u00f6nstrena byts i juni\/juli n\u00e5gon g\u00e5ng.<\/p>\n<p>I h\u00f6stas planterade jag ut en del av fackelliljan, som hittills st\u00e5tt i pallkragen, ut i landet. Den verkar ha rotat sig och skjuter nya skott nu. Kul.<\/p>\n<p><a href=\"https:\/\/www.montendre.se\/wp-content\/uploads\/2022\/04\/IMG_0378.jpeg\"><img loading=\"lazy\" decoding=\"async\" class=\"aligncenter size-medium wp-image-4959\" src=\"https:\/\/www.montendre.se\/wp-content\/uploads\/2022\/04\/IMG_0378-225x300.jpeg\" alt=\"\" width=\"225\" height=\"300\" srcset=\"https:\/\/www.montendre.se\/wp-content\/uploads\/2022\/04\/IMG_0378-225x300.jpeg 225w, https:\/\/www.montendre.se\/wp-content\/uploads\/2022\/04\/IMG_0378-768x1024.jpeg 768w, https:\/\/www.montendre.se\/wp-content\/uploads\/2022\/04\/IMG_0378-700x933.jpeg 700w, https:\/\/www.montendre.se\/wp-content\/uploads\/2022\/04\/IMG_0378.jpeg 960w\" sizes=\"(max-width: 225px) 100vw, 225px\" \/><\/a><\/p>\n<p>Irisarna \u00e4r v\u00e4ldigt fina nu.<\/p>\n<p><a href=\"https:\/\/www.montendre.se\/wp-content\/uploads\/2022\/04\/IMG_0380.jpeg\"><img loading=\"lazy\" decoding=\"async\" class=\"aligncenter size-medium wp-image-4958\" src=\"https:\/\/www.montendre.se\/wp-content\/uploads\/2022\/04\/IMG_0380-225x300.jpeg\" alt=\"\" width=\"225\" height=\"300\" srcset=\"https:\/\/www.montendre.se\/wp-content\/uploads\/2022\/04\/IMG_0380-225x300.jpeg 225w, https:\/\/www.montendre.se\/wp-content\/uploads\/2022\/04\/IMG_0380-768x1024.jpeg 768w, https:\/\/www.montendre.se\/wp-content\/uploads\/2022\/04\/IMG_0380-700x933.jpeg 700w, https:\/\/www.montendre.se\/wp-content\/uploads\/2022\/04\/IMG_0380.jpeg 960w\" sizes=\"(max-width: 225px) 100vw, 225px\" \/><\/a>Har en fingerborgblomma i pallkragen som v\u00e4xte en decimeter p\u00e5 en vecka. Den var i blickf\u00e5nget f\u00f6r kameran bakom den s\u00e5 vi kunde f\u00f6lja det hemmifr\u00e5n.<\/p>\n<p><a href=\"https:\/\/www.montendre.se\/wp-content\/uploads\/2022\/04\/IMG_0381.jpeg\"><img loading=\"lazy\" decoding=\"async\" class=\"aligncenter size-medium wp-image-4960\" src=\"https:\/\/www.montendre.se\/wp-content\/uploads\/2022\/04\/IMG_0381-225x300.jpeg\" alt=\"\" width=\"225\" height=\"300\" srcset=\"https:\/\/www.montendre.se\/wp-content\/uploads\/2022\/04\/IMG_0381-225x300.jpeg 225w, https:\/\/www.montendre.se\/wp-content\/uploads\/2022\/04\/IMG_0381-768x1024.jpeg 768w, https:\/\/www.montendre.se\/wp-content\/uploads\/2022\/04\/IMG_0381-700x933.jpeg 700w, https:\/\/www.montendre.se\/wp-content\/uploads\/2022\/04\/IMG_0381.jpeg 960w\" sizes=\"(max-width: 225px) 100vw, 225px\" \/><\/a><\/p>\n<p>Middag p\u00e5 La Gavroche i Blaye. Nya \u00e4gare, ny lokal bara samma namn som f\u00f6rut. Billigt men inte s\u00e5 bra l\u00e4ngre.<\/p>\n","protected":false},"excerpt":{"rendered":"<p>Mest mulet men lite sol d\u00e5 och d\u00e5 p\u00e5 eftermiddagen, 17 grader. Lunch och fika utomhus. Jag har n\u00e5tat klart golvet i sovrummet. Det torkar dessv\u00e4rre l\u00e5ngsamt s\u00e5 det blir lackning av golv n\u00e4sta resa. B\u00e5de jag och L har rensat en hel del i rabatterna och L fortsatte med &#8230;<\/p>\n","protected":false},"author":1,"featured_media":0,"comment_status":"open","ping_status":"open","sticky":false,"template":"","format":"standard","meta":{"jetpack_post_was_ever_published":false,"_jetpack_newsletter_access":"","_jetpack_dont_email_post_to_subs":false,"_jetpack_newsletter_tier_id":0,"footnotes":""},"categories":[76],"tags":[],"jetpack_sharing_enabled":true,"jetpack_featured_media_url":"","_links":{"self":[{"href":"https:\/\/www.montendre.se\/index.php?rest_route=\/wp\/v2\/posts\/4953"}],"collection":[{"href":"https:\/\/www.montendre.se\/index.php?rest_route=\/wp\/v2\/posts"}],"about":[{"href":"https:\/\/www.montendre.se\/index.php?rest_route=\/wp\/v2\/types\/post"}],"author":[{"embeddable":true,"href":"https:\/\/www.montendre.se\/index.php?rest_route=\/wp\/v2\/users\/1"}],"replies":[{"embeddable":true,"href":"https:\/\/www.montendre.se\/index.php?rest_route=%2Fwp%2Fv2%2Fcomments&post=4953"}],"version-history":[{"count":4,"href":"https:\/\/www.montendre.se\/index.php?rest_route=\/wp\/v2\/posts\/4953\/revisions"}],"predecessor-version":[{"id":4961,"href":"https:\/\/www.montendre.se\/index.php?rest_route=\/wp\/v2\/posts\/4953\/revisions\/4961"}],"wp:attachment":[{"href":"https:\/\/www.montendre.se\/index.php?rest_route=%2Fwp%2Fv2%2Fmedia&parent=4953"}],"wp:term":[{"taxonomy":"category","embeddable":true,"href":"https:\/\/www.montendre.se\/index.php?rest_route=%2Fwp%2Fv2%2Fcategories&post=4953"},{"taxonomy":"post_tag","embeddable":true,"href":"https:\/\/www.montendre.se\/index.php?rest_route=%2Fwp%2Fv2%2Ftags&post=4953"}],"curies":[{"name":"wp","href":"https:\/\/api.w.org\/{rel}","templated":true}]}}