{"id":4933,"date":"2022-04-12T09:30:16","date_gmt":"2022-04-12T07:30:16","guid":{"rendered":"https:\/\/www.montendre.se\/?p=4933"},"modified":"2022-04-12T09:30:16","modified_gmt":"2022-04-12T07:30:16","slug":"11-april-2022","status":"publish","type":"post","link":"https:\/\/www.montendre.se\/?p=4933","title":{"rendered":"11 april 2022"},"content":{"rendered":"<p>Tidig nerresa och inte s\u00e5 mycket folk p\u00e5 Arlanda d\u00e5. Gick smidigt. Ls v\u00e4ska f\u00f6rsvann dock p\u00e5 v\u00e4gen. Alltid lite meck med s\u00e5dant.<\/p>\n<p>Kom fram till huset vid halv ett. Handlade mat och k\u00e4kade lunch sedan. Utomhus. Det har varit 24 grader och soldis idag. Bl\u00e5ser dock ganska mycket.<\/p>\n<p>Jag pysslade med Klippo som haft problem med sin begr\u00e4nsningskabel s\u00e5 gr\u00e4set \u00e4r ganska l\u00e5ngt nu. Visade sig att en str\u00e4cka av kabeln var helt f\u00f6rst\u00f6rd med massa sm\u00e5 skador. Kanske beror det p\u00e5 att jag flyttade den kabeln f\u00f6rra \u00e5ret ett par decimeter. Kan vara s\u00e5 att man inte ska r\u00f6ra dem n\u00e4r de legat s\u00e5 l\u00e4nge.<\/p>\n<p><a href=\"https:\/\/www.montendre.se\/wp-content\/uploads\/2022\/04\/IMG_0361.jpeg\"><img loading=\"lazy\" decoding=\"async\" class=\"aligncenter size-medium wp-image-4934\" src=\"https:\/\/www.montendre.se\/wp-content\/uploads\/2022\/04\/IMG_0361-300x225.jpeg\" alt=\"\" width=\"300\" height=\"225\" srcset=\"https:\/\/www.montendre.se\/wp-content\/uploads\/2022\/04\/IMG_0361-300x225.jpeg 300w, https:\/\/www.montendre.se\/wp-content\/uploads\/2022\/04\/IMG_0361-1024x768.jpeg 1024w, https:\/\/www.montendre.se\/wp-content\/uploads\/2022\/04\/IMG_0361-768x576.jpeg 768w, https:\/\/www.montendre.se\/wp-content\/uploads\/2022\/04\/IMG_0361-268x200.jpeg 268w, https:\/\/www.montendre.se\/wp-content\/uploads\/2022\/04\/IMG_0361-700x525.jpeg 700w, https:\/\/www.montendre.se\/wp-content\/uploads\/2022\/04\/IMG_0361.jpeg 1280w\" sizes=\"(max-width: 300px) 100vw, 300px\" \/><\/a>Ersatte med ny kabel p\u00e5 den str\u00e4ckan s\u00e5 nu funkar Klippo igen.<\/p>\n<p>Madeiras stolthet kommer snart att blomma.<\/p>\n<p><a href=\"https:\/\/www.montendre.se\/wp-content\/uploads\/2022\/04\/IMG_0356.jpeg\"><img loading=\"lazy\" decoding=\"async\" class=\"aligncenter size-medium wp-image-4936\" src=\"https:\/\/www.montendre.se\/wp-content\/uploads\/2022\/04\/IMG_0356-225x300.jpeg\" alt=\"\" width=\"225\" height=\"300\" srcset=\"https:\/\/www.montendre.se\/wp-content\/uploads\/2022\/04\/IMG_0356-225x300.jpeg 225w, https:\/\/www.montendre.se\/wp-content\/uploads\/2022\/04\/IMG_0356-768x1024.jpeg 768w, https:\/\/www.montendre.se\/wp-content\/uploads\/2022\/04\/IMG_0356-700x933.jpeg 700w, https:\/\/www.montendre.se\/wp-content\/uploads\/2022\/04\/IMG_0356.jpeg 960w\" sizes=\"(max-width: 225px) 100vw, 225px\" \/><\/a>Har kommit upp en v\u00e4xt i gr\u00e4smattan som ser r\u00e4tt exotisk ut.<\/p>\n<p><a href=\"https:\/\/www.montendre.se\/wp-content\/uploads\/2022\/04\/IMG_0357.jpeg\"><img loading=\"lazy\" decoding=\"async\" class=\"aligncenter size-medium wp-image-4937\" src=\"https:\/\/www.montendre.se\/wp-content\/uploads\/2022\/04\/IMG_0357-225x300.jpeg\" alt=\"\" width=\"225\" height=\"300\" srcset=\"https:\/\/www.montendre.se\/wp-content\/uploads\/2022\/04\/IMG_0357-225x300.jpeg 225w, https:\/\/www.montendre.se\/wp-content\/uploads\/2022\/04\/IMG_0357-768x1024.jpeg 768w, https:\/\/www.montendre.se\/wp-content\/uploads\/2022\/04\/IMG_0357-700x933.jpeg 700w, https:\/\/www.montendre.se\/wp-content\/uploads\/2022\/04\/IMG_0357.jpeg 960w\" sizes=\"(max-width: 225px) 100vw, 225px\" \/><\/a>Mina tv\u00e5 &#8221;astilben&#8221; som s\u00e5g r\u00e4tt skruttiga ut n\u00e4r jag k\u00f6pte dem har kommit upp och frodas. S\u00e5g skruttiga ut d\u00e5 men inget som inte en bra tr\u00e4dg\u00e5rdsm\u00e4stare kan f\u00e5 fart p\u00e5 \ud83d\ude09<\/p>\n<p><a href=\"https:\/\/www.montendre.se\/wp-content\/uploads\/2022\/03\/IMG_0310.jpeg\"><img loading=\"lazy\" decoding=\"async\" class=\"aligncenter size-medium wp-image-4890\" src=\"https:\/\/www.montendre.se\/wp-content\/uploads\/2022\/03\/IMG_0310-225x300.jpeg\" alt=\"\" width=\"225\" height=\"300\" srcset=\"https:\/\/www.montendre.se\/wp-content\/uploads\/2022\/03\/IMG_0310-225x300.jpeg 225w, https:\/\/www.montendre.se\/wp-content\/uploads\/2022\/03\/IMG_0310-768x1024.jpeg 768w, https:\/\/www.montendre.se\/wp-content\/uploads\/2022\/03\/IMG_0310-700x933.jpeg 700w, https:\/\/www.montendre.se\/wp-content\/uploads\/2022\/03\/IMG_0310.jpeg 960w\" sizes=\"(max-width: 225px) 100vw, 225px\" \/><\/a><a href=\"https:\/\/www.montendre.se\/wp-content\/uploads\/2022\/04\/IMG_0359.jpeg\"><img loading=\"lazy\" decoding=\"async\" class=\"aligncenter size-medium wp-image-4938\" src=\"https:\/\/www.montendre.se\/wp-content\/uploads\/2022\/04\/IMG_0359-225x300.jpeg\" alt=\"\" width=\"225\" height=\"300\" srcset=\"https:\/\/www.montendre.se\/wp-content\/uploads\/2022\/04\/IMG_0359-225x300.jpeg 225w, https:\/\/www.montendre.se\/wp-content\/uploads\/2022\/04\/IMG_0359-768x1024.jpeg 768w, https:\/\/www.montendre.se\/wp-content\/uploads\/2022\/04\/IMG_0359-700x933.jpeg 700w, https:\/\/www.montendre.se\/wp-content\/uploads\/2022\/04\/IMG_0359.jpeg 960w\" sizes=\"(max-width: 225px) 100vw, 225px\" \/><\/a>N\u00e5gra rosenstavar som \u00f6vervintrat p\u00e5 balkongen i stockholm som jag tog ner och satte f\u00f6rra resan.<\/p>\n<p><a href=\"https:\/\/www.montendre.se\/wp-content\/uploads\/2022\/04\/IMG_0360.jpeg\"><img loading=\"lazy\" decoding=\"async\" class=\"aligncenter size-medium wp-image-4939\" src=\"https:\/\/www.montendre.se\/wp-content\/uploads\/2022\/04\/IMG_0360-300x225.jpeg\" alt=\"\" width=\"300\" height=\"225\" srcset=\"https:\/\/www.montendre.se\/wp-content\/uploads\/2022\/04\/IMG_0360-300x225.jpeg 300w, https:\/\/www.montendre.se\/wp-content\/uploads\/2022\/04\/IMG_0360-1024x768.jpeg 1024w, https:\/\/www.montendre.se\/wp-content\/uploads\/2022\/04\/IMG_0360-768x576.jpeg 768w, https:\/\/www.montendre.se\/wp-content\/uploads\/2022\/04\/IMG_0360-268x200.jpeg 268w, https:\/\/www.montendre.se\/wp-content\/uploads\/2022\/04\/IMG_0360-700x525.jpeg 700w, https:\/\/www.montendre.se\/wp-content\/uploads\/2022\/04\/IMG_0360.jpeg 1280w\" sizes=\"(max-width: 300px) 100vw, 300px\" \/><\/a>Tulpanerna som jag fick n\u00e4r jag fyllde \u00e5r blommar fint.<\/p>\n<p><a href=\"https:\/\/www.montendre.se\/wp-content\/uploads\/2022\/04\/IMG_0362.jpeg\"><img loading=\"lazy\" decoding=\"async\" class=\"aligncenter size-medium wp-image-4940\" src=\"https:\/\/www.montendre.se\/wp-content\/uploads\/2022\/04\/IMG_0362-300x225.jpeg\" alt=\"\" width=\"300\" height=\"225\" srcset=\"https:\/\/www.montendre.se\/wp-content\/uploads\/2022\/04\/IMG_0362-300x225.jpeg 300w, https:\/\/www.montendre.se\/wp-content\/uploads\/2022\/04\/IMG_0362-1024x768.jpeg 1024w, https:\/\/www.montendre.se\/wp-content\/uploads\/2022\/04\/IMG_0362-768x576.jpeg 768w, https:\/\/www.montendre.se\/wp-content\/uploads\/2022\/04\/IMG_0362-268x200.jpeg 268w, https:\/\/www.montendre.se\/wp-content\/uploads\/2022\/04\/IMG_0362-700x525.jpeg 700w, https:\/\/www.montendre.se\/wp-content\/uploads\/2022\/04\/IMG_0362.jpeg 1280w\" sizes=\"(max-width: 300px) 100vw, 300px\" \/><\/a><\/p>\n<p>Vi har haft r\u00e5djur i tr\u00e4dg\u00e5rden f\u00f6r f\u00f6rsta g\u00e5ngen (som vi vet om i alla fall) och de har kn\u00e4ckt en gren p\u00e5 det lilla magnolia-tr\u00e4det.<\/p>\n<p><a href=\"https:\/\/www.montendre.se\/wp-content\/uploads\/2022\/04\/IMG_0366.jpeg\"><img loading=\"lazy\" decoding=\"async\" class=\"aligncenter size-medium wp-image-4941\" src=\"https:\/\/www.montendre.se\/wp-content\/uploads\/2022\/04\/IMG_0366-225x300.jpeg\" alt=\"\" width=\"225\" height=\"300\" srcset=\"https:\/\/www.montendre.se\/wp-content\/uploads\/2022\/04\/IMG_0366-225x300.jpeg 225w, https:\/\/www.montendre.se\/wp-content\/uploads\/2022\/04\/IMG_0366-768x1024.jpeg 768w, https:\/\/www.montendre.se\/wp-content\/uploads\/2022\/04\/IMG_0366-700x933.jpeg 700w, https:\/\/www.montendre.se\/wp-content\/uploads\/2022\/04\/IMG_0366.jpeg 960w\" sizes=\"(max-width: 225px) 100vw, 225px\" \/><\/a>Middag p\u00e5 La Diligence i Chepniers. Bra. Kocken i paret som har La Diligence \u00e4r ju poolgrannens bror och ig\u00e5r blev vi &#8221;avsl\u00f6jade&#8221;. Frun i paret, som serverar, fr\u00e5gade om vi \u00e4r grannar till Michel och Chantal (poolgrannarna allts\u00e5). Vete gudarna hur hon visste det?<\/p>\n","protected":false},"excerpt":{"rendered":"<p>Tidig nerresa och inte s\u00e5 mycket folk p\u00e5 Arlanda d\u00e5. Gick smidigt. Ls v\u00e4ska f\u00f6rsvann dock p\u00e5 v\u00e4gen. Alltid lite meck med s\u00e5dant. Kom fram till huset vid halv ett. Handlade mat och k\u00e4kade lunch sedan. Utomhus. Det har varit 24 grader och soldis idag. Bl\u00e5ser dock ganska mycket. Jag &#8230;<\/p>\n","protected":false},"author":1,"featured_media":0,"comment_status":"open","ping_status":"open","sticky":false,"template":"","format":"standard","meta":{"jetpack_post_was_ever_published":false,"_jetpack_newsletter_access":"","_jetpack_dont_email_post_to_subs":false,"_jetpack_newsletter_tier_id":0,"footnotes":""},"categories":[76],"tags":[],"jetpack_sharing_enabled":true,"jetpack_featured_media_url":"","_links":{"self":[{"href":"https:\/\/www.montendre.se\/index.php?rest_route=\/wp\/v2\/posts\/4933"}],"collection":[{"href":"https:\/\/www.montendre.se\/index.php?rest_route=\/wp\/v2\/posts"}],"about":[{"href":"https:\/\/www.montendre.se\/index.php?rest_route=\/wp\/v2\/types\/post"}],"author":[{"embeddable":true,"href":"https:\/\/www.montendre.se\/index.php?rest_route=\/wp\/v2\/users\/1"}],"replies":[{"embeddable":true,"href":"https:\/\/www.montendre.se\/index.php?rest_route=%2Fwp%2Fv2%2Fcomments&post=4933"}],"version-history":[{"count":6,"href":"https:\/\/www.montendre.se\/index.php?rest_route=\/wp\/v2\/posts\/4933\/revisions"}],"predecessor-version":[{"id":4946,"href":"https:\/\/www.montendre.se\/index.php?rest_route=\/wp\/v2\/posts\/4933\/revisions\/4946"}],"wp:attachment":[{"href":"https:\/\/www.montendre.se\/index.php?rest_route=%2Fwp%2Fv2%2Fmedia&parent=4933"}],"wp:term":[{"taxonomy":"category","embeddable":true,"href":"https:\/\/www.montendre.se\/index.php?rest_route=%2Fwp%2Fv2%2Fcategories&post=4933"},{"taxonomy":"post_tag","embeddable":true,"href":"https:\/\/www.montendre.se\/index.php?rest_route=%2Fwp%2Fv2%2Ftags&post=4933"}],"curies":[{"name":"wp","href":"https:\/\/api.w.org\/{rel}","templated":true}]}}