{"id":4882,"date":"2022-03-01T20:17:49","date_gmt":"2022-03-01T19:17:49","guid":{"rendered":"https:\/\/www.montendre.se\/?p=4882"},"modified":"2022-03-01T20:17:49","modified_gmt":"2022-03-01T19:17:49","slug":"1-mars-2022","status":"publish","type":"post","link":"https:\/\/www.montendre.se\/?p=4882","title":{"rendered":"1 mars 2022"},"content":{"rendered":"<p>Mestadels soligt och 19 grader p\u00e5 eftermiddagen. Lunch och fika utomhus.<\/p>\n<p>Sl\u00e4ppt ut Klippo igen och fixat en hel del i tr\u00e4dg\u00e5rden.<\/p>\n<p>Mycket primula (\u00e4r det v\u00e4l?) i den skuggiga delen av tr\u00e4dg\u00e5rden.<\/p>\n<p><a href=\"https:\/\/www.montendre.se\/wp-content\/uploads\/2022\/03\/IMG_0307.jpeg\"><img loading=\"lazy\" decoding=\"async\" class=\"aligncenter size-medium wp-image-4883\" src=\"https:\/\/www.montendre.se\/wp-content\/uploads\/2022\/03\/IMG_0307-225x300.jpeg\" alt=\"\" width=\"225\" height=\"300\" srcset=\"https:\/\/www.montendre.se\/wp-content\/uploads\/2022\/03\/IMG_0307-225x300.jpeg 225w, https:\/\/www.montendre.se\/wp-content\/uploads\/2022\/03\/IMG_0307-768x1024.jpeg 768w, https:\/\/www.montendre.se\/wp-content\/uploads\/2022\/03\/IMG_0307-700x933.jpeg 700w, https:\/\/www.montendre.se\/wp-content\/uploads\/2022\/03\/IMG_0307.jpeg 960w\" sizes=\"(max-width: 225px) 100vw, 225px\" \/><\/a><\/p>\n<p><a href=\"https:\/\/www.montendre.se\/wp-content\/uploads\/2022\/03\/IMG_0314.jpeg\"><img loading=\"lazy\" decoding=\"async\" class=\"aligncenter size-medium wp-image-4884\" src=\"https:\/\/www.montendre.se\/wp-content\/uploads\/2022\/03\/IMG_0314-225x300.jpeg\" alt=\"\" width=\"225\" height=\"300\" srcset=\"https:\/\/www.montendre.se\/wp-content\/uploads\/2022\/03\/IMG_0314-225x300.jpeg 225w, https:\/\/www.montendre.se\/wp-content\/uploads\/2022\/03\/IMG_0314-768x1024.jpeg 768w, https:\/\/www.montendre.se\/wp-content\/uploads\/2022\/03\/IMG_0314-700x933.jpeg 700w, https:\/\/www.montendre.se\/wp-content\/uploads\/2022\/03\/IMG_0314.jpeg 960w\" sizes=\"(max-width: 225px) 100vw, 225px\" \/><\/a>Plommontr\u00e4den blommar och persikotr\u00e4den ska snart blomma.<a href=\"https:\/\/www.montendre.se\/wp-content\/uploads\/2022\/03\/IMG_0308.jpeg\"><img loading=\"lazy\" decoding=\"async\" class=\"aligncenter size-medium wp-image-4885\" src=\"https:\/\/www.montendre.se\/wp-content\/uploads\/2022\/03\/IMG_0308-225x300.jpeg\" alt=\"\" width=\"225\" height=\"300\" srcset=\"https:\/\/www.montendre.se\/wp-content\/uploads\/2022\/03\/IMG_0308-225x300.jpeg 225w, https:\/\/www.montendre.se\/wp-content\/uploads\/2022\/03\/IMG_0308-768x1024.jpeg 768w, https:\/\/www.montendre.se\/wp-content\/uploads\/2022\/03\/IMG_0308-700x933.jpeg 700w, https:\/\/www.montendre.se\/wp-content\/uploads\/2022\/03\/IMG_0308.jpeg 960w\" sizes=\"(max-width: 225px) 100vw, 225px\" \/><\/a>K\u00f6pte en del nya blommor som L planterade ut (n\u00e5gra kvar att plantera ut dock).<\/p>\n<p><a href=\"https:\/\/www.montendre.se\/wp-content\/uploads\/2022\/03\/IMG_0315.jpeg\"><img loading=\"lazy\" decoding=\"async\" class=\"aligncenter size-medium wp-image-4886\" src=\"https:\/\/www.montendre.se\/wp-content\/uploads\/2022\/03\/IMG_0315-300x225.jpeg\" alt=\"\" width=\"300\" height=\"225\" srcset=\"https:\/\/www.montendre.se\/wp-content\/uploads\/2022\/03\/IMG_0315-300x225.jpeg 300w, https:\/\/www.montendre.se\/wp-content\/uploads\/2022\/03\/IMG_0315-1024x768.jpeg 1024w, https:\/\/www.montendre.se\/wp-content\/uploads\/2022\/03\/IMG_0315-768x576.jpeg 768w, https:\/\/www.montendre.se\/wp-content\/uploads\/2022\/03\/IMG_0315-268x200.jpeg 268w, https:\/\/www.montendre.se\/wp-content\/uploads\/2022\/03\/IMG_0315-700x525.jpeg 700w, https:\/\/www.montendre.se\/wp-content\/uploads\/2022\/03\/IMG_0315.jpeg 1280w\" sizes=\"(max-width: 300px) 100vw, 300px\" \/><\/a><a href=\"https:\/\/www.montendre.se\/wp-content\/uploads\/2022\/03\/IMG_0316.jpeg\"><img loading=\"lazy\" decoding=\"async\" class=\"aligncenter size-medium wp-image-4887\" src=\"https:\/\/www.montendre.se\/wp-content\/uploads\/2022\/03\/IMG_0316-300x225.jpeg\" alt=\"\" width=\"300\" height=\"225\" srcset=\"https:\/\/www.montendre.se\/wp-content\/uploads\/2022\/03\/IMG_0316-300x225.jpeg 300w, https:\/\/www.montendre.se\/wp-content\/uploads\/2022\/03\/IMG_0316-1024x768.jpeg 1024w, https:\/\/www.montendre.se\/wp-content\/uploads\/2022\/03\/IMG_0316-768x576.jpeg 768w, https:\/\/www.montendre.se\/wp-content\/uploads\/2022\/03\/IMG_0316-268x200.jpeg 268w, https:\/\/www.montendre.se\/wp-content\/uploads\/2022\/03\/IMG_0316-700x525.jpeg 700w, https:\/\/www.montendre.se\/wp-content\/uploads\/2022\/03\/IMG_0316.jpeg 1280w\" sizes=\"(max-width: 300px) 100vw, 300px\" \/><\/a>Vi k\u00f6pte n\u00e5gra v\u00e4xter som ska trivas i skugga som vi t\u00e4nkte s\u00e4tta i &#8221;rundlarna&#8221; ner mot poolgrannen. Man m\u00e5ste ju obotlig optimist f\u00f6r att k\u00f6pa den h\u00e4r typen av v\u00e4xter \ud83d\ude09 Inte tillstymelse till gr\u00f6nt i de h\u00e4r l\u00e5dorna. Forts\u00e4ttning f\u00f6ljer&#8230;<\/p>\n<p><a href=\"https:\/\/www.montendre.se\/wp-content\/uploads\/2022\/03\/IMG_0310.jpeg\"><img loading=\"lazy\" decoding=\"async\" class=\"aligncenter size-medium wp-image-4890\" src=\"https:\/\/www.montendre.se\/wp-content\/uploads\/2022\/03\/IMG_0310-225x300.jpeg\" alt=\"\" width=\"225\" height=\"300\" srcset=\"https:\/\/www.montendre.se\/wp-content\/uploads\/2022\/03\/IMG_0310-225x300.jpeg 225w, https:\/\/www.montendre.se\/wp-content\/uploads\/2022\/03\/IMG_0310-768x1024.jpeg 768w, https:\/\/www.montendre.se\/wp-content\/uploads\/2022\/03\/IMG_0310-700x933.jpeg 700w, https:\/\/www.montendre.se\/wp-content\/uploads\/2022\/03\/IMG_0310.jpeg 960w\" sizes=\"(max-width: 225px) 100vw, 225px\" \/><\/a><\/p>\n<p>En elektriker kom vid lunchtid och bytte ut v\u00e5r elm\u00e4tare till en modern fj\u00e4rravl\u00e4st sak.<\/p>\n<p>Och diskmaskinen ska fungera igen enligt v\u00e5r granne. Vi har inte f\u00e5tt fakturan \u00e4n men det ska ha kostat n\u00e5got runt 70\u20ac. Ska testa den i kv\u00e4ll.<\/p>\n<p>Middag hemma, stekta sm\u00e5 bergstungor och potatis i ugn.<\/p>\n<p>Ig\u00e5r n\u00e4r vi kom satt det en n\u00e4sselfj\u00e4ril i korridoren uppe. Han levde men var medtagen s\u00e5 jag gav honom en tallrik med sockerl\u00f6sning och satte ut honom p\u00e5 balkongen. I morse s\u00e5g han held\u00f6d ut. L\u00e5g p\u00e5 sidan med vingarna ihopf\u00e4llda. Men n\u00e4r jag bar ner honom p\u00e5 tallriken f\u00f6r att &#8221;sl\u00e4nga ut&#8221; honom i tr\u00e4dg\u00e5rden s\u00e5 piggnade han till och reste sig upp. Och sedan vecklade han ut vingarna en stund och fl\u00f6g sedan iv\u00e4g.<\/p>\n<p><a href=\"https:\/\/www.montendre.se\/wp-content\/uploads\/2022\/03\/IMG_0305.jpeg\"><img loading=\"lazy\" decoding=\"async\" class=\"aligncenter size-medium wp-image-4888\" src=\"https:\/\/www.montendre.se\/wp-content\/uploads\/2022\/03\/IMG_0305-225x300.jpeg\" alt=\"\" width=\"225\" height=\"300\" srcset=\"https:\/\/www.montendre.se\/wp-content\/uploads\/2022\/03\/IMG_0305-225x300.jpeg 225w, https:\/\/www.montendre.se\/wp-content\/uploads\/2022\/03\/IMG_0305-768x1024.jpeg 768w, https:\/\/www.montendre.se\/wp-content\/uploads\/2022\/03\/IMG_0305-700x933.jpeg 700w, https:\/\/www.montendre.se\/wp-content\/uploads\/2022\/03\/IMG_0305.jpeg 960w\" sizes=\"(max-width: 225px) 100vw, 225px\" \/><\/a><a href=\"https:\/\/www.montendre.se\/wp-content\/uploads\/2022\/03\/IMG_0306.jpeg\"><img loading=\"lazy\" decoding=\"async\" class=\"aligncenter size-medium wp-image-4889\" src=\"https:\/\/www.montendre.se\/wp-content\/uploads\/2022\/03\/IMG_0306-225x300.jpeg\" alt=\"\" width=\"225\" height=\"300\" srcset=\"https:\/\/www.montendre.se\/wp-content\/uploads\/2022\/03\/IMG_0306-225x300.jpeg 225w, https:\/\/www.montendre.se\/wp-content\/uploads\/2022\/03\/IMG_0306-768x1024.jpeg 768w, https:\/\/www.montendre.se\/wp-content\/uploads\/2022\/03\/IMG_0306-700x933.jpeg 700w, https:\/\/www.montendre.se\/wp-content\/uploads\/2022\/03\/IMG_0306.jpeg 960w\" sizes=\"(max-width: 225px) 100vw, 225px\" \/><\/a><\/p>\n","protected":false},"excerpt":{"rendered":"<p>Mestadels soligt och 19 grader p\u00e5 eftermiddagen. Lunch och fika utomhus. Sl\u00e4ppt ut Klippo igen och fixat en hel del i tr\u00e4dg\u00e5rden. Mycket primula (\u00e4r det v\u00e4l?) i den skuggiga delen av tr\u00e4dg\u00e5rden. Plommontr\u00e4den blommar och persikotr\u00e4den ska snart blomma.K\u00f6pte en del nya blommor som L planterade ut (n\u00e5gra kvar &#8230;<\/p>\n","protected":false},"author":1,"featured_media":0,"comment_status":"open","ping_status":"open","sticky":false,"template":"","format":"standard","meta":{"jetpack_post_was_ever_published":false,"_jetpack_newsletter_access":"","_jetpack_dont_email_post_to_subs":false,"_jetpack_newsletter_tier_id":0,"footnotes":""},"categories":[75],"tags":[],"jetpack_sharing_enabled":true,"jetpack_featured_media_url":"","_links":{"self":[{"href":"https:\/\/www.montendre.se\/index.php?rest_route=\/wp\/v2\/posts\/4882"}],"collection":[{"href":"https:\/\/www.montendre.se\/index.php?rest_route=\/wp\/v2\/posts"}],"about":[{"href":"https:\/\/www.montendre.se\/index.php?rest_route=\/wp\/v2\/types\/post"}],"author":[{"embeddable":true,"href":"https:\/\/www.montendre.se\/index.php?rest_route=\/wp\/v2\/users\/1"}],"replies":[{"embeddable":true,"href":"https:\/\/www.montendre.se\/index.php?rest_route=%2Fwp%2Fv2%2Fcomments&post=4882"}],"version-history":[{"count":1,"href":"https:\/\/www.montendre.se\/index.php?rest_route=\/wp\/v2\/posts\/4882\/revisions"}],"predecessor-version":[{"id":4891,"href":"https:\/\/www.montendre.se\/index.php?rest_route=\/wp\/v2\/posts\/4882\/revisions\/4891"}],"wp:attachment":[{"href":"https:\/\/www.montendre.se\/index.php?rest_route=%2Fwp%2Fv2%2Fmedia&parent=4882"}],"wp:term":[{"taxonomy":"category","embeddable":true,"href":"https:\/\/www.montendre.se\/index.php?rest_route=%2Fwp%2Fv2%2Fcategories&post=4882"},{"taxonomy":"post_tag","embeddable":true,"href":"https:\/\/www.montendre.se\/index.php?rest_route=%2Fwp%2Fv2%2Ftags&post=4882"}],"curies":[{"name":"wp","href":"https:\/\/api.w.org\/{rel}","templated":true}]}}