{"id":4809,"date":"2021-11-09T07:24:48","date_gmt":"2021-11-09T06:24:48","guid":{"rendered":"https:\/\/www.montendre.se\/?p=4809"},"modified":"2021-12-05T18:54:01","modified_gmt":"2021-12-05T17:54:01","slug":"8-november-2021","status":"publish","type":"post","link":"https:\/\/www.montendre.se\/?p=4809","title":{"rendered":"8 november 2021"},"content":{"rendered":"<p>Hemresedag.<\/p>\n<p>L tar ett antigentest till eftersom vi os\u00e4kra p\u00e5 om det beh\u00f6vs eller inte. Informationstexterna p\u00e5 airfrance.traveldoc.aero \u00e4r allt annat \u00e4n glasklara. Vid incheckningen b\u00f6rjar vi med att inte visa vaccinationsintyg och antigentest och antagligen hade det g\u00e5tt bra. Men vi visar upp v\u00e5ra dokument till slut och tanten i incheckningsdisken blir lite gladare d\u00e5.<\/p>\n<p>N\u00e5tar lite golv s\u00e5 det hinner torka till n\u00e4sta g\u00e5ng vi kommer ner. St\u00e4dar.<\/p>\n<p>N\u00e4r vi ska diska lunchdisken fungerar inte diskmaskinen alls. Panelen helt svart n\u00e4r vi f\u00f6rs\u00f6ker starta den. Trist.<\/p>\n<p>Hemresan g\u00e5r bra, men tar Arlanda express hem f\u00f6r det finns i princip inga taxis. Hemma halv ett p\u00e5 natten.<\/p>\n","protected":false},"excerpt":{"rendered":"<p>Hemresedag. L tar ett antigentest till eftersom vi os\u00e4kra p\u00e5 om det beh\u00f6vs eller inte. Informationstexterna p\u00e5 airfrance.traveldoc.aero \u00e4r allt annat \u00e4n glasklara. Vid incheckningen b\u00f6rjar vi med att inte visa vaccinationsintyg och antigentest och antagligen hade det g\u00e5tt bra. Men vi visar upp v\u00e5ra dokument till slut och tanten &#8230;<\/p>\n","protected":false},"author":1,"featured_media":0,"comment_status":"open","ping_status":"open","sticky":false,"template":"","format":"standard","meta":{"jetpack_post_was_ever_published":false,"_jetpack_newsletter_access":"","_jetpack_dont_email_post_to_subs":false,"_jetpack_newsletter_tier_id":0,"footnotes":""},"categories":[73],"tags":[],"jetpack_sharing_enabled":true,"jetpack_featured_media_url":"","_links":{"self":[{"href":"https:\/\/www.montendre.se\/index.php?rest_route=\/wp\/v2\/posts\/4809"}],"collection":[{"href":"https:\/\/www.montendre.se\/index.php?rest_route=\/wp\/v2\/posts"}],"about":[{"href":"https:\/\/www.montendre.se\/index.php?rest_route=\/wp\/v2\/types\/post"}],"author":[{"embeddable":true,"href":"https:\/\/www.montendre.se\/index.php?rest_route=\/wp\/v2\/users\/1"}],"replies":[{"embeddable":true,"href":"https:\/\/www.montendre.se\/index.php?rest_route=%2Fwp%2Fv2%2Fcomments&post=4809"}],"version-history":[{"count":2,"href":"https:\/\/www.montendre.se\/index.php?rest_route=\/wp\/v2\/posts\/4809\/revisions"}],"predecessor-version":[{"id":4818,"href":"https:\/\/www.montendre.se\/index.php?rest_route=\/wp\/v2\/posts\/4809\/revisions\/4818"}],"wp:attachment":[{"href":"https:\/\/www.montendre.se\/index.php?rest_route=%2Fwp%2Fv2%2Fmedia&parent=4809"}],"wp:term":[{"taxonomy":"category","embeddable":true,"href":"https:\/\/www.montendre.se\/index.php?rest_route=%2Fwp%2Fv2%2Fcategories&post=4809"},{"taxonomy":"post_tag","embeddable":true,"href":"https:\/\/www.montendre.se\/index.php?rest_route=%2Fwp%2Fv2%2Ftags&post=4809"}],"curies":[{"name":"wp","href":"https:\/\/api.w.org\/{rel}","templated":true}]}}