{"id":4731,"date":"2021-09-10T20:28:40","date_gmt":"2021-09-10T18:28:40","guid":{"rendered":"https:\/\/www.montendre.se\/?p=4731"},"modified":"2021-09-10T20:29:21","modified_gmt":"2021-09-10T18:29:21","slug":"10-september-2021","status":"publish","type":"post","link":"https:\/\/www.montendre.se\/?p=4731","title":{"rendered":"10 september 2021"},"content":{"rendered":"<p>Mest soligt idag, 25 grader. N\u00e5gon kort regnskur vid lunch och p\u00e5 eftermiddagen.<\/p>\n<p>B\u00f6rjade s\u00e5ga ner det gamla plommontr\u00e4det som \u00e4r d\u00f6tt och t\u00e4ckts av murgr\u00f6na.<\/p>\n<p><a href=\"https:\/\/www.montendre.se\/wp-content\/uploads\/2021\/09\/IMG_0011.jpeg\"><img loading=\"lazy\" decoding=\"async\" class=\"aligncenter size-medium wp-image-4732\" src=\"https:\/\/www.montendre.se\/wp-content\/uploads\/2021\/09\/IMG_0011-225x300.jpeg\" alt=\"\" width=\"225\" height=\"300\" srcset=\"https:\/\/www.montendre.se\/wp-content\/uploads\/2021\/09\/IMG_0011-225x300.jpeg 225w, https:\/\/www.montendre.se\/wp-content\/uploads\/2021\/09\/IMG_0011-768x1024.jpeg 768w, https:\/\/www.montendre.se\/wp-content\/uploads\/2021\/09\/IMG_0011-700x933.jpeg 700w, https:\/\/www.montendre.se\/wp-content\/uploads\/2021\/09\/IMG_0011.jpeg 960w\" sizes=\"(max-width: 225px) 100vw, 225px\" \/><\/a>S\u00e5gade ner n\u00e5gra grenar. Tar stammen i morgon kanske.<a href=\"https:\/\/www.montendre.se\/wp-content\/uploads\/2021\/09\/IMG_0018.jpeg\"><img loading=\"lazy\" decoding=\"async\" class=\"aligncenter size-medium wp-image-4733\" src=\"https:\/\/www.montendre.se\/wp-content\/uploads\/2021\/09\/IMG_0018-225x300.jpeg\" alt=\"\" width=\"225\" height=\"300\" srcset=\"https:\/\/www.montendre.se\/wp-content\/uploads\/2021\/09\/IMG_0018-225x300.jpeg 225w, https:\/\/www.montendre.se\/wp-content\/uploads\/2021\/09\/IMG_0018-768x1024.jpeg 768w, https:\/\/www.montendre.se\/wp-content\/uploads\/2021\/09\/IMG_0018-700x933.jpeg 700w, https:\/\/www.montendre.se\/wp-content\/uploads\/2021\/09\/IMG_0018.jpeg 960w\" sizes=\"(max-width: 225px) 100vw, 225px\" \/><\/a>\u00a0Planterade ut tv\u00e5 fingerborgsblommor fr\u00e5n pallkragen till rabatten.<\/p>\n<p><a href=\"https:\/\/www.montendre.se\/wp-content\/uploads\/2021\/09\/IMG_0013.jpeg\"><img loading=\"lazy\" decoding=\"async\" class=\"aligncenter size-medium wp-image-4734\" src=\"https:\/\/www.montendre.se\/wp-content\/uploads\/2021\/09\/IMG_0013-300x225.jpeg\" alt=\"\" width=\"300\" height=\"225\" srcset=\"https:\/\/www.montendre.se\/wp-content\/uploads\/2021\/09\/IMG_0013-300x225.jpeg 300w, https:\/\/www.montendre.se\/wp-content\/uploads\/2021\/09\/IMG_0013-1024x768.jpeg 1024w, https:\/\/www.montendre.se\/wp-content\/uploads\/2021\/09\/IMG_0013-768x576.jpeg 768w, https:\/\/www.montendre.se\/wp-content\/uploads\/2021\/09\/IMG_0013-268x200.jpeg 268w, https:\/\/www.montendre.se\/wp-content\/uploads\/2021\/09\/IMG_0013-700x525.jpeg 700w, https:\/\/www.montendre.se\/wp-content\/uploads\/2021\/09\/IMG_0013.jpeg 1280w\" sizes=\"(max-width: 300px) 100vw, 300px\" \/><\/a>Och s\u00e5gade till och b\u00f6rjade m\u00e5la ett par &#8221;narar&#8221;, som vi s\u00e4ger p\u00e5 korsordsspr\u00e5k, till k\u00e4llarluckan.<\/p>\n<p><a href=\"https:\/\/www.montendre.se\/wp-content\/uploads\/2021\/09\/IMG_0017.jpeg\"><img loading=\"lazy\" decoding=\"async\" class=\"aligncenter size-medium wp-image-4735\" src=\"https:\/\/www.montendre.se\/wp-content\/uploads\/2021\/09\/IMG_0017-225x300.jpeg\" alt=\"\" width=\"225\" height=\"300\" srcset=\"https:\/\/www.montendre.se\/wp-content\/uploads\/2021\/09\/IMG_0017-225x300.jpeg 225w, https:\/\/www.montendre.se\/wp-content\/uploads\/2021\/09\/IMG_0017-768x1024.jpeg 768w, https:\/\/www.montendre.se\/wp-content\/uploads\/2021\/09\/IMG_0017-700x933.jpeg 700w, https:\/\/www.montendre.se\/wp-content\/uploads\/2021\/09\/IMG_0017.jpeg 960w\" sizes=\"(max-width: 225px) 100vw, 225px\" \/><\/a>\u00c4r det s\u00e5 h\u00e4r fikon blir n\u00e4r de \u00e4r \u00f6vermogna?<\/p>\n<p><a href=\"https:\/\/www.montendre.se\/wp-content\/uploads\/2021\/09\/IMG_0019.jpeg\"><img loading=\"lazy\" decoding=\"async\" class=\"aligncenter size-medium wp-image-4736\" src=\"https:\/\/www.montendre.se\/wp-content\/uploads\/2021\/09\/IMG_0019-225x300.jpeg\" alt=\"\" width=\"225\" height=\"300\" srcset=\"https:\/\/www.montendre.se\/wp-content\/uploads\/2021\/09\/IMG_0019-225x300.jpeg 225w, https:\/\/www.montendre.se\/wp-content\/uploads\/2021\/09\/IMG_0019-768x1024.jpeg 768w, https:\/\/www.montendre.se\/wp-content\/uploads\/2021\/09\/IMG_0019-700x933.jpeg 700w, https:\/\/www.montendre.se\/wp-content\/uploads\/2021\/09\/IMG_0019.jpeg 960w\" sizes=\"(max-width: 225px) 100vw, 225px\" \/><\/a>N\u00e5gra fina rosor.<\/p>\n<p><a href=\"https:\/\/www.montendre.se\/wp-content\/uploads\/2021\/09\/IMG_0020.jpeg\"><img loading=\"lazy\" decoding=\"async\" class=\"aligncenter size-medium wp-image-4737\" src=\"https:\/\/www.montendre.se\/wp-content\/uploads\/2021\/09\/IMG_0020-225x300.jpeg\" alt=\"\" width=\"225\" height=\"300\" srcset=\"https:\/\/www.montendre.se\/wp-content\/uploads\/2021\/09\/IMG_0020-225x300.jpeg 225w, https:\/\/www.montendre.se\/wp-content\/uploads\/2021\/09\/IMG_0020-768x1024.jpeg 768w, https:\/\/www.montendre.se\/wp-content\/uploads\/2021\/09\/IMG_0020-700x933.jpeg 700w, https:\/\/www.montendre.se\/wp-content\/uploads\/2021\/09\/IMG_0020.jpeg 960w\" sizes=\"(max-width: 225px) 100vw, 225px\" \/><\/a>Lite blommor h\u00e4r och d\u00e4r i rabatten. Nejlikor, flick\u00f6ga, dahlia, st\u00e4ppsalvia, oleander, lavendel och lite vilda s\u00f6mntutor.<\/p>\n<p><a href=\"https:\/\/www.montendre.se\/wp-content\/uploads\/2021\/09\/IMG_0014.jpeg\"><img loading=\"lazy\" decoding=\"async\" class=\"aligncenter size-medium wp-image-4738\" src=\"https:\/\/www.montendre.se\/wp-content\/uploads\/2021\/09\/IMG_0014-300x225.jpeg\" alt=\"\" width=\"300\" height=\"225\" srcset=\"https:\/\/www.montendre.se\/wp-content\/uploads\/2021\/09\/IMG_0014-300x225.jpeg 300w, https:\/\/www.montendre.se\/wp-content\/uploads\/2021\/09\/IMG_0014-1024x768.jpeg 1024w, https:\/\/www.montendre.se\/wp-content\/uploads\/2021\/09\/IMG_0014-768x576.jpeg 768w, https:\/\/www.montendre.se\/wp-content\/uploads\/2021\/09\/IMG_0014-268x200.jpeg 268w, https:\/\/www.montendre.se\/wp-content\/uploads\/2021\/09\/IMG_0014-700x525.jpeg 700w, https:\/\/www.montendre.se\/wp-content\/uploads\/2021\/09\/IMG_0014.jpeg 1280w\" sizes=\"(max-width: 300px) 100vw, 300px\" \/><\/a>Middag hemma, f\u00e5rostpasta.<\/p>\n","protected":false},"excerpt":{"rendered":"<p>Mest soligt idag, 25 grader. N\u00e5gon kort regnskur vid lunch och p\u00e5 eftermiddagen. B\u00f6rjade s\u00e5ga ner det gamla plommontr\u00e4det som \u00e4r d\u00f6tt och t\u00e4ckts av murgr\u00f6na. S\u00e5gade ner n\u00e5gra grenar. Tar stammen i morgon kanske.\u00a0Planterade ut tv\u00e5 fingerborgsblommor fr\u00e5n pallkragen till rabatten. Och s\u00e5gade till och b\u00f6rjade m\u00e5la ett par &#8230;<\/p>\n","protected":false},"author":1,"featured_media":0,"comment_status":"open","ping_status":"open","sticky":false,"template":"","format":"standard","meta":{"jetpack_post_was_ever_published":false,"_jetpack_newsletter_access":"","_jetpack_dont_email_post_to_subs":false,"_jetpack_newsletter_tier_id":0,"footnotes":""},"categories":[72],"tags":[],"jetpack_sharing_enabled":true,"jetpack_featured_media_url":"","_links":{"self":[{"href":"https:\/\/www.montendre.se\/index.php?rest_route=\/wp\/v2\/posts\/4731"}],"collection":[{"href":"https:\/\/www.montendre.se\/index.php?rest_route=\/wp\/v2\/posts"}],"about":[{"href":"https:\/\/www.montendre.se\/index.php?rest_route=\/wp\/v2\/types\/post"}],"author":[{"embeddable":true,"href":"https:\/\/www.montendre.se\/index.php?rest_route=\/wp\/v2\/users\/1"}],"replies":[{"embeddable":true,"href":"https:\/\/www.montendre.se\/index.php?rest_route=%2Fwp%2Fv2%2Fcomments&post=4731"}],"version-history":[{"count":2,"href":"https:\/\/www.montendre.se\/index.php?rest_route=\/wp\/v2\/posts\/4731\/revisions"}],"predecessor-version":[{"id":4740,"href":"https:\/\/www.montendre.se\/index.php?rest_route=\/wp\/v2\/posts\/4731\/revisions\/4740"}],"wp:attachment":[{"href":"https:\/\/www.montendre.se\/index.php?rest_route=%2Fwp%2Fv2%2Fmedia&parent=4731"}],"wp:term":[{"taxonomy":"category","embeddable":true,"href":"https:\/\/www.montendre.se\/index.php?rest_route=%2Fwp%2Fv2%2Fcategories&post=4731"},{"taxonomy":"post_tag","embeddable":true,"href":"https:\/\/www.montendre.se\/index.php?rest_route=%2Fwp%2Fv2%2Ftags&post=4731"}],"curies":[{"name":"wp","href":"https:\/\/api.w.org\/{rel}","templated":true}]}}