{"id":4712,"date":"2021-09-08T21:18:37","date_gmt":"2021-09-08T19:18:37","guid":{"rendered":"https:\/\/www.montendre.se\/?p=4712"},"modified":"2021-09-08T21:37:48","modified_gmt":"2021-09-08T19:37:48","slug":"8-september-2021","status":"publish","type":"post","link":"https:\/\/www.montendre.se\/?p=4712","title":{"rendered":"8 september 2021"},"content":{"rendered":"<p>Regn p\u00e5 f\u00f6rmiddagen sedan mest mulet med n\u00e5gra solglimtar, 27 grader som mest.<\/p>\n<p>Torrt i tr\u00e4dg\u00e5rden. Linden har f\u00e4llt massa l\u00f6v, och alla tr\u00e4d har r\u00e4tt m\u00e5nga gulnande l\u00f6v. Till och med br\u00e4nn\u00e4sslorna b\u00f6rjar krokna.<\/p>\n<p><a href=\"https:\/\/www.montendre.se\/wp-content\/uploads\/2021\/09\/IMG_9994.jpeg\"><img loading=\"lazy\" decoding=\"async\" class=\"aligncenter size-medium wp-image-4718\" src=\"https:\/\/www.montendre.se\/wp-content\/uploads\/2021\/09\/IMG_9994-300x225.jpeg\" alt=\"\" width=\"300\" height=\"225\" srcset=\"https:\/\/www.montendre.se\/wp-content\/uploads\/2021\/09\/IMG_9994-300x225.jpeg 300w, https:\/\/www.montendre.se\/wp-content\/uploads\/2021\/09\/IMG_9994-1024x768.jpeg 1024w, https:\/\/www.montendre.se\/wp-content\/uploads\/2021\/09\/IMG_9994-768x576.jpeg 768w, https:\/\/www.montendre.se\/wp-content\/uploads\/2021\/09\/IMG_9994-268x200.jpeg 268w, https:\/\/www.montendre.se\/wp-content\/uploads\/2021\/09\/IMG_9994-700x525.jpeg 700w, https:\/\/www.montendre.se\/wp-content\/uploads\/2021\/09\/IMG_9994.jpeg 1280w\" sizes=\"(max-width: 300px) 100vw, 300px\" \/><\/a><\/p>\n<p>Dahlian \u00e4r fin nu.<\/p>\n<p><a href=\"https:\/\/www.montendre.se\/wp-content\/uploads\/2021\/09\/IMG_9974.jpeg\"><img loading=\"lazy\" decoding=\"async\" class=\"aligncenter size-medium wp-image-4713\" src=\"https:\/\/www.montendre.se\/wp-content\/uploads\/2021\/09\/IMG_9974-225x300.jpeg\" alt=\"\" width=\"225\" height=\"300\" srcset=\"https:\/\/www.montendre.se\/wp-content\/uploads\/2021\/09\/IMG_9974-225x300.jpeg 225w, https:\/\/www.montendre.se\/wp-content\/uploads\/2021\/09\/IMG_9974-768x1024.jpeg 768w, https:\/\/www.montendre.se\/wp-content\/uploads\/2021\/09\/IMG_9974-700x933.jpeg 700w, https:\/\/www.montendre.se\/wp-content\/uploads\/2021\/09\/IMG_9974.jpeg 960w\" sizes=\"(max-width: 225px) 100vw, 225px\" \/><\/a><\/p>\n<p>Och en fackellilja blommar s\u00e5 fint.<\/p>\n<p><a href=\"https:\/\/www.montendre.se\/wp-content\/uploads\/2021\/09\/IMG_9972.jpeg\"><img loading=\"lazy\" decoding=\"async\" class=\"aligncenter size-medium wp-image-4714\" src=\"https:\/\/www.montendre.se\/wp-content\/uploads\/2021\/09\/IMG_9972-225x300.jpeg\" alt=\"\" width=\"225\" height=\"300\" srcset=\"https:\/\/www.montendre.se\/wp-content\/uploads\/2021\/09\/IMG_9972-225x300.jpeg 225w, https:\/\/www.montendre.se\/wp-content\/uploads\/2021\/09\/IMG_9972-768x1024.jpeg 768w, https:\/\/www.montendre.se\/wp-content\/uploads\/2021\/09\/IMG_9972-700x933.jpeg 700w, https:\/\/www.montendre.se\/wp-content\/uploads\/2021\/09\/IMG_9972.jpeg 960w\" sizes=\"(max-width: 225px) 100vw, 225px\" \/><\/a><\/p>\n<p>Plockade ett fikon som jag tror var moget. Smakade okey i alla fall.<\/p>\n<p><a href=\"https:\/\/www.montendre.se\/wp-content\/uploads\/2021\/09\/IMG_9987.jpeg\"><img loading=\"lazy\" decoding=\"async\" class=\"aligncenter size-medium wp-image-4715\" src=\"https:\/\/www.montendre.se\/wp-content\/uploads\/2021\/09\/IMG_9987-300x225.jpeg\" alt=\"\" width=\"300\" height=\"225\" srcset=\"https:\/\/www.montendre.se\/wp-content\/uploads\/2021\/09\/IMG_9987-300x225.jpeg 300w, https:\/\/www.montendre.se\/wp-content\/uploads\/2021\/09\/IMG_9987-1024x768.jpeg 1024w, https:\/\/www.montendre.se\/wp-content\/uploads\/2021\/09\/IMG_9987-768x576.jpeg 768w, https:\/\/www.montendre.se\/wp-content\/uploads\/2021\/09\/IMG_9987-268x200.jpeg 268w, https:\/\/www.montendre.se\/wp-content\/uploads\/2021\/09\/IMG_9987-700x525.jpeg 700w, https:\/\/www.montendre.se\/wp-content\/uploads\/2021\/09\/IMG_9987.jpeg 1280w\" sizes=\"(max-width: 300px) 100vw, 300px\" \/><\/a><\/p>\n<p>Hade tagit med mig ett g\u00e4ng skabbiga rosenstavar som jag planterade ut i pallkragen.<\/p>\n<p><a href=\"https:\/\/www.montendre.se\/wp-content\/uploads\/2021\/09\/IMG_9990.jpeg\"><img loading=\"lazy\" decoding=\"async\" class=\"aligncenter size-medium wp-image-4716\" src=\"https:\/\/www.montendre.se\/wp-content\/uploads\/2021\/09\/IMG_9990-225x300.jpeg\" alt=\"\" width=\"225\" height=\"300\" srcset=\"https:\/\/www.montendre.se\/wp-content\/uploads\/2021\/09\/IMG_9990-225x300.jpeg 225w, https:\/\/www.montendre.se\/wp-content\/uploads\/2021\/09\/IMG_9990-768x1024.jpeg 768w, https:\/\/www.montendre.se\/wp-content\/uploads\/2021\/09\/IMG_9990-700x933.jpeg 700w, https:\/\/www.montendre.se\/wp-content\/uploads\/2021\/09\/IMG_9990.jpeg 960w\" sizes=\"(max-width: 225px) 100vw, 225px\" \/><\/a>Och flyttade p\u00e5 grund av det en alpakleja ut i rabatten.<\/p>\n<p><a href=\"https:\/\/www.montendre.se\/wp-content\/uploads\/2021\/09\/IMG_9991.jpeg\"><img loading=\"lazy\" decoding=\"async\" class=\"aligncenter size-medium wp-image-4717\" src=\"https:\/\/www.montendre.se\/wp-content\/uploads\/2021\/09\/IMG_9991-300x225.jpeg\" alt=\"\" width=\"300\" height=\"225\" srcset=\"https:\/\/www.montendre.se\/wp-content\/uploads\/2021\/09\/IMG_9991-300x225.jpeg 300w, https:\/\/www.montendre.se\/wp-content\/uploads\/2021\/09\/IMG_9991-1024x768.jpeg 1024w, https:\/\/www.montendre.se\/wp-content\/uploads\/2021\/09\/IMG_9991-768x576.jpeg 768w, https:\/\/www.montendre.se\/wp-content\/uploads\/2021\/09\/IMG_9991-268x200.jpeg 268w, https:\/\/www.montendre.se\/wp-content\/uploads\/2021\/09\/IMG_9991-700x525.jpeg 700w, https:\/\/www.montendre.se\/wp-content\/uploads\/2021\/09\/IMG_9991.jpeg 1280w\" sizes=\"(max-width: 300px) 100vw, 300px\" \/><\/a><\/p>\n<p>B\u00f6rjade med att kitta om ett f\u00f6nster i matrummet. Har f\u00e5tt bort rutorna (en gick s\u00f6nder) och skrapat bort f\u00e4rgen. S\u00e5 h\u00e4r ser kittet ut innan.<\/p>\n<p><a href=\"https:\/\/www.montendre.se\/wp-content\/uploads\/2021\/09\/IMG_9986.jpeg\"><img loading=\"lazy\" decoding=\"async\" class=\"aligncenter size-medium wp-image-4719\" src=\"https:\/\/www.montendre.se\/wp-content\/uploads\/2021\/09\/IMG_9986-300x225.jpeg\" alt=\"\" width=\"300\" height=\"225\" srcset=\"https:\/\/www.montendre.se\/wp-content\/uploads\/2021\/09\/IMG_9986-300x225.jpeg 300w, https:\/\/www.montendre.se\/wp-content\/uploads\/2021\/09\/IMG_9986-1024x768.jpeg 1024w, https:\/\/www.montendre.se\/wp-content\/uploads\/2021\/09\/IMG_9986-768x576.jpeg 768w, https:\/\/www.montendre.se\/wp-content\/uploads\/2021\/09\/IMG_9986-268x200.jpeg 268w, https:\/\/www.montendre.se\/wp-content\/uploads\/2021\/09\/IMG_9986-700x525.jpeg 700w, https:\/\/www.montendre.se\/wp-content\/uploads\/2021\/09\/IMG_9986.jpeg 1280w\" sizes=\"(max-width: 300px) 100vw, 300px\" \/><\/a><\/p>\n<p>Middag hemma, resterna av pizzan fr\u00e5n ig\u00e5r.<\/p>\n","protected":false},"excerpt":{"rendered":"<p>Regn p\u00e5 f\u00f6rmiddagen sedan mest mulet med n\u00e5gra solglimtar, 27 grader som mest. Torrt i tr\u00e4dg\u00e5rden. Linden har f\u00e4llt massa l\u00f6v, och alla tr\u00e4d har r\u00e4tt m\u00e5nga gulnande l\u00f6v. Till och med br\u00e4nn\u00e4sslorna b\u00f6rjar krokna. Dahlian \u00e4r fin nu. Och en fackellilja blommar s\u00e5 fint. Plockade ett fikon som jag &#8230;<\/p>\n","protected":false},"author":1,"featured_media":0,"comment_status":"open","ping_status":"open","sticky":false,"template":"","format":"standard","meta":{"jetpack_post_was_ever_published":false,"_jetpack_newsletter_access":"","_jetpack_dont_email_post_to_subs":false,"_jetpack_newsletter_tier_id":0,"footnotes":""},"categories":[72],"tags":[],"jetpack_sharing_enabled":true,"jetpack_featured_media_url":"","_links":{"self":[{"href":"https:\/\/www.montendre.se\/index.php?rest_route=\/wp\/v2\/posts\/4712"}],"collection":[{"href":"https:\/\/www.montendre.se\/index.php?rest_route=\/wp\/v2\/posts"}],"about":[{"href":"https:\/\/www.montendre.se\/index.php?rest_route=\/wp\/v2\/types\/post"}],"author":[{"embeddable":true,"href":"https:\/\/www.montendre.se\/index.php?rest_route=\/wp\/v2\/users\/1"}],"replies":[{"embeddable":true,"href":"https:\/\/www.montendre.se\/index.php?rest_route=%2Fwp%2Fv2%2Fcomments&post=4712"}],"version-history":[{"count":2,"href":"https:\/\/www.montendre.se\/index.php?rest_route=\/wp\/v2\/posts\/4712\/revisions"}],"predecessor-version":[{"id":4721,"href":"https:\/\/www.montendre.se\/index.php?rest_route=\/wp\/v2\/posts\/4712\/revisions\/4721"}],"wp:attachment":[{"href":"https:\/\/www.montendre.se\/index.php?rest_route=%2Fwp%2Fv2%2Fmedia&parent=4712"}],"wp:term":[{"taxonomy":"category","embeddable":true,"href":"https:\/\/www.montendre.se\/index.php?rest_route=%2Fwp%2Fv2%2Fcategories&post=4712"},{"taxonomy":"post_tag","embeddable":true,"href":"https:\/\/www.montendre.se\/index.php?rest_route=%2Fwp%2Fv2%2Ftags&post=4712"}],"curies":[{"name":"wp","href":"https:\/\/api.w.org\/{rel}","templated":true}]}}