{"id":463,"date":"2013-06-27T21:44:04","date_gmt":"2013-06-27T19:44:04","guid":{"rendered":"http:\/\/www.montendre.se\/?p=463"},"modified":"2013-07-17T14:51:27","modified_gmt":"2013-07-17T12:51:27","slug":"27-juni-2013","status":"publish","type":"post","link":"https:\/\/www.montendre.se\/?p=463","title":{"rendered":"27 juni 2013"},"content":{"rendered":"<p>Den r\u00f6da rotfrukten som vi hittade i landet men inte visste vad det var har f\u00e5tt sin f\u00f6rklaring. Jag gick runt med Georges ig\u00e5r i tr\u00e4dg\u00e5rden och fr\u00e5gade lite om varje och n\u00e4r vi kom till gr\u00f6nsakslandet sa han att det d\u00e4r var r\u00e4disorna som vi s\u00e5dde i slutet av mars. De hade v\u00e4xt bra och Georges och Lucette har \u00e4tit en massa men n\u00e4r de b\u00f6rjade ta slut s\u00e5dde Georges en ny rad men n\u00e5gra blev tydligen kvar av de som vi s\u00e5dde i mars. Och de har v\u00e4xt och v\u00e4xt&#8230;<\/p>\n<p><a href=\"http:\/\/www.montendre.se\/wp-content\/uploads\/2013\/06\/IMG_2624.jpg\"><img loading=\"lazy\" decoding=\"async\" class=\"aligncenter size-medium wp-image-464\" title=\"IMG_2624\" src=\"http:\/\/www.montendre.se\/wp-content\/uploads\/2013\/06\/IMG_2624-225x300.jpg\" alt=\"\" width=\"225\" height=\"300\" srcset=\"https:\/\/www.montendre.se\/wp-content\/uploads\/2013\/06\/IMG_2624-225x300.jpg 225w, https:\/\/www.montendre.se\/wp-content\/uploads\/2013\/06\/IMG_2624-768x1024.jpg 768w, https:\/\/www.montendre.se\/wp-content\/uploads\/2013\/06\/IMG_2624-700x933.jpg 700w\" sizes=\"(max-width: 225px) 100vw, 225px\" \/><\/a><\/p>\n<p>Sj\u00e4lva r\u00e4disan \u00e4r cirka 6 cm l\u00e5ng och 3 cm i diameter.<\/p>\n<p>Idag har det varit mest soligt och runt 25 grader.<\/p>\n<p>Jag har fixat klart med f\u00f6nsterluckorna som inte blev s\u00e5 bra dock. Den gamla luckan har blivit s\u00e5 skev att den knappt g\u00e5r att st\u00e4nga. Det h\u00e5ller f\u00f6rmodligen f\u00f6r n\u00e5gra \u00f6ppningar\/st\u00e4ngningar men jag m\u00e5ste nog fixa en ny n\u00e4sta resa. Har m\u00e5lat den nya halvan och den ser bra ut.<\/p>\n<p>Har klippt tujah\u00e4cken och den falska lagerh\u00e4ggen borta vid fikontr\u00e4det.<\/p>\n<p>I kv\u00e4ll \u00e5t vi v\u00e5r egna kron\u00e4rtskocka.<\/p>\n<p><a href=\"http:\/\/www.montendre.se\/wp-content\/uploads\/2013\/06\/IMG_2626.jpg\"><img loading=\"lazy\" decoding=\"async\" class=\"aligncenter size-medium wp-image-468\" title=\"IMG_2626\" src=\"http:\/\/www.montendre.se\/wp-content\/uploads\/2013\/06\/IMG_2626-225x300.jpg\" alt=\"\" width=\"225\" height=\"300\" srcset=\"https:\/\/www.montendre.se\/wp-content\/uploads\/2013\/06\/IMG_2626-225x300.jpg 225w, https:\/\/www.montendre.se\/wp-content\/uploads\/2013\/06\/IMG_2626-768x1024.jpg 768w, https:\/\/www.montendre.se\/wp-content\/uploads\/2013\/06\/IMG_2626-700x933.jpg 700w\" sizes=\"(max-width: 225px) 100vw, 225px\" \/><\/a><\/p>\n<p>Och s\u00e5 \u00e5t vi petoncles igen. Heter tydligen hoppmussla p\u00e5 svenska. Det franska namnet betyder n\u00e5got med &#8221;liten pilgrimsmussla&#8221;.<\/p>\n","protected":false},"excerpt":{"rendered":"<p>Den r\u00f6da rotfrukten som vi hittade i landet men inte visste vad det var har f\u00e5tt sin f\u00f6rklaring. Jag gick runt med Georges ig\u00e5r i tr\u00e4dg\u00e5rden och fr\u00e5gade lite om varje och n\u00e4r vi kom till gr\u00f6nsakslandet sa han att det d\u00e4r var r\u00e4disorna som vi s\u00e5dde i slutet av &#8230;<\/p>\n","protected":false},"author":1,"featured_media":0,"comment_status":"open","ping_status":"open","sticky":false,"template":"","format":"standard","meta":{"jetpack_post_was_ever_published":false,"_jetpack_newsletter_access":"","_jetpack_dont_email_post_to_subs":false,"_jetpack_newsletter_tier_id":0,"footnotes":""},"categories":[5],"tags":[],"jetpack_sharing_enabled":true,"jetpack_featured_media_url":"","_links":{"self":[{"href":"https:\/\/www.montendre.se\/index.php?rest_route=\/wp\/v2\/posts\/463"}],"collection":[{"href":"https:\/\/www.montendre.se\/index.php?rest_route=\/wp\/v2\/posts"}],"about":[{"href":"https:\/\/www.montendre.se\/index.php?rest_route=\/wp\/v2\/types\/post"}],"author":[{"embeddable":true,"href":"https:\/\/www.montendre.se\/index.php?rest_route=\/wp\/v2\/users\/1"}],"replies":[{"embeddable":true,"href":"https:\/\/www.montendre.se\/index.php?rest_route=%2Fwp%2Fv2%2Fcomments&post=463"}],"version-history":[{"count":6,"href":"https:\/\/www.montendre.se\/index.php?rest_route=\/wp\/v2\/posts\/463\/revisions"}],"predecessor-version":[{"id":590,"href":"https:\/\/www.montendre.se\/index.php?rest_route=\/wp\/v2\/posts\/463\/revisions\/590"}],"wp:attachment":[{"href":"https:\/\/www.montendre.se\/index.php?rest_route=%2Fwp%2Fv2%2Fmedia&parent=463"}],"wp:term":[{"taxonomy":"category","embeddable":true,"href":"https:\/\/www.montendre.se\/index.php?rest_route=%2Fwp%2Fv2%2Fcategories&post=463"},{"taxonomy":"post_tag","embeddable":true,"href":"https:\/\/www.montendre.se\/index.php?rest_route=%2Fwp%2Fv2%2Ftags&post=463"}],"curies":[{"name":"wp","href":"https:\/\/api.w.org\/{rel}","templated":true}]}}