{"id":4625,"date":"2021-07-10T10:03:28","date_gmt":"2021-07-10T08:03:28","guid":{"rendered":"https:\/\/www.montendre.se\/?p=4625"},"modified":"2021-07-10T10:03:28","modified_gmt":"2021-07-10T08:03:28","slug":"9-juli-2021","status":"publish","type":"post","link":"https:\/\/www.montendre.se\/?p=4625","title":{"rendered":"9 juli 2021"},"content":{"rendered":"<p>Hemresedag. St\u00e4dar och m\u00e5lar k\u00e4llarluckor en sista g\u00e5ng. Nu f\u00e5r de torka i drygt tre veckor innan jag s\u00e4tter upp dem.<\/p>\n<p>Poolgrannen h\u00e5ller p\u00e5 att restaurera sin pool och uteplats. Nu blir det tr\u00e4trall i st\u00e4llet f\u00f6r sten. Trallen passas in med millimeter-precision mot stenarna. De l\u00e4gger inte m\u00e5nga plank per dag&#8230;<\/p>\n<p><a href=\"https:\/\/www.montendre.se\/wp-content\/uploads\/2021\/07\/IMG_9778.jpeg\"><img loading=\"lazy\" decoding=\"async\" class=\"aligncenter size-medium wp-image-4626\" src=\"https:\/\/www.montendre.se\/wp-content\/uploads\/2021\/07\/IMG_9778-300x225.jpeg\" alt=\"\" width=\"300\" height=\"225\" srcset=\"https:\/\/www.montendre.se\/wp-content\/uploads\/2021\/07\/IMG_9778-300x225.jpeg 300w, https:\/\/www.montendre.se\/wp-content\/uploads\/2021\/07\/IMG_9778-1024x768.jpeg 1024w, https:\/\/www.montendre.se\/wp-content\/uploads\/2021\/07\/IMG_9778-768x576.jpeg 768w, https:\/\/www.montendre.se\/wp-content\/uploads\/2021\/07\/IMG_9778-268x200.jpeg 268w, https:\/\/www.montendre.se\/wp-content\/uploads\/2021\/07\/IMG_9778-700x525.jpeg 700w, https:\/\/www.montendre.se\/wp-content\/uploads\/2021\/07\/IMG_9778.jpeg 1280w\" sizes=\"(max-width: 300px) 100vw, 300px\" \/><\/a>\u00c5kte fr\u00e5n huset kvart i tre. Struligt med f\u00f6rseningar pga strejk av markpersonal i Paris.<\/p>\n","protected":false},"excerpt":{"rendered":"<p>Hemresedag. St\u00e4dar och m\u00e5lar k\u00e4llarluckor en sista g\u00e5ng. Nu f\u00e5r de torka i drygt tre veckor innan jag s\u00e4tter upp dem. Poolgrannen h\u00e5ller p\u00e5 att restaurera sin pool och uteplats. Nu blir det tr\u00e4trall i st\u00e4llet f\u00f6r sten. Trallen passas in med millimeter-precision mot stenarna. De l\u00e4gger inte m\u00e5nga plank &#8230;<\/p>\n","protected":false},"author":1,"featured_media":0,"comment_status":"open","ping_status":"open","sticky":false,"template":"","format":"standard","meta":{"jetpack_post_was_ever_published":false,"_jetpack_newsletter_access":"","_jetpack_dont_email_post_to_subs":false,"_jetpack_newsletter_tier_id":0,"footnotes":""},"categories":[70],"tags":[],"jetpack_sharing_enabled":true,"jetpack_featured_media_url":"","_links":{"self":[{"href":"https:\/\/www.montendre.se\/index.php?rest_route=\/wp\/v2\/posts\/4625"}],"collection":[{"href":"https:\/\/www.montendre.se\/index.php?rest_route=\/wp\/v2\/posts"}],"about":[{"href":"https:\/\/www.montendre.se\/index.php?rest_route=\/wp\/v2\/types\/post"}],"author":[{"embeddable":true,"href":"https:\/\/www.montendre.se\/index.php?rest_route=\/wp\/v2\/users\/1"}],"replies":[{"embeddable":true,"href":"https:\/\/www.montendre.se\/index.php?rest_route=%2Fwp%2Fv2%2Fcomments&post=4625"}],"version-history":[{"count":4,"href":"https:\/\/www.montendre.se\/index.php?rest_route=\/wp\/v2\/posts\/4625\/revisions"}],"predecessor-version":[{"id":4630,"href":"https:\/\/www.montendre.se\/index.php?rest_route=\/wp\/v2\/posts\/4625\/revisions\/4630"}],"wp:attachment":[{"href":"https:\/\/www.montendre.se\/index.php?rest_route=%2Fwp%2Fv2%2Fmedia&parent=4625"}],"wp:term":[{"taxonomy":"category","embeddable":true,"href":"https:\/\/www.montendre.se\/index.php?rest_route=%2Fwp%2Fv2%2Fcategories&post=4625"},{"taxonomy":"post_tag","embeddable":true,"href":"https:\/\/www.montendre.se\/index.php?rest_route=%2Fwp%2Fv2%2Ftags&post=4625"}],"curies":[{"name":"wp","href":"https:\/\/api.w.org\/{rel}","templated":true}]}}