{"id":4617,"date":"2021-07-08T21:02:34","date_gmt":"2021-07-08T19:02:34","guid":{"rendered":"https:\/\/www.montendre.se\/?p=4617"},"modified":"2021-07-08T21:02:34","modified_gmt":"2021-07-08T19:02:34","slug":"8-juli-2021","status":"publish","type":"post","link":"https:\/\/www.montendre.se\/?p=4617","title":{"rendered":"8 juli 2021"},"content":{"rendered":"<p>V\u00e4xlande v\u00e4der igen men inte s\u00e5 mycket regn, bara n\u00e5gra droppar d\u00e5 och d\u00e5. 22 grader.<\/p>\n<p>I morse s\u00e5 var tuppen tillbaka! Skumt. Han har varit borta i flera veckor. Han sprang mot dem n\u00e4r han fick se h\u00f6nan och kycklingarna. Men h\u00f6nan fr\u00e4ste till och sedan f\u00f6rsvann tuppen igen.<\/p>\n<p><a href=\"https:\/\/www.montendre.se\/wp-content\/uploads\/2021\/07\/IMG_9767.jpeg\"><img loading=\"lazy\" decoding=\"async\" class=\"aligncenter size-medium wp-image-4618\" src=\"https:\/\/www.montendre.se\/wp-content\/uploads\/2021\/07\/IMG_9767-300x225.jpeg\" alt=\"\" width=\"300\" height=\"225\" srcset=\"https:\/\/www.montendre.se\/wp-content\/uploads\/2021\/07\/IMG_9767-300x225.jpeg 300w, https:\/\/www.montendre.se\/wp-content\/uploads\/2021\/07\/IMG_9767-1024x768.jpeg 1024w, https:\/\/www.montendre.se\/wp-content\/uploads\/2021\/07\/IMG_9767-768x576.jpeg 768w, https:\/\/www.montendre.se\/wp-content\/uploads\/2021\/07\/IMG_9767-268x200.jpeg 268w, https:\/\/www.montendre.se\/wp-content\/uploads\/2021\/07\/IMG_9767-700x525.jpeg 700w, https:\/\/www.montendre.se\/wp-content\/uploads\/2021\/07\/IMG_9767.jpeg 1280w\" sizes=\"(max-width: 300px) 100vw, 300px\" \/><\/a>H\u00f6nan \u00e4r lite kaxigare och har b\u00f6rjat titta in i huset.<\/p>\n<p><a href=\"https:\/\/www.montendre.se\/wp-content\/uploads\/2021\/07\/IMG_9769.jpeg\"><img loading=\"lazy\" decoding=\"async\" class=\"aligncenter size-medium wp-image-4619\" src=\"https:\/\/www.montendre.se\/wp-content\/uploads\/2021\/07\/IMG_9769-225x300.jpeg\" alt=\"\" width=\"225\" height=\"300\" srcset=\"https:\/\/www.montendre.se\/wp-content\/uploads\/2021\/07\/IMG_9769-225x300.jpeg 225w, https:\/\/www.montendre.se\/wp-content\/uploads\/2021\/07\/IMG_9769-768x1024.jpeg 768w, https:\/\/www.montendre.se\/wp-content\/uploads\/2021\/07\/IMG_9769-700x933.jpeg 700w, https:\/\/www.montendre.se\/wp-content\/uploads\/2021\/07\/IMG_9769.jpeg 960w\" sizes=\"(max-width: 225px) 100vw, 225px\" \/><\/a><\/p>\n<p>Putsat n\u00e5gra f\u00f6nster p\u00e5 ovanv\u00e5ningen.<\/p>\n<p>Och n\u00e5tat lite golv i sovrummet.<\/p>\n<p><a href=\"https:\/\/www.montendre.se\/wp-content\/uploads\/2021\/07\/IMG_9770.jpeg\"><img loading=\"lazy\" decoding=\"async\" class=\"aligncenter size-medium wp-image-4620\" src=\"https:\/\/www.montendre.se\/wp-content\/uploads\/2021\/07\/IMG_9770-225x300.jpeg\" alt=\"\" width=\"225\" height=\"300\" srcset=\"https:\/\/www.montendre.se\/wp-content\/uploads\/2021\/07\/IMG_9770-225x300.jpeg 225w, https:\/\/www.montendre.se\/wp-content\/uploads\/2021\/07\/IMG_9770-768x1024.jpeg 768w, https:\/\/www.montendre.se\/wp-content\/uploads\/2021\/07\/IMG_9770-700x933.jpeg 700w, https:\/\/www.montendre.se\/wp-content\/uploads\/2021\/07\/IMG_9770.jpeg 960w\" sizes=\"(max-width: 225px) 100vw, 225px\" \/><\/a><\/p>\n<p>M\u00e5lat en k\u00e4llarlucka. (24 timmars torktid mellan varje strykning s\u00e5 det tar lite tid&#8230;)<\/p>\n<p>Rensat bj\u00f6rnb\u00e4rssn\u00e5r och k\u00f6rt iv\u00e4g massa s\u00e4ckar till soptippen.<\/p>\n<p>S\u00e5 h\u00e4r l\u00e5nga revor tampas jag med, cirka 5-6 meter.<\/p>\n<p><a href=\"https:\/\/www.montendre.se\/wp-content\/uploads\/2021\/07\/IMG_9771.jpeg\"><img loading=\"lazy\" decoding=\"async\" class=\"aligncenter size-medium wp-image-4621\" src=\"https:\/\/www.montendre.se\/wp-content\/uploads\/2021\/07\/IMG_9771-225x300.jpeg\" alt=\"\" width=\"225\" height=\"300\" srcset=\"https:\/\/www.montendre.se\/wp-content\/uploads\/2021\/07\/IMG_9771-225x300.jpeg 225w, https:\/\/www.montendre.se\/wp-content\/uploads\/2021\/07\/IMG_9771-768x1024.jpeg 768w, https:\/\/www.montendre.se\/wp-content\/uploads\/2021\/07\/IMG_9771-700x933.jpeg 700w, https:\/\/www.montendre.se\/wp-content\/uploads\/2021\/07\/IMG_9771.jpeg 960w\" sizes=\"(max-width: 225px) 100vw, 225px\" \/><\/a>Blev fint till slut. Mycket luftigare \u00e4n innan.<\/p>\n<p><a href=\"https:\/\/www.montendre.se\/wp-content\/uploads\/2021\/07\/IMG_9774.jpeg\"><img loading=\"lazy\" decoding=\"async\" class=\"aligncenter size-medium wp-image-4622\" src=\"https:\/\/www.montendre.se\/wp-content\/uploads\/2021\/07\/IMG_9774-300x225.jpeg\" alt=\"\" width=\"300\" height=\"225\" srcset=\"https:\/\/www.montendre.se\/wp-content\/uploads\/2021\/07\/IMG_9774-300x225.jpeg 300w, https:\/\/www.montendre.se\/wp-content\/uploads\/2021\/07\/IMG_9774-1024x768.jpeg 1024w, https:\/\/www.montendre.se\/wp-content\/uploads\/2021\/07\/IMG_9774-768x576.jpeg 768w, https:\/\/www.montendre.se\/wp-content\/uploads\/2021\/07\/IMG_9774-268x200.jpeg 268w, https:\/\/www.montendre.se\/wp-content\/uploads\/2021\/07\/IMG_9774-700x525.jpeg 700w, https:\/\/www.montendre.se\/wp-content\/uploads\/2021\/07\/IMG_9774.jpeg 1280w\" sizes=\"(max-width: 300px) 100vw, 300px\" \/><\/a><\/p>\n<p>Men med lite skador p\u00e5 armarna.<\/p>\n<p><a href=\"https:\/\/www.montendre.se\/wp-content\/uploads\/2021\/07\/IMG_9777.jpeg\"><img loading=\"lazy\" decoding=\"async\" class=\"aligncenter size-medium wp-image-4623\" src=\"https:\/\/www.montendre.se\/wp-content\/uploads\/2021\/07\/IMG_9777-225x300.jpeg\" alt=\"\" width=\"225\" height=\"300\" srcset=\"https:\/\/www.montendre.se\/wp-content\/uploads\/2021\/07\/IMG_9777-225x300.jpeg 225w, https:\/\/www.montendre.se\/wp-content\/uploads\/2021\/07\/IMG_9777-768x1024.jpeg 768w, https:\/\/www.montendre.se\/wp-content\/uploads\/2021\/07\/IMG_9777-700x933.jpeg 700w, https:\/\/www.montendre.se\/wp-content\/uploads\/2021\/07\/IMG_9777.jpeg 960w\" sizes=\"(max-width: 225px) 100vw, 225px\" \/><\/a>Middag p\u00e5 baren.<\/p>\n","protected":false},"excerpt":{"rendered":"<p>V\u00e4xlande v\u00e4der igen men inte s\u00e5 mycket regn, bara n\u00e5gra droppar d\u00e5 och d\u00e5. 22 grader. I morse s\u00e5 var tuppen tillbaka! Skumt. Han har varit borta i flera veckor. Han sprang mot dem n\u00e4r han fick se h\u00f6nan och kycklingarna. Men h\u00f6nan fr\u00e4ste till och sedan f\u00f6rsvann tuppen igen. &#8230;<\/p>\n","protected":false},"author":1,"featured_media":0,"comment_status":"open","ping_status":"open","sticky":false,"template":"","format":"standard","meta":{"jetpack_post_was_ever_published":false,"_jetpack_newsletter_access":"","_jetpack_dont_email_post_to_subs":false,"_jetpack_newsletter_tier_id":0,"footnotes":""},"categories":[70],"tags":[],"jetpack_sharing_enabled":true,"jetpack_featured_media_url":"","_links":{"self":[{"href":"https:\/\/www.montendre.se\/index.php?rest_route=\/wp\/v2\/posts\/4617"}],"collection":[{"href":"https:\/\/www.montendre.se\/index.php?rest_route=\/wp\/v2\/posts"}],"about":[{"href":"https:\/\/www.montendre.se\/index.php?rest_route=\/wp\/v2\/types\/post"}],"author":[{"embeddable":true,"href":"https:\/\/www.montendre.se\/index.php?rest_route=\/wp\/v2\/users\/1"}],"replies":[{"embeddable":true,"href":"https:\/\/www.montendre.se\/index.php?rest_route=%2Fwp%2Fv2%2Fcomments&post=4617"}],"version-history":[{"count":1,"href":"https:\/\/www.montendre.se\/index.php?rest_route=\/wp\/v2\/posts\/4617\/revisions"}],"predecessor-version":[{"id":4624,"href":"https:\/\/www.montendre.se\/index.php?rest_route=\/wp\/v2\/posts\/4617\/revisions\/4624"}],"wp:attachment":[{"href":"https:\/\/www.montendre.se\/index.php?rest_route=%2Fwp%2Fv2%2Fmedia&parent=4617"}],"wp:term":[{"taxonomy":"category","embeddable":true,"href":"https:\/\/www.montendre.se\/index.php?rest_route=%2Fwp%2Fv2%2Fcategories&post=4617"},{"taxonomy":"post_tag","embeddable":true,"href":"https:\/\/www.montendre.se\/index.php?rest_route=%2Fwp%2Fv2%2Ftags&post=4617"}],"curies":[{"name":"wp","href":"https:\/\/api.w.org\/{rel}","templated":true}]}}