{"id":4596,"date":"2021-07-05T21:31:23","date_gmt":"2021-07-05T19:31:23","guid":{"rendered":"https:\/\/www.montendre.se\/?p=4596"},"modified":"2021-07-05T21:31:23","modified_gmt":"2021-07-05T19:31:23","slug":"5-juli-2021","status":"publish","type":"post","link":"https:\/\/www.montendre.se\/?p=4596","title":{"rendered":"5 juli 2021"},"content":{"rendered":"<p>Ganska soligt och 29 grader idag.<\/p>\n<p>K\u00f6rde L till flygplatsen p\u00e5 morgonen.<\/p>\n<p>S\u00e5gat till andra luckhalvan.\u00a0B\u00e4ttrat p\u00e5 lackning av hallgolv nere.<\/p>\n<p>Planterat en stockros-planta och gamla stockros-fr\u00f6er vid muren mot Martine.<\/p>\n<p><a href=\"https:\/\/www.montendre.se\/wp-content\/uploads\/2021\/07\/IMG_9740.jpeg\"><img loading=\"lazy\" decoding=\"async\" class=\"aligncenter size-medium wp-image-4601\" src=\"https:\/\/www.montendre.se\/wp-content\/uploads\/2021\/07\/IMG_9740-225x300.jpeg\" alt=\"\" width=\"225\" height=\"300\" srcset=\"https:\/\/www.montendre.se\/wp-content\/uploads\/2021\/07\/IMG_9740-225x300.jpeg 225w, https:\/\/www.montendre.se\/wp-content\/uploads\/2021\/07\/IMG_9740-768x1024.jpeg 768w, https:\/\/www.montendre.se\/wp-content\/uploads\/2021\/07\/IMG_9740-700x933.jpeg 700w, https:\/\/www.montendre.se\/wp-content\/uploads\/2021\/07\/IMG_9740.jpeg 960w\" sizes=\"(max-width: 225px) 100vw, 225px\" \/><\/a><\/p>\n<p>Middag hemma. H\u00f6nan med kycklingar h\u00f6ll mig s\u00e4llskap n\u00e4r jag satt ute. De b\u00f6rjar bli mer och mer &#8221;tama&#8221;.<\/p>\n<p><a href=\"https:\/\/www.montendre.se\/wp-content\/uploads\/2021\/07\/IMG_9747.jpeg\"><img loading=\"lazy\" decoding=\"async\" class=\"aligncenter size-medium wp-image-4602\" src=\"https:\/\/www.montendre.se\/wp-content\/uploads\/2021\/07\/IMG_9747-300x225.jpeg\" alt=\"\" width=\"300\" height=\"225\" srcset=\"https:\/\/www.montendre.se\/wp-content\/uploads\/2021\/07\/IMG_9747-300x225.jpeg 300w, https:\/\/www.montendre.se\/wp-content\/uploads\/2021\/07\/IMG_9747-1024x768.jpeg 1024w, https:\/\/www.montendre.se\/wp-content\/uploads\/2021\/07\/IMG_9747-768x576.jpeg 768w, https:\/\/www.montendre.se\/wp-content\/uploads\/2021\/07\/IMG_9747-268x200.jpeg 268w, https:\/\/www.montendre.se\/wp-content\/uploads\/2021\/07\/IMG_9747-700x525.jpeg 700w, https:\/\/www.montendre.se\/wp-content\/uploads\/2021\/07\/IMG_9747.jpeg 1280w\" sizes=\"(max-width: 300px) 100vw, 300px\" \/><\/a><\/p>\n","protected":false},"excerpt":{"rendered":"<p>Ganska soligt och 29 grader idag. K\u00f6rde L till flygplatsen p\u00e5 morgonen. S\u00e5gat till andra luckhalvan.\u00a0B\u00e4ttrat p\u00e5 lackning av hallgolv nere. Planterat en stockros-planta och gamla stockros-fr\u00f6er vid muren mot Martine. Middag hemma. H\u00f6nan med kycklingar h\u00f6ll mig s\u00e4llskap n\u00e4r jag satt ute. De b\u00f6rjar bli mer och mer &#8221;tama&#8221;.<\/p>\n","protected":false},"author":1,"featured_media":0,"comment_status":"open","ping_status":"open","sticky":false,"template":"","format":"standard","meta":{"jetpack_post_was_ever_published":false,"_jetpack_newsletter_access":"","_jetpack_dont_email_post_to_subs":false,"_jetpack_newsletter_tier_id":0,"footnotes":""},"categories":[70],"tags":[],"jetpack_sharing_enabled":true,"jetpack_featured_media_url":"","_links":{"self":[{"href":"https:\/\/www.montendre.se\/index.php?rest_route=\/wp\/v2\/posts\/4596"}],"collection":[{"href":"https:\/\/www.montendre.se\/index.php?rest_route=\/wp\/v2\/posts"}],"about":[{"href":"https:\/\/www.montendre.se\/index.php?rest_route=\/wp\/v2\/types\/post"}],"author":[{"embeddable":true,"href":"https:\/\/www.montendre.se\/index.php?rest_route=\/wp\/v2\/users\/1"}],"replies":[{"embeddable":true,"href":"https:\/\/www.montendre.se\/index.php?rest_route=%2Fwp%2Fv2%2Fcomments&post=4596"}],"version-history":[{"count":5,"href":"https:\/\/www.montendre.se\/index.php?rest_route=\/wp\/v2\/posts\/4596\/revisions"}],"predecessor-version":[{"id":4603,"href":"https:\/\/www.montendre.se\/index.php?rest_route=\/wp\/v2\/posts\/4596\/revisions\/4603"}],"wp:attachment":[{"href":"https:\/\/www.montendre.se\/index.php?rest_route=%2Fwp%2Fv2%2Fmedia&parent=4596"}],"wp:term":[{"taxonomy":"category","embeddable":true,"href":"https:\/\/www.montendre.se\/index.php?rest_route=%2Fwp%2Fv2%2Fcategories&post=4596"},{"taxonomy":"post_tag","embeddable":true,"href":"https:\/\/www.montendre.se\/index.php?rest_route=%2Fwp%2Fv2%2Ftags&post=4596"}],"curies":[{"name":"wp","href":"https:\/\/api.w.org\/{rel}","templated":true}]}}