{"id":4582,"date":"2021-07-03T22:08:45","date_gmt":"2021-07-03T20:08:45","guid":{"rendered":"https:\/\/www.montendre.se\/?p=4582"},"modified":"2021-07-03T22:15:50","modified_gmt":"2021-07-03T20:15:50","slug":"3-juli-2021","status":"publish","type":"post","link":"https:\/\/www.montendre.se\/?p=4582","title":{"rendered":"3 juli 2021"},"content":{"rendered":"<p>Mest mulet hela dagen, en del regn p\u00e5 morgonen.<\/p>\n<p>\u00c4nnu en dag med problem och jobbiga saker.<\/p>\n<p>Internet funkar inte som det ska l\u00e4ngre. D\u00e4rf\u00f6r funkar t.ex. inte <a href=\"http:\/\/lokalt.montendre.se\">v\u00e4dersidan<\/a> mm. Strul med nya adsl-modemet. Fattar inte varf\u00f6r. N\u00e4r jag kopplar in en annan router mot modemet slutar det att fungera som modem.<\/p>\n<p>&nbsp;<\/p>\n<p>Och luckan som jag limmade ig\u00e5r blev inte bra. Limmet var inte bra eller inte bra applicerat s\u00e5 plankorna kunde ganska l\u00e4tt separeras igen. K\u00f6pte nytt lim och limmade mer &#8221;ymnigt&#8221;.<\/p>\n<p>&nbsp;<\/p>\n<p>Ig\u00e5r n\u00e4r vi \u00e5kte hem fr\u00e5n utflykten till havet lyste en lampa i bilen som varnade f\u00f6r l\u00e5gt tryck i n\u00e5got av d\u00e4cken. Vi kollade men s\u00e5g inget anm\u00e4rkningsv\u00e4rt. Idag n\u00e4r jag \u00e5kte ner till Bricon f\u00f6r att k\u00f6pa lite lim s\u00e5 s\u00e5g jag att det var tomt med luft i ett av bakd\u00e4cken.<\/p>\n<p>\u00c5kte till d\u00e4ckfirman som finns nere vid mataff\u00e4ren och bricon men de kunde bara pumpa upp d\u00e4cket lite. De befattade sig inte med hyrbilar. S\u00e5 sedan blev det massa samtal till Avis och till slut kom en stor bil och h\u00e4mtade v\u00e5r hyrbil. (Det var ju en modern bil vi hyrt s\u00e5 det fanns inget reservd\u00e4ck i, inte ens en s\u00e5dant d\u00e4r litet &#8221;n\u00f6dd\u00e4ck&#8221;.) Pyspunka p\u00e5 grund av n\u00e5gon liten spik i d\u00e4cket.<\/p>\n<p><a href=\"https:\/\/www.montendre.se\/wp-content\/uploads\/2021\/07\/IMG_9721.jpeg\"><img loading=\"lazy\" decoding=\"async\" class=\"aligncenter size-medium wp-image-4587\" src=\"https:\/\/www.montendre.se\/wp-content\/uploads\/2021\/07\/IMG_9721-300x225.jpeg\" alt=\"\" width=\"300\" height=\"225\" srcset=\"https:\/\/www.montendre.se\/wp-content\/uploads\/2021\/07\/IMG_9721-300x225.jpeg 300w, https:\/\/www.montendre.se\/wp-content\/uploads\/2021\/07\/IMG_9721-1024x768.jpeg 1024w, https:\/\/www.montendre.se\/wp-content\/uploads\/2021\/07\/IMG_9721-768x576.jpeg 768w, https:\/\/www.montendre.se\/wp-content\/uploads\/2021\/07\/IMG_9721-268x200.jpeg 268w, https:\/\/www.montendre.se\/wp-content\/uploads\/2021\/07\/IMG_9721-700x525.jpeg 700w, https:\/\/www.montendre.se\/wp-content\/uploads\/2021\/07\/IMG_9721.jpeg 1280w\" sizes=\"(max-width: 300px) 100vw, 300px\" \/><\/a><\/p>\n<p>Sedan massa samtal till Avis som slutade med att vi fick \u00e5ka taxi till Bordeaux flygplats f\u00f6r att h\u00e4mta en ny bil. Toppen.<\/p>\n<p>&nbsp;<\/p>\n<p>Sedan s\u00e5 \u00e4r en av kycklingarna d\u00e5lig. Han ligger mest ner p\u00e5 ett och samma st\u00e4lle och \u00e4ter inte mycket. Han verkar lyckats ta sig upp p\u00e5 pinnen i tujah\u00e4cken i kv\u00e4ll, men det k\u00e4nns som han kan trilla av pinn (bokstavligen) n\u00e4r som helst.<\/p>\n<p>&nbsp;<\/p>\n<p>P\u00e5 kv\u00e4llen gick vi p\u00e5 Quincaillerian. Fullt faktiskt men numera har de bara borden p\u00e5 bottenv\u00e5ningen &#8221;ig\u00e5ng&#8221;. Och \u00e4garinnan ber\u00e4ttade att de kommer st\u00e4nga den 12 september. Och f\u00f6rmodligen \u00f6ppna n\u00e5got nytt i regionen.<\/p>\n<p>Gott som vanligt p\u00e5 Quincaillerian men lite sorgligt att de st\u00e4nger ocks\u00e5.<\/p>\n","protected":false},"excerpt":{"rendered":"<p>Mest mulet hela dagen, en del regn p\u00e5 morgonen. \u00c4nnu en dag med problem och jobbiga saker. Internet funkar inte som det ska l\u00e4ngre. D\u00e4rf\u00f6r funkar t.ex. inte v\u00e4dersidan mm. Strul med nya adsl-modemet. Fattar inte varf\u00f6r. N\u00e4r jag kopplar in en annan router mot modemet slutar det att fungera &#8230;<\/p>\n","protected":false},"author":1,"featured_media":0,"comment_status":"open","ping_status":"open","sticky":false,"template":"","format":"standard","meta":{"jetpack_post_was_ever_published":false,"_jetpack_newsletter_access":"","_jetpack_dont_email_post_to_subs":false,"_jetpack_newsletter_tier_id":0,"footnotes":""},"categories":[70],"tags":[],"jetpack_sharing_enabled":true,"jetpack_featured_media_url":"","_links":{"self":[{"href":"https:\/\/www.montendre.se\/index.php?rest_route=\/wp\/v2\/posts\/4582"}],"collection":[{"href":"https:\/\/www.montendre.se\/index.php?rest_route=\/wp\/v2\/posts"}],"about":[{"href":"https:\/\/www.montendre.se\/index.php?rest_route=\/wp\/v2\/types\/post"}],"author":[{"embeddable":true,"href":"https:\/\/www.montendre.se\/index.php?rest_route=\/wp\/v2\/users\/1"}],"replies":[{"embeddable":true,"href":"https:\/\/www.montendre.se\/index.php?rest_route=%2Fwp%2Fv2%2Fcomments&post=4582"}],"version-history":[{"count":6,"href":"https:\/\/www.montendre.se\/index.php?rest_route=\/wp\/v2\/posts\/4582\/revisions"}],"predecessor-version":[{"id":4590,"href":"https:\/\/www.montendre.se\/index.php?rest_route=\/wp\/v2\/posts\/4582\/revisions\/4590"}],"wp:attachment":[{"href":"https:\/\/www.montendre.se\/index.php?rest_route=%2Fwp%2Fv2%2Fmedia&parent=4582"}],"wp:term":[{"taxonomy":"category","embeddable":true,"href":"https:\/\/www.montendre.se\/index.php?rest_route=%2Fwp%2Fv2%2Fcategories&post=4582"},{"taxonomy":"post_tag","embeddable":true,"href":"https:\/\/www.montendre.se\/index.php?rest_route=%2Fwp%2Fv2%2Ftags&post=4582"}],"curies":[{"name":"wp","href":"https:\/\/api.w.org\/{rel}","templated":true}]}}