{"id":4574,"date":"2021-07-02T22:48:04","date_gmt":"2021-07-02T20:48:04","guid":{"rendered":"https:\/\/www.montendre.se\/?p=4574"},"modified":"2021-07-02T22:48:04","modified_gmt":"2021-07-02T20:48:04","slug":"2-juli-2021","status":"publish","type":"post","link":"https:\/\/www.montendre.se\/?p=4574","title":{"rendered":"2 juli 2021"},"content":{"rendered":"<p>Mest mulet och n\u00e5gra regnst\u00e4nk fram\u00e5t kv\u00e4llen.<\/p>\n<p>Fortsatt med k\u00e4llarluckan. S\u00e5gat till formen, grundm\u00e5lat nys\u00e5gade ytor och limmat ihop allt. F\u00f6r en luckhalva.<\/p>\n<p><a href=\"https:\/\/www.montendre.se\/wp-content\/uploads\/2021\/07\/IMG_9717.jpeg\"><img loading=\"lazy\" decoding=\"async\" class=\"aligncenter size-medium wp-image-4575\" src=\"https:\/\/www.montendre.se\/wp-content\/uploads\/2021\/07\/IMG_9717-225x300.jpeg\" alt=\"\" width=\"225\" height=\"300\" srcset=\"https:\/\/www.montendre.se\/wp-content\/uploads\/2021\/07\/IMG_9717-225x300.jpeg 225w, https:\/\/www.montendre.se\/wp-content\/uploads\/2021\/07\/IMG_9717-768x1024.jpeg 768w, https:\/\/www.montendre.se\/wp-content\/uploads\/2021\/07\/IMG_9717-700x933.jpeg 700w, https:\/\/www.montendre.se\/wp-content\/uploads\/2021\/07\/IMG_9717.jpeg 960w\" sizes=\"(max-width: 225px) 100vw, 225px\" \/><\/a>Gjorde en utflykt till kusten och k\u00e4kade lunch p\u00e5 <a href=\"https:\/\/www.fruitsdemer-lesvivierscharentais.fr\">Le Viviers Charentais<\/a>. Smaskigt.<\/p>\n<p><a href=\"https:\/\/www.montendre.se\/wp-content\/uploads\/2021\/07\/IMG_9713.jpeg\"><img loading=\"lazy\" decoding=\"async\" class=\"aligncenter size-medium wp-image-4576\" src=\"https:\/\/www.montendre.se\/wp-content\/uploads\/2021\/07\/IMG_9713-300x225.jpeg\" alt=\"\" width=\"300\" height=\"225\" srcset=\"https:\/\/www.montendre.se\/wp-content\/uploads\/2021\/07\/IMG_9713-300x225.jpeg 300w, https:\/\/www.montendre.se\/wp-content\/uploads\/2021\/07\/IMG_9713-1024x768.jpeg 1024w, https:\/\/www.montendre.se\/wp-content\/uploads\/2021\/07\/IMG_9713-768x576.jpeg 768w, https:\/\/www.montendre.se\/wp-content\/uploads\/2021\/07\/IMG_9713-268x200.jpeg 268w, https:\/\/www.montendre.se\/wp-content\/uploads\/2021\/07\/IMG_9713-700x525.jpeg 700w, https:\/\/www.montendre.se\/wp-content\/uploads\/2021\/07\/IMG_9713.jpeg 1280w\" sizes=\"(max-width: 300px) 100vw, 300px\" \/><\/a><\/p>\n<p>Tog en fika och glass lite l\u00e4ngre bort, vid stranden. 20 grader i vattnet, 24 i luften. Inte s\u00e5 m\u00e5nga m\u00e4nniskor p\u00e5 stranden. N\u00e5gon har k\u00f6rt lite graffiti p\u00e5 en gammal bunker.<a href=\"https:\/\/www.montendre.se\/wp-content\/uploads\/2021\/07\/IMG_9713-1.jpeg\"><br \/>\n<\/a> <a href=\"https:\/\/www.montendre.se\/wp-content\/uploads\/2021\/07\/IMG_9715.jpeg\"><img loading=\"lazy\" decoding=\"async\" class=\"aligncenter size-medium wp-image-4578\" src=\"https:\/\/www.montendre.se\/wp-content\/uploads\/2021\/07\/IMG_9715-300x225.jpeg\" alt=\"\" width=\"300\" height=\"225\" srcset=\"https:\/\/www.montendre.se\/wp-content\/uploads\/2021\/07\/IMG_9715-300x225.jpeg 300w, https:\/\/www.montendre.se\/wp-content\/uploads\/2021\/07\/IMG_9715-1024x768.jpeg 1024w, https:\/\/www.montendre.se\/wp-content\/uploads\/2021\/07\/IMG_9715-768x576.jpeg 768w, https:\/\/www.montendre.se\/wp-content\/uploads\/2021\/07\/IMG_9715-268x200.jpeg 268w, https:\/\/www.montendre.se\/wp-content\/uploads\/2021\/07\/IMG_9715-700x525.jpeg 700w, https:\/\/www.montendre.se\/wp-content\/uploads\/2021\/07\/IMG_9715.jpeg 1280w\" sizes=\"(max-width: 300px) 100vw, 300px\" \/><\/a>H\u00f6nan och kycklingarna hade inte setts till p\u00e5 hela dagen men n\u00e4r vi kom hem fr\u00e5n utflykten d\u00f6k de upp.<\/p>\n<p>Middag p\u00e5 Talmelier.<\/p>\n","protected":false},"excerpt":{"rendered":"<p>Mest mulet och n\u00e5gra regnst\u00e4nk fram\u00e5t kv\u00e4llen. Fortsatt med k\u00e4llarluckan. S\u00e5gat till formen, grundm\u00e5lat nys\u00e5gade ytor och limmat ihop allt. F\u00f6r en luckhalva. Gjorde en utflykt till kusten och k\u00e4kade lunch p\u00e5 Le Viviers Charentais. Smaskigt. Tog en fika och glass lite l\u00e4ngre bort, vid stranden. 20 grader i vattnet, &#8230;<\/p>\n","protected":false},"author":1,"featured_media":0,"comment_status":"open","ping_status":"open","sticky":false,"template":"","format":"standard","meta":{"jetpack_post_was_ever_published":false,"_jetpack_newsletter_access":"","_jetpack_dont_email_post_to_subs":false,"_jetpack_newsletter_tier_id":0,"footnotes":""},"categories":[70],"tags":[],"jetpack_sharing_enabled":true,"jetpack_featured_media_url":"","_links":{"self":[{"href":"https:\/\/www.montendre.se\/index.php?rest_route=\/wp\/v2\/posts\/4574"}],"collection":[{"href":"https:\/\/www.montendre.se\/index.php?rest_route=\/wp\/v2\/posts"}],"about":[{"href":"https:\/\/www.montendre.se\/index.php?rest_route=\/wp\/v2\/types\/post"}],"author":[{"embeddable":true,"href":"https:\/\/www.montendre.se\/index.php?rest_route=\/wp\/v2\/users\/1"}],"replies":[{"embeddable":true,"href":"https:\/\/www.montendre.se\/index.php?rest_route=%2Fwp%2Fv2%2Fcomments&post=4574"}],"version-history":[{"count":3,"href":"https:\/\/www.montendre.se\/index.php?rest_route=\/wp\/v2\/posts\/4574\/revisions"}],"predecessor-version":[{"id":4581,"href":"https:\/\/www.montendre.se\/index.php?rest_route=\/wp\/v2\/posts\/4574\/revisions\/4581"}],"wp:attachment":[{"href":"https:\/\/www.montendre.se\/index.php?rest_route=%2Fwp%2Fv2%2Fmedia&parent=4574"}],"wp:term":[{"taxonomy":"category","embeddable":true,"href":"https:\/\/www.montendre.se\/index.php?rest_route=%2Fwp%2Fv2%2Fcategories&post=4574"},{"taxonomy":"post_tag","embeddable":true,"href":"https:\/\/www.montendre.se\/index.php?rest_route=%2Fwp%2Fv2%2Ftags&post=4574"}],"curies":[{"name":"wp","href":"https:\/\/api.w.org\/{rel}","templated":true}]}}