{"id":4570,"date":"2021-07-02T09:44:26","date_gmt":"2021-07-02T07:44:26","guid":{"rendered":"https:\/\/www.montendre.se\/?p=4570"},"modified":"2021-07-02T09:44:26","modified_gmt":"2021-07-02T07:44:26","slug":"1-juli-2021","status":"publish","type":"post","link":"https:\/\/www.montendre.se\/?p=4570","title":{"rendered":"1 juli 2021"},"content":{"rendered":"<p>V\u00e4xlande v\u00e4der men inget regn.<\/p>\n<p>Handlade mat p\u00e5 marknaden.<\/p>\n<p>Jag f\u00f6rs\u00f6kte &#8221;laga&#8221; den sten vid luckans ena g\u00e5ngj\u00e4rn som g\u00e5tt s\u00f6nder.<\/p>\n<p><a href=\"https:\/\/www.montendre.se\/wp-content\/uploads\/2021\/07\/IMG_9706.jpeg\"><img loading=\"lazy\" decoding=\"async\" class=\"aligncenter size-medium wp-image-4571\" src=\"https:\/\/www.montendre.se\/wp-content\/uploads\/2021\/07\/IMG_9706-225x300.jpeg\" alt=\"\" width=\"225\" height=\"300\" srcset=\"https:\/\/www.montendre.se\/wp-content\/uploads\/2021\/07\/IMG_9706-225x300.jpeg 225w, https:\/\/www.montendre.se\/wp-content\/uploads\/2021\/07\/IMG_9706-768x1024.jpeg 768w, https:\/\/www.montendre.se\/wp-content\/uploads\/2021\/07\/IMG_9706-700x933.jpeg 700w, https:\/\/www.montendre.se\/wp-content\/uploads\/2021\/07\/IMG_9706.jpeg 960w\" sizes=\"(max-width: 225px) 100vw, 225px\" \/><\/a>Satte dit den med lite cement-&#8221;klister&#8221;. Blev inte helt bra, men det kanske funkar.<\/p>\n<p>B\u00f6rjade s\u00e5ga till ena lucksidan.<\/p>\n<p>Rensade lite i rabatten ut mot gatan. L gjorde i ordning h\u00f6nshuset och hoppas locka in h\u00f6nan dit med en str\u00e4ng med mat.<\/p>\n<p><a href=\"https:\/\/www.montendre.se\/wp-content\/uploads\/2021\/07\/IMG_9710.jpeg\"><img loading=\"lazy\" decoding=\"async\" class=\"aligncenter size-medium wp-image-4572\" src=\"https:\/\/www.montendre.se\/wp-content\/uploads\/2021\/07\/IMG_9710-225x300.jpeg\" alt=\"\" width=\"225\" height=\"300\" srcset=\"https:\/\/www.montendre.se\/wp-content\/uploads\/2021\/07\/IMG_9710-225x300.jpeg 225w, https:\/\/www.montendre.se\/wp-content\/uploads\/2021\/07\/IMG_9710-768x1024.jpeg 768w, https:\/\/www.montendre.se\/wp-content\/uploads\/2021\/07\/IMG_9710-700x933.jpeg 700w, https:\/\/www.montendre.se\/wp-content\/uploads\/2021\/07\/IMG_9710.jpeg 960w\" sizes=\"(max-width: 225px) 100vw, 225px\" \/><\/a>Middag hemma. Ostron och sedan musslor Normandie.<\/p>\n","protected":false},"excerpt":{"rendered":"<p>V\u00e4xlande v\u00e4der men inget regn. Handlade mat p\u00e5 marknaden. Jag f\u00f6rs\u00f6kte &#8221;laga&#8221; den sten vid luckans ena g\u00e5ngj\u00e4rn som g\u00e5tt s\u00f6nder. Satte dit den med lite cement-&#8221;klister&#8221;. Blev inte helt bra, men det kanske funkar. B\u00f6rjade s\u00e5ga till ena lucksidan. Rensade lite i rabatten ut mot gatan. L gjorde i &#8230;<\/p>\n","protected":false},"author":1,"featured_media":0,"comment_status":"open","ping_status":"open","sticky":false,"template":"","format":"standard","meta":{"jetpack_post_was_ever_published":false,"_jetpack_newsletter_access":"","_jetpack_dont_email_post_to_subs":false,"_jetpack_newsletter_tier_id":0,"footnotes":""},"categories":[70],"tags":[],"jetpack_sharing_enabled":true,"jetpack_featured_media_url":"","_links":{"self":[{"href":"https:\/\/www.montendre.se\/index.php?rest_route=\/wp\/v2\/posts\/4570"}],"collection":[{"href":"https:\/\/www.montendre.se\/index.php?rest_route=\/wp\/v2\/posts"}],"about":[{"href":"https:\/\/www.montendre.se\/index.php?rest_route=\/wp\/v2\/types\/post"}],"author":[{"embeddable":true,"href":"https:\/\/www.montendre.se\/index.php?rest_route=\/wp\/v2\/users\/1"}],"replies":[{"embeddable":true,"href":"https:\/\/www.montendre.se\/index.php?rest_route=%2Fwp%2Fv2%2Fcomments&post=4570"}],"version-history":[{"count":1,"href":"https:\/\/www.montendre.se\/index.php?rest_route=\/wp\/v2\/posts\/4570\/revisions"}],"predecessor-version":[{"id":4573,"href":"https:\/\/www.montendre.se\/index.php?rest_route=\/wp\/v2\/posts\/4570\/revisions\/4573"}],"wp:attachment":[{"href":"https:\/\/www.montendre.se\/index.php?rest_route=%2Fwp%2Fv2%2Fmedia&parent=4570"}],"wp:term":[{"taxonomy":"category","embeddable":true,"href":"https:\/\/www.montendre.se\/index.php?rest_route=%2Fwp%2Fv2%2Fcategories&post=4570"},{"taxonomy":"post_tag","embeddable":true,"href":"https:\/\/www.montendre.se\/index.php?rest_route=%2Fwp%2Fv2%2Ftags&post=4570"}],"curies":[{"name":"wp","href":"https:\/\/api.w.org\/{rel}","templated":true}]}}