{"id":4517,"date":"2021-05-14T09:32:39","date_gmt":"2021-05-14T07:32:39","guid":{"rendered":"https:\/\/www.montendre.se\/?p=4517"},"modified":"2021-05-14T09:32:39","modified_gmt":"2021-05-14T07:32:39","slug":"13-maj-2021","status":"publish","type":"post","link":"https:\/\/www.montendre.se\/?p=4517","title":{"rendered":"13 maj 2021"},"content":{"rendered":"<p>Halvrisigt v\u00e4der med en hel del regn. Sol bara tidigt p\u00e5 morgon och p\u00e5 kv\u00e4llen, 14 grader.<\/p>\n<p>I tr\u00e4dg\u00e5rden \u00e4r det r\u00e4tt frodigt eftersom det regnat r\u00e4tt mycket senaste veckan efter en l\u00e5ng torrperiod.<\/p>\n<p>St\u00e4ppsalvia som vi k\u00f6pte f\u00f6rra \u00e5ret.<a href=\"https:\/\/www.montendre.se\/wp-content\/uploads\/2021\/05\/IMG_9624.jpeg\"><img loading=\"lazy\" decoding=\"async\" class=\"aligncenter size-medium wp-image-4518\" src=\"https:\/\/www.montendre.se\/wp-content\/uploads\/2021\/05\/IMG_9624-225x300.jpeg\" alt=\"\" width=\"225\" height=\"300\" srcset=\"https:\/\/www.montendre.se\/wp-content\/uploads\/2021\/05\/IMG_9624-225x300.jpeg 225w, https:\/\/www.montendre.se\/wp-content\/uploads\/2021\/05\/IMG_9624-768x1024.jpeg 768w, https:\/\/www.montendre.se\/wp-content\/uploads\/2021\/05\/IMG_9624-700x933.jpeg 700w, https:\/\/www.montendre.se\/wp-content\/uploads\/2021\/05\/IMG_9624.jpeg 960w\" sizes=\"(max-width: 225px) 100vw, 225px\" \/><\/a><\/p>\n<p>N\u00e5gra nejlikor som vi k\u00f6pte sist och satte i rabatten.<a href=\"https:\/\/www.montendre.se\/wp-content\/uploads\/2021\/05\/IMG_9625.jpeg\"><br \/>\n<img loading=\"lazy\" decoding=\"async\" class=\"aligncenter size-medium wp-image-4519\" src=\"https:\/\/www.montendre.se\/wp-content\/uploads\/2021\/05\/IMG_9625-225x300.jpeg\" alt=\"\" width=\"225\" height=\"300\" srcset=\"https:\/\/www.montendre.se\/wp-content\/uploads\/2021\/05\/IMG_9625-225x300.jpeg 225w, https:\/\/www.montendre.se\/wp-content\/uploads\/2021\/05\/IMG_9625-768x1024.jpeg 768w, https:\/\/www.montendre.se\/wp-content\/uploads\/2021\/05\/IMG_9625-700x933.jpeg 700w, https:\/\/www.montendre.se\/wp-content\/uploads\/2021\/05\/IMG_9625.jpeg 960w\" sizes=\"(max-width: 225px) 100vw, 225px\" \/><\/a><a href=\"https:\/\/www.montendre.se\/wp-content\/uploads\/2021\/05\/IMG_9626.jpeg\"><img loading=\"lazy\" decoding=\"async\" class=\"aligncenter size-medium wp-image-4520\" src=\"https:\/\/www.montendre.se\/wp-content\/uploads\/2021\/05\/IMG_9626-225x300.jpeg\" alt=\"\" width=\"225\" height=\"300\" srcset=\"https:\/\/www.montendre.se\/wp-content\/uploads\/2021\/05\/IMG_9626-225x300.jpeg 225w, https:\/\/www.montendre.se\/wp-content\/uploads\/2021\/05\/IMG_9626-768x1024.jpeg 768w, https:\/\/www.montendre.se\/wp-content\/uploads\/2021\/05\/IMG_9626-700x933.jpeg 700w, https:\/\/www.montendre.se\/wp-content\/uploads\/2021\/05\/IMG_9626.jpeg 960w\" sizes=\"(max-width: 225px) 100vw, 225px\" \/><\/a>Fr\u00f6satt &#8221;Madeiras stolthet&#8221; som blommar lite grand.<\/p>\n<p><a href=\"https:\/\/www.montendre.se\/wp-content\/uploads\/2021\/05\/IMG_9627.jpeg\"><img loading=\"lazy\" decoding=\"async\" class=\"aligncenter size-medium wp-image-4521\" src=\"https:\/\/www.montendre.se\/wp-content\/uploads\/2021\/05\/IMG_9627-225x300.jpeg\" alt=\"\" width=\"225\" height=\"300\" srcset=\"https:\/\/www.montendre.se\/wp-content\/uploads\/2021\/05\/IMG_9627-225x300.jpeg 225w, https:\/\/www.montendre.se\/wp-content\/uploads\/2021\/05\/IMG_9627-768x1024.jpeg 768w, https:\/\/www.montendre.se\/wp-content\/uploads\/2021\/05\/IMG_9627-700x933.jpeg 700w, https:\/\/www.montendre.se\/wp-content\/uploads\/2021\/05\/IMG_9627.jpeg 960w\" sizes=\"(max-width: 225px) 100vw, 225px\" \/><\/a>En gren p\u00e5 ett gammalt plommontr\u00e4d har kn\u00e4ckts.<\/p>\n<p><a href=\"https:\/\/www.montendre.se\/wp-content\/uploads\/2021\/05\/IMG_9633.jpeg\"><img loading=\"lazy\" decoding=\"async\" class=\"aligncenter size-medium wp-image-4522\" src=\"https:\/\/www.montendre.se\/wp-content\/uploads\/2021\/05\/IMG_9633-225x300.jpeg\" alt=\"\" width=\"225\" height=\"300\" srcset=\"https:\/\/www.montendre.se\/wp-content\/uploads\/2021\/05\/IMG_9633-225x300.jpeg 225w, https:\/\/www.montendre.se\/wp-content\/uploads\/2021\/05\/IMG_9633-768x1024.jpeg 768w, https:\/\/www.montendre.se\/wp-content\/uploads\/2021\/05\/IMG_9633-700x933.jpeg 700w, https:\/\/www.montendre.se\/wp-content\/uploads\/2021\/05\/IMG_9633.jpeg 960w\" sizes=\"(max-width: 225px) 100vw, 225px\" \/><\/a>Mirabelleplommon v\u00e4xer p\u00e5 bra.<\/p>\n<p><a href=\"https:\/\/www.montendre.se\/wp-content\/uploads\/2021\/05\/IMG_9642.jpeg\"><img loading=\"lazy\" decoding=\"async\" class=\"aligncenter size-medium wp-image-4523\" src=\"https:\/\/www.montendre.se\/wp-content\/uploads\/2021\/05\/IMG_9642-225x300.jpeg\" alt=\"\" width=\"225\" height=\"300\" srcset=\"https:\/\/www.montendre.se\/wp-content\/uploads\/2021\/05\/IMG_9642-225x300.jpeg 225w, https:\/\/www.montendre.se\/wp-content\/uploads\/2021\/05\/IMG_9642-768x1024.jpeg 768w, https:\/\/www.montendre.se\/wp-content\/uploads\/2021\/05\/IMG_9642-700x933.jpeg 700w, https:\/\/www.montendre.se\/wp-content\/uploads\/2021\/05\/IMG_9642.jpeg 960w\" sizes=\"(max-width: 225px) 100vw, 225px\" \/><\/a><\/p>\n<p>Och k\u00f6rsb\u00e4rstr\u00e4det som vi satte f\u00f6r r\u00e4tt l\u00e4nge sedan ser fint ut.<\/p>\n<p><a href=\"https:\/\/www.montendre.se\/wp-content\/uploads\/2021\/05\/IMG_9643.jpeg\"><img loading=\"lazy\" decoding=\"async\" class=\"aligncenter size-medium wp-image-4524\" src=\"https:\/\/www.montendre.se\/wp-content\/uploads\/2021\/05\/IMG_9643-225x300.jpeg\" alt=\"\" width=\"225\" height=\"300\" srcset=\"https:\/\/www.montendre.se\/wp-content\/uploads\/2021\/05\/IMG_9643-225x300.jpeg 225w, https:\/\/www.montendre.se\/wp-content\/uploads\/2021\/05\/IMG_9643-768x1024.jpeg 768w, https:\/\/www.montendre.se\/wp-content\/uploads\/2021\/05\/IMG_9643-700x933.jpeg 700w, https:\/\/www.montendre.se\/wp-content\/uploads\/2021\/05\/IMG_9643.jpeg 960w\" sizes=\"(max-width: 225px) 100vw, 225px\" \/><\/a>Och p\u00e4rontr\u00e4det ser r\u00e4tt bra ut ocks\u00e5. Betydligt yngre dock.<\/p>\n<p><a href=\"https:\/\/www.montendre.se\/wp-content\/uploads\/2021\/05\/IMG_9645.jpeg\"><img loading=\"lazy\" decoding=\"async\" class=\"aligncenter size-medium wp-image-4525\" src=\"https:\/\/www.montendre.se\/wp-content\/uploads\/2021\/05\/IMG_9645-225x300.jpeg\" alt=\"\" width=\"225\" height=\"300\" srcset=\"https:\/\/www.montendre.se\/wp-content\/uploads\/2021\/05\/IMG_9645-225x300.jpeg 225w, https:\/\/www.montendre.se\/wp-content\/uploads\/2021\/05\/IMG_9645-768x1024.jpeg 768w, https:\/\/www.montendre.se\/wp-content\/uploads\/2021\/05\/IMG_9645-700x933.jpeg 700w, https:\/\/www.montendre.se\/wp-content\/uploads\/2021\/05\/IMG_9645.jpeg 960w\" sizes=\"(max-width: 225px) 100vw, 225px\" \/><\/a><\/p>\n<p>Aprikostr\u00e4det har d\u00e4remot d\u00f6tt under vintern.<\/p>\n<p>Valn\u00f6tstr\u00e4det har kommit ig\u00e5ng ordentligt nu verkar det som. M\u00e5nga nya skott.<\/p>\n<p><a href=\"https:\/\/www.montendre.se\/wp-content\/uploads\/2021\/05\/IMG_9644.jpeg\"><img loading=\"lazy\" decoding=\"async\" class=\"aligncenter size-medium wp-image-4526\" src=\"https:\/\/www.montendre.se\/wp-content\/uploads\/2021\/05\/IMG_9644-225x300.jpeg\" alt=\"\" width=\"225\" height=\"300\" srcset=\"https:\/\/www.montendre.se\/wp-content\/uploads\/2021\/05\/IMG_9644-225x300.jpeg 225w, https:\/\/www.montendre.se\/wp-content\/uploads\/2021\/05\/IMG_9644-768x1024.jpeg 768w, https:\/\/www.montendre.se\/wp-content\/uploads\/2021\/05\/IMG_9644-700x933.jpeg 700w, https:\/\/www.montendre.se\/wp-content\/uploads\/2021\/05\/IMG_9644.jpeg 960w\" sizes=\"(max-width: 225px) 100vw, 225px\" \/><\/a><\/p>\n<p>Och en av de vinrankor som vi planterat verkar till slut ge lite druvor.<\/p>\n<p><a href=\"https:\/\/www.montendre.se\/wp-content\/uploads\/2021\/05\/IMG_9646.jpeg\"><img loading=\"lazy\" decoding=\"async\" class=\"aligncenter size-medium wp-image-4527\" src=\"https:\/\/www.montendre.se\/wp-content\/uploads\/2021\/05\/IMG_9646-300x225.jpeg\" alt=\"\" width=\"300\" height=\"225\" srcset=\"https:\/\/www.montendre.se\/wp-content\/uploads\/2021\/05\/IMG_9646-300x225.jpeg 300w, https:\/\/www.montendre.se\/wp-content\/uploads\/2021\/05\/IMG_9646-1024x768.jpeg 1024w, https:\/\/www.montendre.se\/wp-content\/uploads\/2021\/05\/IMG_9646-768x576.jpeg 768w, https:\/\/www.montendre.se\/wp-content\/uploads\/2021\/05\/IMG_9646-268x200.jpeg 268w, https:\/\/www.montendre.se\/wp-content\/uploads\/2021\/05\/IMG_9646-700x525.jpeg 700w, https:\/\/www.montendre.se\/wp-content\/uploads\/2021\/05\/IMG_9646.jpeg 1280w\" sizes=\"(max-width: 300px) 100vw, 300px\" \/><\/a>Satte upp h\u00f6nsn\u00e4t runt pallkragen f\u00f6r h\u00f6nsen har ju spr\u00e4tt runt som galningar d\u00e4r. Och planterade lite fingerborgsblomma, alpakleja och pampasgr\u00e4s som vi tog med fr\u00e5n Sverige.<\/p>\n<p><a href=\"https:\/\/www.montendre.se\/wp-content\/uploads\/2021\/05\/IMG_9647.jpeg\"><img loading=\"lazy\" decoding=\"async\" class=\"aligncenter size-medium wp-image-4528\" src=\"https:\/\/www.montendre.se\/wp-content\/uploads\/2021\/05\/IMG_9647-300x225.jpeg\" alt=\"\" width=\"300\" height=\"225\" srcset=\"https:\/\/www.montendre.se\/wp-content\/uploads\/2021\/05\/IMG_9647-300x225.jpeg 300w, https:\/\/www.montendre.se\/wp-content\/uploads\/2021\/05\/IMG_9647-1024x768.jpeg 1024w, https:\/\/www.montendre.se\/wp-content\/uploads\/2021\/05\/IMG_9647-768x576.jpeg 768w, https:\/\/www.montendre.se\/wp-content\/uploads\/2021\/05\/IMG_9647-268x200.jpeg 268w, https:\/\/www.montendre.se\/wp-content\/uploads\/2021\/05\/IMG_9647-700x525.jpeg 700w, https:\/\/www.montendre.se\/wp-content\/uploads\/2021\/05\/IMG_9647.jpeg 1280w\" sizes=\"(max-width: 300px) 100vw, 300px\" \/><\/a><a href=\"https:\/\/www.montendre.se\/wp-content\/uploads\/2021\/05\/IMG_9648.jpeg\"><img loading=\"lazy\" decoding=\"async\" class=\"aligncenter size-medium wp-image-4529\" src=\"https:\/\/www.montendre.se\/wp-content\/uploads\/2021\/05\/IMG_9648-300x225.jpeg\" alt=\"\" width=\"300\" height=\"225\" srcset=\"https:\/\/www.montendre.se\/wp-content\/uploads\/2021\/05\/IMG_9648-300x225.jpeg 300w, https:\/\/www.montendre.se\/wp-content\/uploads\/2021\/05\/IMG_9648-1024x768.jpeg 1024w, https:\/\/www.montendre.se\/wp-content\/uploads\/2021\/05\/IMG_9648-768x576.jpeg 768w, https:\/\/www.montendre.se\/wp-content\/uploads\/2021\/05\/IMG_9648-268x200.jpeg 268w, https:\/\/www.montendre.se\/wp-content\/uploads\/2021\/05\/IMG_9648-700x525.jpeg 700w, https:\/\/www.montendre.se\/wp-content\/uploads\/2021\/05\/IMG_9648.jpeg 1280w\" sizes=\"(max-width: 300px) 100vw, 300px\" \/><\/a><\/p>\n<p>S\u00e5 har en tupp (f\u00f6rmodligen) slagit sig till ro i v\u00e5r tr\u00e4dg\u00e5rd. \u00c4r hos oss hela dagarna.<\/p>\n<p><a href=\"https:\/\/www.montendre.se\/wp-content\/uploads\/2021\/05\/IMG_9635.jpeg\"><img loading=\"lazy\" decoding=\"async\" class=\"aligncenter size-medium wp-image-4530\" src=\"https:\/\/www.montendre.se\/wp-content\/uploads\/2021\/05\/IMG_9635-225x300.jpeg\" alt=\"\" width=\"225\" height=\"300\" srcset=\"https:\/\/www.montendre.se\/wp-content\/uploads\/2021\/05\/IMG_9635-225x300.jpeg 225w, https:\/\/www.montendre.se\/wp-content\/uploads\/2021\/05\/IMG_9635-768x1024.jpeg 768w, https:\/\/www.montendre.se\/wp-content\/uploads\/2021\/05\/IMG_9635-700x933.jpeg 700w, https:\/\/www.montendre.se\/wp-content\/uploads\/2021\/05\/IMG_9635.jpeg 960w\" sizes=\"(max-width: 225px) 100vw, 225px\" \/><\/a>L putsade lite f\u00f6nster och st\u00e4dade lite p\u00e5 &#8221;balkongen&#8221;.<\/p>\n<p>Ostron och dourade till middag.<\/p>\n","protected":false},"excerpt":{"rendered":"<p>Halvrisigt v\u00e4der med en hel del regn. Sol bara tidigt p\u00e5 morgon och p\u00e5 kv\u00e4llen, 14 grader. I tr\u00e4dg\u00e5rden \u00e4r det r\u00e4tt frodigt eftersom det regnat r\u00e4tt mycket senaste veckan efter en l\u00e5ng torrperiod. St\u00e4ppsalvia som vi k\u00f6pte f\u00f6rra \u00e5ret. N\u00e5gra nejlikor som vi k\u00f6pte sist och satte i rabatten. &#8230;<\/p>\n","protected":false},"author":1,"featured_media":0,"comment_status":"open","ping_status":"open","sticky":false,"template":"","format":"standard","meta":{"jetpack_post_was_ever_published":false,"_jetpack_newsletter_access":"","_jetpack_dont_email_post_to_subs":false,"_jetpack_newsletter_tier_id":0,"footnotes":""},"categories":[69],"tags":[],"jetpack_sharing_enabled":true,"jetpack_featured_media_url":"","_links":{"self":[{"href":"https:\/\/www.montendre.se\/index.php?rest_route=\/wp\/v2\/posts\/4517"}],"collection":[{"href":"https:\/\/www.montendre.se\/index.php?rest_route=\/wp\/v2\/posts"}],"about":[{"href":"https:\/\/www.montendre.se\/index.php?rest_route=\/wp\/v2\/types\/post"}],"author":[{"embeddable":true,"href":"https:\/\/www.montendre.se\/index.php?rest_route=\/wp\/v2\/users\/1"}],"replies":[{"embeddable":true,"href":"https:\/\/www.montendre.se\/index.php?rest_route=%2Fwp%2Fv2%2Fcomments&post=4517"}],"version-history":[{"count":1,"href":"https:\/\/www.montendre.se\/index.php?rest_route=\/wp\/v2\/posts\/4517\/revisions"}],"predecessor-version":[{"id":4531,"href":"https:\/\/www.montendre.se\/index.php?rest_route=\/wp\/v2\/posts\/4517\/revisions\/4531"}],"wp:attachment":[{"href":"https:\/\/www.montendre.se\/index.php?rest_route=%2Fwp%2Fv2%2Fmedia&parent=4517"}],"wp:term":[{"taxonomy":"category","embeddable":true,"href":"https:\/\/www.montendre.se\/index.php?rest_route=%2Fwp%2Fv2%2Fcategories&post=4517"},{"taxonomy":"post_tag","embeddable":true,"href":"https:\/\/www.montendre.se\/index.php?rest_route=%2Fwp%2Fv2%2Ftags&post=4517"}],"curies":[{"name":"wp","href":"https:\/\/api.w.org\/{rel}","templated":true}]}}