{"id":4492,"date":"2021-04-11T10:10:58","date_gmt":"2021-04-11T08:10:58","guid":{"rendered":"https:\/\/www.montendre.se\/?p=4492"},"modified":"2021-04-11T10:10:58","modified_gmt":"2021-04-11T08:10:58","slug":"10-april-2021","status":"publish","type":"post","link":"https:\/\/www.montendre.se\/?p=4492","title":{"rendered":"10 april 2021"},"content":{"rendered":"<p>Mest molnigt men lite solglimtar, 20 grader.<\/p>\n<p>Tog bort all murgr\u00f6na p\u00e5 h\u00f6nshuset.<a href=\"https:\/\/www.montendre.se\/wp-content\/uploads\/2021\/04\/IMG_9599.jpeg\"><img loading=\"lazy\" decoding=\"async\" class=\"aligncenter size-medium wp-image-4493\" src=\"https:\/\/www.montendre.se\/wp-content\/uploads\/2021\/04\/IMG_9599-300x225.jpeg\" alt=\"\" width=\"300\" height=\"225\" srcset=\"https:\/\/www.montendre.se\/wp-content\/uploads\/2021\/04\/IMG_9599-300x225.jpeg 300w, https:\/\/www.montendre.se\/wp-content\/uploads\/2021\/04\/IMG_9599-1024x768.jpeg 1024w, https:\/\/www.montendre.se\/wp-content\/uploads\/2021\/04\/IMG_9599-768x576.jpeg 768w, https:\/\/www.montendre.se\/wp-content\/uploads\/2021\/04\/IMG_9599-268x200.jpeg 268w, https:\/\/www.montendre.se\/wp-content\/uploads\/2021\/04\/IMG_9599-700x525.jpeg 700w, https:\/\/www.montendre.se\/wp-content\/uploads\/2021\/04\/IMG_9599.jpeg 1280w\" sizes=\"(max-width: 300px) 100vw, 300px\" \/><\/a>Planterade n\u00e5gra nejlikor.<\/p>\n<p><a href=\"https:\/\/www.montendre.se\/wp-content\/uploads\/2021\/04\/IMG_9602.jpeg\"><img loading=\"lazy\" decoding=\"async\" class=\"aligncenter size-medium wp-image-4495\" src=\"https:\/\/www.montendre.se\/wp-content\/uploads\/2021\/04\/IMG_9602-300x225.jpeg\" alt=\"\" width=\"300\" height=\"225\" srcset=\"https:\/\/www.montendre.se\/wp-content\/uploads\/2021\/04\/IMG_9602-300x225.jpeg 300w, https:\/\/www.montendre.se\/wp-content\/uploads\/2021\/04\/IMG_9602-1024x768.jpeg 1024w, https:\/\/www.montendre.se\/wp-content\/uploads\/2021\/04\/IMG_9602-768x576.jpeg 768w, https:\/\/www.montendre.se\/wp-content\/uploads\/2021\/04\/IMG_9602-268x200.jpeg 268w, https:\/\/www.montendre.se\/wp-content\/uploads\/2021\/04\/IMG_9602-700x525.jpeg 700w, https:\/\/www.montendre.se\/wp-content\/uploads\/2021\/04\/IMG_9602.jpeg 1280w\" sizes=\"(max-width: 300px) 100vw, 300px\" \/><\/a>Kron\u00e4rtsskockor till f\u00f6rr\u00e4tt och sedan pasta med &#8221;petoncler&#8221;, en slags mussla.<\/p>\n","protected":false},"excerpt":{"rendered":"<p>Mest molnigt men lite solglimtar, 20 grader. Tog bort all murgr\u00f6na p\u00e5 h\u00f6nshuset.Planterade n\u00e5gra nejlikor. Kron\u00e4rtsskockor till f\u00f6rr\u00e4tt och sedan pasta med &#8221;petoncler&#8221;, en slags mussla.<\/p>\n","protected":false},"author":1,"featured_media":0,"comment_status":"open","ping_status":"open","sticky":false,"template":"","format":"standard","meta":{"jetpack_post_was_ever_published":false,"_jetpack_newsletter_access":"","_jetpack_dont_email_post_to_subs":false,"_jetpack_newsletter_tier_id":0,"footnotes":""},"categories":[68],"tags":[],"jetpack_sharing_enabled":true,"jetpack_featured_media_url":"","_links":{"self":[{"href":"https:\/\/www.montendre.se\/index.php?rest_route=\/wp\/v2\/posts\/4492"}],"collection":[{"href":"https:\/\/www.montendre.se\/index.php?rest_route=\/wp\/v2\/posts"}],"about":[{"href":"https:\/\/www.montendre.se\/index.php?rest_route=\/wp\/v2\/types\/post"}],"author":[{"embeddable":true,"href":"https:\/\/www.montendre.se\/index.php?rest_route=\/wp\/v2\/users\/1"}],"replies":[{"embeddable":true,"href":"https:\/\/www.montendre.se\/index.php?rest_route=%2Fwp%2Fv2%2Fcomments&post=4492"}],"version-history":[{"count":2,"href":"https:\/\/www.montendre.se\/index.php?rest_route=\/wp\/v2\/posts\/4492\/revisions"}],"predecessor-version":[{"id":4496,"href":"https:\/\/www.montendre.se\/index.php?rest_route=\/wp\/v2\/posts\/4492\/revisions\/4496"}],"wp:attachment":[{"href":"https:\/\/www.montendre.se\/index.php?rest_route=%2Fwp%2Fv2%2Fmedia&parent=4492"}],"wp:term":[{"taxonomy":"category","embeddable":true,"href":"https:\/\/www.montendre.se\/index.php?rest_route=%2Fwp%2Fv2%2Fcategories&post=4492"},{"taxonomy":"post_tag","embeddable":true,"href":"https:\/\/www.montendre.se\/index.php?rest_route=%2Fwp%2Fv2%2Ftags&post=4492"}],"curies":[{"name":"wp","href":"https:\/\/api.w.org\/{rel}","templated":true}]}}