{"id":448,"date":"2013-06-26T10:04:58","date_gmt":"2013-06-26T08:04:58","guid":{"rendered":"http:\/\/www.montendre.se\/?p=448"},"modified":"2013-07-17T14:51:34","modified_gmt":"2013-07-17T12:51:34","slug":"25-juni-2013","status":"publish","type":"post","link":"https:\/\/www.montendre.se\/?p=448","title":{"rendered":"25 juni 2013"},"content":{"rendered":"<p>Sol och varmt (max 25 grader) i princip hela dagen.<\/p>\n<p>Jag och Thomas fixade lite till med f\u00f6nsterluckorna. Fortfarande inte klara. M\u00e5lar metalldelarna vilket tar lite tid. Det var nog bra att fixa i ordning luckorna nu. S\u00e5 h\u00e4r s\u00e5g m\u00e5nga av bultarna ut.<\/p>\n<p><a href=\"http:\/\/www.montendre.se\/wp-content\/uploads\/2013\/06\/IMG_2618.jpg\"><img loading=\"lazy\" decoding=\"async\" class=\"aligncenter size-medium wp-image-449\" title=\"IMG_2618\" src=\"http:\/\/www.montendre.se\/wp-content\/uploads\/2013\/06\/IMG_2618-225x300.jpg\" alt=\"\" width=\"225\" height=\"300\" srcset=\"https:\/\/www.montendre.se\/wp-content\/uploads\/2013\/06\/IMG_2618-225x300.jpg 225w, https:\/\/www.montendre.se\/wp-content\/uploads\/2013\/06\/IMG_2618-768x1024.jpg 768w, https:\/\/www.montendre.se\/wp-content\/uploads\/2013\/06\/IMG_2618-700x933.jpg 700w\" sizes=\"(max-width: 225px) 100vw, 225px\" \/><\/a><\/p>\n<p>Helt s\u00f6nderrostade.<\/p>\n<p>S\u00e5 h\u00e4r ser det ut n\u00e4r ytterligare tv\u00e5 tujatr\u00e4d \u00e4r neds\u00e5gade.<\/p>\n<p><a href=\"http:\/\/www.montendre.se\/wp-content\/uploads\/2013\/06\/IMG_2619.jpg\"><img loading=\"lazy\" decoding=\"async\" class=\"aligncenter size-medium wp-image-450\" title=\"IMG_2619\" src=\"http:\/\/www.montendre.se\/wp-content\/uploads\/2013\/06\/IMG_2619-300x225.jpg\" alt=\"\" width=\"300\" height=\"225\" srcset=\"https:\/\/www.montendre.se\/wp-content\/uploads\/2013\/06\/IMG_2619-300x225.jpg 300w, https:\/\/www.montendre.se\/wp-content\/uploads\/2013\/06\/IMG_2619-1024x768.jpg 1024w, https:\/\/www.montendre.se\/wp-content\/uploads\/2013\/06\/IMG_2619-268x200.jpg 268w, https:\/\/www.montendre.se\/wp-content\/uploads\/2013\/06\/IMG_2619-700x525.jpg 700w\" sizes=\"(max-width: 300px) 100vw, 300px\" \/><\/a><\/p>\n<p>Jag fortsatte klippa tujah\u00e4cken. Ska f\u00e5 ner den till en hanterlig niv\u00e5 hoppas jag. L rensade i tr\u00e4dg\u00e5rden.<\/p>\n","protected":false},"excerpt":{"rendered":"<p>Sol och varmt (max 25 grader) i princip hela dagen. Jag och Thomas fixade lite till med f\u00f6nsterluckorna. Fortfarande inte klara. M\u00e5lar metalldelarna vilket tar lite tid. Det var nog bra att fixa i ordning luckorna nu. S\u00e5 h\u00e4r s\u00e5g m\u00e5nga av bultarna ut. Helt s\u00f6nderrostade. S\u00e5 h\u00e4r ser det &#8230;<\/p>\n","protected":false},"author":1,"featured_media":0,"comment_status":"open","ping_status":"open","sticky":false,"template":"","format":"standard","meta":{"jetpack_post_was_ever_published":false,"_jetpack_newsletter_access":"","_jetpack_dont_email_post_to_subs":false,"_jetpack_newsletter_tier_id":0,"footnotes":""},"categories":[5],"tags":[],"jetpack_sharing_enabled":true,"jetpack_featured_media_url":"","_links":{"self":[{"href":"https:\/\/www.montendre.se\/index.php?rest_route=\/wp\/v2\/posts\/448"}],"collection":[{"href":"https:\/\/www.montendre.se\/index.php?rest_route=\/wp\/v2\/posts"}],"about":[{"href":"https:\/\/www.montendre.se\/index.php?rest_route=\/wp\/v2\/types\/post"}],"author":[{"embeddable":true,"href":"https:\/\/www.montendre.se\/index.php?rest_route=\/wp\/v2\/users\/1"}],"replies":[{"embeddable":true,"href":"https:\/\/www.montendre.se\/index.php?rest_route=%2Fwp%2Fv2%2Fcomments&post=448"}],"version-history":[{"count":4,"href":"https:\/\/www.montendre.se\/index.php?rest_route=\/wp\/v2\/posts\/448\/revisions"}],"predecessor-version":[{"id":591,"href":"https:\/\/www.montendre.se\/index.php?rest_route=\/wp\/v2\/posts\/448\/revisions\/591"}],"wp:attachment":[{"href":"https:\/\/www.montendre.se\/index.php?rest_route=%2Fwp%2Fv2%2Fmedia&parent=448"}],"wp:term":[{"taxonomy":"category","embeddable":true,"href":"https:\/\/www.montendre.se\/index.php?rest_route=%2Fwp%2Fv2%2Fcategories&post=448"},{"taxonomy":"post_tag","embeddable":true,"href":"https:\/\/www.montendre.se\/index.php?rest_route=%2Fwp%2Fv2%2Ftags&post=448"}],"curies":[{"name":"wp","href":"https:\/\/api.w.org\/{rel}","templated":true}]}}